{"id":653262,"date":"2023-11-05T11:32:24","date_gmt":"2023-11-05T07:32:24","guid":{"rendered":"https:\/\/arantv.az\/?p=653262"},"modified":"2023-11-05T11:32:24","modified_gmt":"2023-11-05T07:32:24","slug":"anar-bagirov-ilk-d%c9%99f%c9%99-naxcivan-mr-in-v%c9%99kill%c9%99r-kollegiyasina-q%c9%99bul-keciririk","status":"publish","type":"post","link":"https:\/\/arantv.az\/?p=653262","title":{"rendered":"Anar Ba\u011f\u0131rov: \u201c\u0130lk d\u0259f\u0259 Nax\u00e7\u0131van MR-in V\u0259kill\u0259r Kollegiyas\u0131na q\u0259bul ke\u00e7iririk\u201d"},"content":{"rendered":"<p>\u201c\u0130lk d\u0259f\u0259 olaraq Nax\u00e7\u0131van Muxtar Respublikas\u0131n\u0131n V\u0259kill\u0259r Kollegiyas\u0131na q\u0259bul ke\u00e7irilir. Bu da namiz\u0259dl\u0259rin 17 faizini t\u0259\u015fkil edir\u201d.<\/p>\n<p>\u201cReport\u201d\u00a0x\u0259b\u0259r verir ki, bu s\u00f6zl\u0259ri V\u0259kill\u0259r Kollegiyas\u0131n\u0131n s\u0259dri Anar Ba\u011f\u0131rov D\u00f6vl\u0259t \u0130mtahan M\u0259rk\u0259zind\u0259 V\u0259kill\u0259r Kollegiyas\u0131n\u0131n \u00fczvl\u00fcy\u00fcn\u0259 namiz\u0259dl\u0259rin n\u00f6vb\u0259ti se\u00e7im prosesind\u0259 deyib.<\/p>\n<div id=\"22889818619\"><\/div>\n<p>\u201c\u00dcmid edirik ki, imtahandan u\u011furla ke\u00e7\u0259n namiz\u0259dl\u0259r Nax\u00e7\u0131vanda f\u0259aliyy\u0259tl\u0259rini davam etdir\u0259c\u0259k v\u0259 bel\u0259likl\u0259, muxtar respublikada olan v\u0259kil azl\u0131\u011f\u0131 aradan qalxacaq. G\u0259l\u0259c\u0259kd\u0259 d\u0259 bu imtahan m\u00fcnt\u0259z\u0259m ke\u00e7iril\u0259c\u0259k. H\u0259m Bak\u0131da, h\u0259m d\u0259 regionda ya\u015fayan v\u0259kill\u0259ri bu imtahanlarda i\u015ftirak etm\u0259y\u0259 d\u0259v\u0259t edirik\u201d &#8211; dey\u0259, o bildirib.<\/p>\n","protected":false},"excerpt":{"rendered":"<p>\u201c\u0130lk d\u0259f\u0259 olaraq Nax\u00e7\u0131van Muxtar Respublikas\u0131n\u0131n V\u0259kill\u0259r Kollegiyas\u0131na q\u0259bul ke\u00e7irilir. Bu da namiz\u0259dl\u0259rin 17 faizini t\u0259\u015fkil edir\u201d. \u201cReport\u201d\u00a0x\u0259b\u0259r verir ki, bu s\u00f6zl\u0259ri V\u0259kill\u0259r Kollegiyas\u0131n\u0131n s\u0259dri Anar Ba\u011f\u0131rov D\u00f6vl\u0259t \u0130mtahan M\u0259rk\u0259zind\u0259 V\u0259kill\u0259r Kollegiyas\u0131n\u0131n \u00fczvl\u00fcy\u00fcn\u0259 namiz\u0259dl\u0259rin n\u00f6vb\u0259ti se\u00e7im prosesind\u0259 deyib. \u201c\u00dcmid edirik ki, imtahandan u\u011furla ke\u00e7\u0259n namiz\u0259dl\u0259r Nax\u00e7\u0131vanda f\u0259aliyy\u0259tl\u0259rini davam etdir\u0259c\u0259k v\u0259 bel\u0259likl\u0259, muxtar respublikada olan v\u0259kil azl\u0131\u011f\u0131 aradan qalxacaq. G\u0259l\u0259c\u0259kd\u0259 d\u0259 bu imtahan m\u00fcnt\u0259z\u0259m ke\u00e7iril\u0259c\u0259k. H\u0259m Bak\u0131da, h\u0259m d\u0259 regionda ya\u015fayan v\u0259kill\u0259ri bu imtahanlarda i\u015ftirak etm\u0259y\u0259 d\u0259v\u0259t edirik\u201d &#8211; dey\u0259, o bildirib.<\/p>\n","protected":false},"author":2,"featured_media":653266,"comment_status":"closed","ping_status":"closed","sticky":false,"template":"","format":"standard","meta":{"om_disable_all_campaigns":false,"_monsterinsights_skip_tracking":false,"_monsterinsights_sitenote_active":false,"_monsterinsights_sitenote_note":"","_monsterinsights_sitenote_category":0},"categories":[1],"tags":[],"aioseo_notices":[],"gutentor_comment":0,"rttpg_featured_image_url":{"full":["https:\/\/arantv.az\/wp-content\/uploads\/2023\/11\/7ba2cd99-8c9e-3d14-b2e3-8a9e2bc6b663_850.jpg",620,413,false],"landscape":["https:\/\/arantv.az\/wp-content\/uploads\/2023\/11\/7ba2cd99-8c9e-3d14-b2e3-8a9e2bc6b663_850.jpg",620,413,false],"portraits":["https:\/\/arantv.az\/wp-content\/uploads\/2023\/11\/7ba2cd99-8c9e-3d14-b2e3-8a9e2bc6b663_850.jpg",620,413,false],"thumbnail":["https:\/\/arantv.az\/wp-content\/uploads\/2023\/11\/7ba2cd99-8c9e-3d14-b2e3-8a9e2bc6b663_850-500x280.jpg",500,280,true],"medium":["https:\/\/arantv.az\/wp-content\/uploads\/2023\/11\/7ba2cd99-8c9e-3d14-b2e3-8a9e2bc6b663_850-548x365.jpg",548,365,true],"large":["https:\/\/arantv.az\/wp-content\/uploads\/2023\/11\/7ba2cd99-8c9e-3d14-b2e3-8a9e2bc6b663_850.jpg",620,413,false],"1536x1536":["https:\/\/arantv.az\/wp-content\/uploads\/2023\/11\/7ba2cd99-8c9e-3d14-b2e3-8a9e2bc6b663_850.jpg",620,413,false],"2048x2048":["https:\/\/arantv.az\/wp-content\/uploads\/2023\/11\/7ba2cd99-8c9e-3d14-b2e3-8a9e2bc6b663_850.jpg",620,413,false],"post-thumbnail":["https:\/\/arantv.az\/wp-content\/uploads\/2023\/11\/7ba2cd99-8c9e-3d14-b2e3-8a9e2bc6b663_850-240x172.jpg",240,172,true],"advps-thumb-one":["https:\/\/arantv.az\/wp-content\/uploads\/2023\/11\/7ba2cd99-8c9e-3d14-b2e3-8a9e2bc6b663_850.jpg",620,413,false]},"rttpg_author":{"display_name":"V\u00fcsal Rafiqo\u011flu","author_link":"https:\/\/arantv.az\/?author=2"},"rttpg_comment":0,"rttpg_category":"<a href=\"https:\/\/arantv.az\/?cat=1\" rel=\"category\">C\u0259miyy\u0259t<\/a>","rttpg_excerpt":"\u201c\u0130lk d\u0259f\u0259 olaraq Nax\u00e7\u0131van Muxtar Respublikas\u0131n\u0131n V\u0259kill\u0259r Kollegiyas\u0131na q\u0259bul ke\u00e7irilir. Bu da namiz\u0259dl\u0259rin 17 faizini t\u0259\u015fkil edir\u201d. \u201cReport\u201d\u00a0x\u0259b\u0259r verir ki, bu s\u00f6zl\u0259ri V\u0259kill\u0259r Kollegiyas\u0131n\u0131n s\u0259dri Anar Ba\u011f\u0131rov D\u00f6vl\u0259t \u0130mtahan M\u0259rk\u0259zind\u0259 V\u0259kill\u0259r Kollegiyas\u0131n\u0131n \u00fczvl\u00fcy\u00fcn\u0259 namiz\u0259dl\u0259rin n\u00f6vb\u0259ti se\u00e7im prosesind\u0259 deyib. \u201c\u00dcmid edirik ki, imtahandan u\u011furla ke\u00e7\u0259n namiz\u0259dl\u0259r Nax\u00e7\u0131vanda f\u0259aliyy\u0259tl\u0259rini davam etdir\u0259c\u0259k v\u0259 bel\u0259likl\u0259, muxtar respublikada olan v\u0259kil&hellip;","_links":{"self":[{"href":"https:\/\/arantv.az\/index.php?rest_route=\/wp\/v2\/posts\/653262"}],"collection":[{"href":"https:\/\/arantv.az\/index.php?rest_route=\/wp\/v2\/posts"}],"about":[{"href":"https:\/\/arantv.az\/index.php?rest_route=\/wp\/v2\/types\/post"}],"author":[{"embeddable":true,"href":"https:\/\/arantv.az\/index.php?rest_route=\/wp\/v2\/users\/2"}],"replies":[{"embeddable":true,"href":"https:\/\/arantv.az\/index.php?rest_route=%2Fwp%2Fv2%2Fcomments&post=653262"}],"version-history":[{"count":0,"href":"https:\/\/arantv.az\/index.php?rest_route=\/wp\/v2\/posts\/653262\/revisions"}],"wp:featuredmedia":[{"embeddable":true,"href":"https:\/\/arantv.az\/index.php?rest_route=\/wp\/v2\/media\/653266"}],"wp:attachment":[{"href":"https:\/\/arantv.az\/index.php?rest_route=%2Fwp%2Fv2%2Fmedia&parent=653262"}],"wp:term":[{"taxonomy":"category","embeddable":true,"href":"https:\/\/arantv.az\/index.php?rest_route=%2Fwp%2Fv2%2Fcategories&post=653262"},{"taxonomy":"post_tag","embeddable":true,"href":"https:\/\/arantv.az\/index.php?rest_route=%2Fwp%2Fv2%2Ftags&post=653262"}],"curies":[{"name":"wp","href":"https:\/\/api.w.org\/{rel}","templated":true}]}}