{"id":653263,"date":"2023-11-05T11:31:51","date_gmt":"2023-11-05T07:31:51","guid":{"rendered":"https:\/\/arantv.az\/?p=653263"},"modified":"2023-11-05T11:31:51","modified_gmt":"2023-11-05T07:31:51","slug":"bakinin-fotoaparatla-c%c9%99kilmis-ilk-fotosu","status":"publish","type":"post","link":"https:\/\/arantv.az\/?p=653263","title":{"rendered":"Bak\u0131n\u0131n fotoaparatla \u00e7\u0259kilmi\u015f ilk FOTOSU"},"content":{"rendered":"<p>Bak\u0131n\u0131n fotoaparatla \u00e7\u0259kilmi\u015f ilk fotosu yay\u0131l\u0131b.<\/p>\n<p>Lent.az\u00a0x\u0259b\u0259r verir ki, fotonu tarix\u00e7i \u015e\u0259hla Cabbarova payla\u015f\u0131b.<\/p>\n<p>Qeyd olunur ki, foto 1861-ci ild\u0259 lent\u0259 al\u0131n\u0131b.<\/p>\n<p>&nbsp;<\/p>\n<div class=\"gallery\">\n<div class=\"gallery-i\"><img src=\"https:\/\/cdn.oxu.az\/uploads\/W1siZiIsIjIwMjMvMTEvMDUvMDkvNTkvMzgvNWEwOTNjZDAtYzNjMS00ZTJlLTlmZWYtNDBlNDM4YTFlNDllL0Jha3UuanBnIl0sWyJwIiwiZW5jb2RlIiwianBnIiwiLXF1YWxpdHkgODAiXSxbInAiLCJ0aHVtYiIsIjU5MHg1OTBcdTAwM2UiXV0?sha=00c770099c214ef6\" alt=\"\" \/><\/div>\n<\/div>\n","protected":false},"excerpt":{"rendered":"<p>Bak\u0131n\u0131n fotoaparatla \u00e7\u0259kilmi\u015f ilk fotosu yay\u0131l\u0131b. Lent.az\u00a0x\u0259b\u0259r verir ki, fotonu tarix\u00e7i \u015e\u0259hla Cabbarova payla\u015f\u0131b. Qeyd olunur ki, foto 1861-ci ild\u0259 lent\u0259 al\u0131n\u0131b. &nbsp;<\/p>\n","protected":false},"author":2,"featured_media":653264,"comment_status":"closed","ping_status":"closed","sticky":false,"template":"","format":"standard","meta":{"om_disable_all_campaigns":false,"_monsterinsights_skip_tracking":false,"_monsterinsights_sitenote_active":false,"_monsterinsights_sitenote_note":"","_monsterinsights_sitenote_category":0},"categories":[1],"tags":[],"aioseo_notices":[],"gutentor_comment":0,"rttpg_featured_image_url":{"full":["https:\/\/arantv.az\/wp-content\/uploads\/2023\/11\/Baku.jpg",620,413,false],"landscape":["https:\/\/arantv.az\/wp-content\/uploads\/2023\/11\/Baku.jpg",620,413,false],"portraits":["https:\/\/arantv.az\/wp-content\/uploads\/2023\/11\/Baku.jpg",620,413,false],"thumbnail":["https:\/\/arantv.az\/wp-content\/uploads\/2023\/11\/Baku-500x280.jpg",500,280,true],"medium":["https:\/\/arantv.az\/wp-content\/uploads\/2023\/11\/Baku-548x365.jpg",548,365,true],"large":["https:\/\/arantv.az\/wp-content\/uploads\/2023\/11\/Baku.jpg",620,413,false],"1536x1536":["https:\/\/arantv.az\/wp-content\/uploads\/2023\/11\/Baku.jpg",620,413,false],"2048x2048":["https:\/\/arantv.az\/wp-content\/uploads\/2023\/11\/Baku.jpg",620,413,false],"post-thumbnail":["https:\/\/arantv.az\/wp-content\/uploads\/2023\/11\/Baku-240x172.jpg",240,172,true],"advps-thumb-one":["https:\/\/arantv.az\/wp-content\/uploads\/2023\/11\/Baku.jpg",620,413,false]},"rttpg_author":{"display_name":"V\u00fcsal Rafiqo\u011flu","author_link":"https:\/\/arantv.az\/?author=2"},"rttpg_comment":0,"rttpg_category":"<a href=\"https:\/\/arantv.az\/?cat=1\" rel=\"category\">C\u0259miyy\u0259t<\/a>","rttpg_excerpt":"Bak\u0131n\u0131n fotoaparatla \u00e7\u0259kilmi\u015f ilk fotosu yay\u0131l\u0131b. Lent.az\u00a0x\u0259b\u0259r verir ki, fotonu tarix\u00e7i \u015e\u0259hla Cabbarova payla\u015f\u0131b. Qeyd olunur ki, foto 1861-ci ild\u0259 lent\u0259 al\u0131n\u0131b. &nbsp;","_links":{"self":[{"href":"https:\/\/arantv.az\/index.php?rest_route=\/wp\/v2\/posts\/653263"}],"collection":[{"href":"https:\/\/arantv.az\/index.php?rest_route=\/wp\/v2\/posts"}],"about":[{"href":"https:\/\/arantv.az\/index.php?rest_route=\/wp\/v2\/types\/post"}],"author":[{"embeddable":true,"href":"https:\/\/arantv.az\/index.php?rest_route=\/wp\/v2\/users\/2"}],"replies":[{"embeddable":true,"href":"https:\/\/arantv.az\/index.php?rest_route=%2Fwp%2Fv2%2Fcomments&post=653263"}],"version-history":[{"count":0,"href":"https:\/\/arantv.az\/index.php?rest_route=\/wp\/v2\/posts\/653263\/revisions"}],"wp:featuredmedia":[{"embeddable":true,"href":"https:\/\/arantv.az\/index.php?rest_route=\/wp\/v2\/media\/653264"}],"wp:attachment":[{"href":"https:\/\/arantv.az\/index.php?rest_route=%2Fwp%2Fv2%2Fmedia&parent=653263"}],"wp:term":[{"taxonomy":"category","embeddable":true,"href":"https:\/\/arantv.az\/index.php?rest_route=%2Fwp%2Fv2%2Fcategories&post=653263"},{"taxonomy":"post_tag","embeddable":true,"href":"https:\/\/arantv.az\/index.php?rest_route=%2Fwp%2Fv2%2Ftags&post=653263"}],"curies":[{"name":"wp","href":"https:\/\/api.w.org\/{rel}","templated":true}]}}