{"id":653271,"date":"2023-11-05T12:52:48","date_gmt":"2023-11-05T08:52:48","guid":{"rendered":"https:\/\/arantv.az\/?p=653271"},"modified":"2023-11-05T12:52:48","modified_gmt":"2023-11-05T08:52:48","slug":"nazir-adil-k%c9%99rimli-s%c9%99hid-qardasina-is-verm%c9%99di","status":"publish","type":"post","link":"https:\/\/arantv.az\/?p=653271","title":{"rendered":"Nazir Adil K\u0259rimli \u015f\u0259hid qarda\u015f\u0131na i\u015f verm\u0259di"},"content":{"rendered":"<p>Noyabr\u0131n 3-d\u0259 T\u0259rt\u0259r \u015f\u0259h\u0259r Heyd\u0259r \u018fliyev M\u0259rk\u0259zind\u0259 M\u0259d\u0259niyy\u0259t naziri Adil K\u0259rimlinin v\u0259t\u0259nda\u015flarla ke\u00e7iril\u0259n q\u0259bulunda \u015f\u0259hid qarda\u015f\u0131 Musa Muradl\u0131 da i\u015ftirak edib.<\/p>\n<p>&nbsp;<\/p>\n<p>\u015e\u0259hid anas\u0131 \u018fsli Muradova il\u0259 q\u0259bula g\u0259l\u0259n Musa Muradl\u0131 nazir\u0259 bildirib ki, Az\u0259rbaycan D\u00f6vl\u0259t M\u0259d\u0259niyy\u0259t v\u0259 \u0130nc\u0259s\u0259n\u0259t Universtitetini f\u0259rql\u0259nm\u0259 diplomu il\u0259 bitirib. 2004-2012-ci ill\u0259rd\u0259 B\u0259rd\u0259 rayon M\u0259d\u0259niyy\u0259t \u015e\u00f6b\u0259sinin tabeli m\u00fc\u0259sis\u0259l\u0259rind\u0259 i\u015fl\u0259yib.2008-2011-ci ill\u0259rd\u0259 B\u0259rd\u0259 \u015f\u0259h\u0259r M\u0259d\u0259niyy\u0259t saray\u0131nda direktor kimi f\u0259aliyy\u0259t g\u00f6st\u0259rib. \u201cAzpetrol LTD\u201d MMC-d\u0259 n\u00f6vb\u0259 r\u0259isi, \u201c\u015e\u0259mst\u0259rc\u00fcm\u0259 Xidm\u0259tl\u0259ri M\u0259rk\u0259zi\u201dnin \u201cASAN\u201d xidm\u0259t B\u0259rd\u0259 \u015f\u00f6b\u0259sind\u0259 inzibat\u00e7\u0131, \u201cSputnik \u201cB\u0130A-nin Qaraba\u011f \u00fczr\u0259 b\u00f6lg\u0259 m\u00fcxbiri v\u0259zif\u0259l\u0259rind\u0259 \u00e7al\u0131\u015f\u0131b. 2020-ci ild\u0259 \u201cSputnik\u201d B\u0130A-ni t\u0259rk ed\u0259nd\u0259n sonra t\u0259hsili \u00fczr\u0259 yenid\u0259n M\u0259d\u0259niyy\u0259t \u0130dar\u0259sin\u0259 i\u015f\u0259 qay\u0131tmaq ist\u0259yib. \u018fvv\u0259ll\u0259r bu bar\u0259d\u0259 ke\u00e7mi\u015f B\u0259rd\u0259 Regional M\u0259d\u0259niyy\u0259t \u0130dar\u0259sinin r\u0259hb\u0259rl\u0259rin\u0259 d\u0259 d\u0259f\u0259l\u0259rl\u0259 m\u00fcraci\u0259t edib.Ancaq m\u0259s\u0259l\u0259 il\u0259 ba\u011fl\u0131 m\u00fcsb\u0259t q\u0259rar olmay\u0131b.<\/p>\n<p>&nbsp;<\/p>\n<p>Musa Muradl\u0131 nazir Adil K\u0259rimlid\u0259n ald\u0131\u011f\u0131 t\u0259hsil\u0259 uy\u011fun olaraq m\u0259d\u0259niyy\u0259t sah\u0259sind\u0259 i\u015fl\u0259 t\u0259min olunmas\u0131n\u0131 xahi\u015f edib. \u015e\u0259hid anas\u0131 \u018fsli Muradova da o\u011flunun i\u015fl\u0259 t\u0259min olunmas\u0131 \u00fc\u00e7\u00fcn edil\u0259n xahi\u015f\u0259 qo\u015fulub.\u201d El\u0259 bilin bu i\u015fi m\u0259n\u0259 verirsiniz\u201d-deyib. Ancaq nazir Adil K\u0259rimli \u015f\u0259hid qarda\u015f\u0131n\u0131n i\u015fl\u0259 t\u0259min olunmas\u0131ndan imtina edib.<\/p>\n<p>&nbsp;<\/p>\n<p>Onu da qeyd ed\u0259k ki, nazir Adil K\u0259rimli f\u0259aliyy\u0259t\u0259 ba\u015fld\u0131\u011f\u0131 ilk g\u00fcnl\u0259rd\u0259 m\u0259d\u0259niyy\u0259t sah\u0259sind\u0259 \u00e7al\u0131\u015fan 41 min i\u015f\u00e7id\u0259n 7 faizinin ixtisasl\u0131 oldu\u011fu bar\u0259d\u0259 m\u0259tbuata a\u00e7\u0131qlama vermi\u015fdi .<\/p>\n","protected":false},"excerpt":{"rendered":"<p>Noyabr\u0131n 3-d\u0259 T\u0259rt\u0259r \u015f\u0259h\u0259r Heyd\u0259r \u018fliyev M\u0259rk\u0259zind\u0259 M\u0259d\u0259niyy\u0259t naziri Adil K\u0259rimlinin v\u0259t\u0259nda\u015flarla ke\u00e7iril\u0259n q\u0259bulunda \u015f\u0259hid qarda\u015f\u0131 Musa Muradl\u0131 da i\u015ftirak edib. &nbsp; \u015e\u0259hid anas\u0131 \u018fsli Muradova il\u0259 q\u0259bula g\u0259l\u0259n Musa Muradl\u0131 nazir\u0259 bildirib ki, Az\u0259rbaycan D\u00f6vl\u0259t M\u0259d\u0259niyy\u0259t v\u0259 \u0130nc\u0259s\u0259n\u0259t Universtitetini f\u0259rql\u0259nm\u0259 diplomu il\u0259 bitirib. 2004-2012-ci ill\u0259rd\u0259 B\u0259rd\u0259 rayon M\u0259d\u0259niyy\u0259t \u015e\u00f6b\u0259sinin tabeli m\u00fc\u0259sis\u0259l\u0259rind\u0259 i\u015fl\u0259yib.2008-2011-ci ill\u0259rd\u0259 B\u0259rd\u0259 \u015f\u0259h\u0259r M\u0259d\u0259niyy\u0259t saray\u0131nda direktor kimi f\u0259aliyy\u0259t g\u00f6st\u0259rib. \u201cAzpetrol LTD\u201d MMC-d\u0259 n\u00f6vb\u0259 r\u0259isi, \u201c\u015e\u0259mst\u0259rc\u00fcm\u0259 Xidm\u0259tl\u0259ri M\u0259rk\u0259zi\u201dnin \u201cASAN\u201d xidm\u0259t B\u0259rd\u0259 \u015f\u00f6b\u0259sind\u0259 inzibat\u00e7\u0131, \u201cSputnik \u201cB\u0130A-nin Qaraba\u011f \u00fczr\u0259 b\u00f6lg\u0259 m\u00fcxbiri v\u0259zif\u0259l\u0259rind\u0259 \u00e7al\u0131\u015f\u0131b. 2020-ci ild\u0259 \u201cSputnik\u201d B\u0130A-ni t\u0259rk ed\u0259nd\u0259n sonra&hellip;<\/p>\n","protected":false},"author":2,"featured_media":653272,"comment_status":"closed","ping_status":"closed","sticky":false,"template":"","format":"standard","meta":{"om_disable_all_campaigns":false,"_monsterinsights_skip_tracking":false,"_monsterinsights_sitenote_active":false,"_monsterinsights_sitenote_note":"","_monsterinsights_sitenote_category":0},"categories":[1],"tags":[],"aioseo_notices":[],"gutentor_comment":0,"rttpg_featured_image_url":{"full":["https:\/\/arantv.az\/wp-content\/uploads\/2023\/11\/musamuradli-683x1024-1.jpg",683,1024,false],"landscape":["https:\/\/arantv.az\/wp-content\/uploads\/2023\/11\/musamuradli-683x1024-1.jpg",683,1024,false],"portraits":["https:\/\/arantv.az\/wp-content\/uploads\/2023\/11\/musamuradli-683x1024-1.jpg",683,1024,false],"thumbnail":["https:\/\/arantv.az\/wp-content\/uploads\/2023\/11\/musamuradli-683x1024-1-500x280.jpg",500,280,true],"medium":["https:\/\/arantv.az\/wp-content\/uploads\/2023\/11\/musamuradli-683x1024-1-243x365.jpg",243,365,true],"large":["https:\/\/arantv.az\/wp-content\/uploads\/2023\/11\/musamuradli-683x1024-1-560x840.jpg",560,840,true],"1536x1536":["https:\/\/arantv.az\/wp-content\/uploads\/2023\/11\/musamuradli-683x1024-1.jpg",683,1024,false],"2048x2048":["https:\/\/arantv.az\/wp-content\/uploads\/2023\/11\/musamuradli-683x1024-1.jpg",683,1024,false],"post-thumbnail":["https:\/\/arantv.az\/wp-content\/uploads\/2023\/11\/musamuradli-683x1024-1-240x172.jpg",240,172,true],"advps-thumb-one":["https:\/\/arantv.az\/wp-content\/uploads\/2023\/11\/musamuradli-683x1024-1-683x620.jpg",683,620,true]},"rttpg_author":{"display_name":"V\u00fcsal Rafiqo\u011flu","author_link":"https:\/\/arantv.az\/?author=2"},"rttpg_comment":0,"rttpg_category":"<a href=\"https:\/\/arantv.az\/?cat=1\" rel=\"category\">C\u0259miyy\u0259t<\/a>","rttpg_excerpt":"Noyabr\u0131n 3-d\u0259 T\u0259rt\u0259r \u015f\u0259h\u0259r Heyd\u0259r \u018fliyev M\u0259rk\u0259zind\u0259 M\u0259d\u0259niyy\u0259t naziri Adil K\u0259rimlinin v\u0259t\u0259nda\u015flarla ke\u00e7iril\u0259n q\u0259bulunda \u015f\u0259hid qarda\u015f\u0131 Musa Muradl\u0131 da i\u015ftirak edib. &nbsp; \u015e\u0259hid anas\u0131 \u018fsli Muradova il\u0259 q\u0259bula g\u0259l\u0259n Musa Muradl\u0131 nazir\u0259 bildirib ki, Az\u0259rbaycan D\u00f6vl\u0259t M\u0259d\u0259niyy\u0259t v\u0259 \u0130nc\u0259s\u0259n\u0259t Universtitetini f\u0259rql\u0259nm\u0259 diplomu il\u0259 bitirib. 2004-2012-ci ill\u0259rd\u0259 B\u0259rd\u0259 rayon M\u0259d\u0259niyy\u0259t \u015e\u00f6b\u0259sinin tabeli m\u00fc\u0259sis\u0259l\u0259rind\u0259 i\u015fl\u0259yib.2008-2011-ci ill\u0259rd\u0259 B\u0259rd\u0259&hellip;","_links":{"self":[{"href":"https:\/\/arantv.az\/index.php?rest_route=\/wp\/v2\/posts\/653271"}],"collection":[{"href":"https:\/\/arantv.az\/index.php?rest_route=\/wp\/v2\/posts"}],"about":[{"href":"https:\/\/arantv.az\/index.php?rest_route=\/wp\/v2\/types\/post"}],"author":[{"embeddable":true,"href":"https:\/\/arantv.az\/index.php?rest_route=\/wp\/v2\/users\/2"}],"replies":[{"embeddable":true,"href":"https:\/\/arantv.az\/index.php?rest_route=%2Fwp%2Fv2%2Fcomments&post=653271"}],"version-history":[{"count":0,"href":"https:\/\/arantv.az\/index.php?rest_route=\/wp\/v2\/posts\/653271\/revisions"}],"wp:featuredmedia":[{"embeddable":true,"href":"https:\/\/arantv.az\/index.php?rest_route=\/wp\/v2\/media\/653272"}],"wp:attachment":[{"href":"https:\/\/arantv.az\/index.php?rest_route=%2Fwp%2Fv2%2Fmedia&parent=653271"}],"wp:term":[{"taxonomy":"category","embeddable":true,"href":"https:\/\/arantv.az\/index.php?rest_route=%2Fwp%2Fv2%2Fcategories&post=653271"},{"taxonomy":"post_tag","embeddable":true,"href":"https:\/\/arantv.az\/index.php?rest_route=%2Fwp%2Fv2%2Ftags&post=653271"}],"curies":[{"name":"wp","href":"https:\/\/api.w.org\/{rel}","templated":true}]}}