{"id":653277,"date":"2023-11-05T17:35:59","date_gmt":"2023-11-05T13:35:59","guid":{"rendered":"https:\/\/arantv.az\/?p=653277"},"modified":"2023-11-05T17:35:59","modified_gmt":"2023-11-05T13:35:59","slug":"g%c9%99l%c9%99n-il-kiml%c9%99rin-kreditl%c9%99ri-silin%c9%99c%c9%99k-aciqlama","status":"publish","type":"post","link":"https:\/\/arantv.az\/?p=653277","title":{"rendered":"G\u0259l\u0259n il kiml\u0259rin kreditl\u0259ri silin\u0259c\u0259k? &#8211; A\u00c7IQLAMA"},"content":{"rendered":"<p>\u201c2024-c\u00fc ilin d\u00f6vl\u0259t b\u00fcdc\u0259sind\u0259n fiziki \u015f\u0259xsl\u0259rin problemli kreditl\u0259rinin h\u0259lli il\u0259 \u00fc\u00e7\u00fcn 1.7 milyon manat kompensasiya \u00f6d\u0259ni\u015fl\u0259rinin h\u0259yata ke\u00e7irilm\u0259si n\u0259z\u0259rd\u0259 tutulur. Bununla ba\u011fl\u0131 \u00e7oxsayl\u0131 suallar\u0131n olmas\u0131n\u0131 n\u0259z\u0259r\u0259 alaraq qeyd etm\u0259k ist\u0259rdik ki, \u0259vv\u0259lki ill\u0259rd\u0259 d\u0259 bu m\u0259qs\u0259d\u0259 d\u00f6vl\u0259t b\u00fcdc\u0259sind\u0259n v\u0259saitl\u0259rin ayr\u0131lmas\u0131 n\u0259z\u0259rd\u0259 tutulurdu\u201c.<\/p>\n<p><strong>ARANTV.AZ <\/strong>\u00a0x\u0259b\u0259r verir ki, bu bar\u0259d\u0259 Milli M\u0259clisin \u0130qtisadi siyas\u0259t, s\u0259naye v\u0259 sahibkarl\u0131q komit\u0259sinin \u00fczv\u00fc V\u00fcqar Bayramov deyib.<\/p>\n<p><img src=\"https:\/\/cdn.oxu.az\/uploads\/W1siZiIsIjIwMjMvMTEvMDUvMTYvNDQvNTAvODIyYjkzY2MtYTVjNS00YWE3LWE4NzUtYWFmMjAxOWQ5NThhL3NnZmQgKDEpICgxKSAoMSkuanBnIl0sWyJwIiwiZW5jb2RlIiwianBnIiwiLXF1YWxpdHkgODAiXSxbInAiLCJ0aHVtYiIsIjU5MHg1OTBcdTAwM2UiXV0?sha=7ca92d854f156db1\" alt=\"\" \/>\u201cBu ilin sentyabr\u0131nda Qaraba\u011fda apar\u0131lan antiterror \u0259m\u0259liyyatlar\u0131nda \u015f\u0259hid ail\u0259si statusu alm\u0131\u015f ail\u0259l\u0259rin kredit borcunun silinm\u0259si d\u0259 qanunveririclikd\u0259 \u00f6z \u0259ksini tap\u0131b. Qeyd ed\u0259k ki, \u201cVergi M\u0259c\u0259ll\u0259sin\u0259\u201d \u0259sas\u0259n, V\u0259t\u0259n m\u00fcharib\u0259si is\u0327tirak\u00e7\u0131lar\u0131n\u0131n v\u0259 V\u0259t\u0259n m\u00fcharib\u0259sind\u0259, habel\u0259 V\u0259t\u0259n m\u00fcharib\u0259sind\u0259n sonra Az\u0259rbaycan Respublikas\u0131n\u0131n \u0259razi b\u00fct\u00f6vl\u00fcy\u00fc ug\u0306runda d\u00f6y\u00fcs\u0327 \u0259m\u0259liyyatlar\u0131 v\u0259 h\u0259rbi t\u0259xribatlar n\u0259tic\u0259sind\u0259 s\u0327\u0259hid ail\u0259si statusu alm\u0131s\u0327 v\u0259 \u0259lilliyi m\u00fc\u0259yy\u0259n edilmis\u0327 s\u0327\u0259xsl\u0259rin banklara v\u0259 dig\u0259r kredit t\u0259s\u0327kilatlar\u0131na olan borclar\u0131n\u0131n silinm\u0259sind\u0259n \u0259ld\u0259 olunan g\u0259lirl\u0259r\u0259 aid edilmir. M\u00fc\u0259yy\u0259n edilmis\u0327 silin\u0259n borclar\u0131n \u0259sas m\u0259bl\u0259g\u0306i \u00fczr\u0259 yarad\u0131lm\u0131s\u0327 ehtiyatlar g\u0259lird\u0259n \u00e7\u0131x\u0131lan x\u0259rcl\u0259r\u0259 aid edilir.<\/p>\n<p>Bu bax\u0131mdan, qeyd olunan priortitet qruplar \u00fc\u00e7\u00fcn kredit borcunun silinm\u0259si n\u00f6vb\u0259ti ild\u0259 d\u0259 n\u0259z\u0259r\u0259 al\u0131nacaq. Bu is\u0259, h\u0259min ail\u0259l\u0259rin sosial t\u0259minat\u0131n\u0131n g\u00fccl\u0259ndirilm\u0259si m\u0259qs\u0259di da\u015f\u0131y\u0131r\u201d, &#8211; dey\u0259 deputat bildirib.<\/p>\n","protected":false},"excerpt":{"rendered":"<p>\u201c2024-c\u00fc ilin d\u00f6vl\u0259t b\u00fcdc\u0259sind\u0259n fiziki \u015f\u0259xsl\u0259rin problemli kreditl\u0259rinin h\u0259lli il\u0259 \u00fc\u00e7\u00fcn 1.7 milyon manat kompensasiya \u00f6d\u0259ni\u015fl\u0259rinin h\u0259yata ke\u00e7irilm\u0259si n\u0259z\u0259rd\u0259 tutulur. Bununla ba\u011fl\u0131 \u00e7oxsayl\u0131 suallar\u0131n olmas\u0131n\u0131 n\u0259z\u0259r\u0259 alaraq qeyd etm\u0259k ist\u0259rdik ki, \u0259vv\u0259lki ill\u0259rd\u0259 d\u0259 bu m\u0259qs\u0259d\u0259 d\u00f6vl\u0259t b\u00fcdc\u0259sind\u0259n v\u0259saitl\u0259rin ayr\u0131lmas\u0131 n\u0259z\u0259rd\u0259 tutulurdu\u201c. ARANTV.AZ \u00a0x\u0259b\u0259r verir ki, bu bar\u0259d\u0259 Milli M\u0259clisin \u0130qtisadi siyas\u0259t, s\u0259naye v\u0259 sahibkarl\u0131q komit\u0259sinin \u00fczv\u00fc V\u00fcqar Bayramov deyib. \u201cBu ilin sentyabr\u0131nda Qaraba\u011fda apar\u0131lan antiterror \u0259m\u0259liyyatlar\u0131nda \u015f\u0259hid ail\u0259si statusu alm\u0131\u015f ail\u0259l\u0259rin kredit borcunun silinm\u0259si d\u0259 qanunveririclikd\u0259 \u00f6z \u0259ksini tap\u0131b. Qeyd ed\u0259k ki, \u201cVergi M\u0259c\u0259ll\u0259sin\u0259\u201d \u0259sas\u0259n, V\u0259t\u0259n m\u00fcharib\u0259si is\u0327tirak\u00e7\u0131lar\u0131n\u0131n v\u0259&hellip;<\/p>\n","protected":false},"author":2,"featured_media":558956,"comment_status":"closed","ping_status":"closed","sticky":false,"template":"","format":"standard","meta":{"om_disable_all_campaigns":false,"_monsterinsights_skip_tracking":false,"_monsterinsights_sitenote_active":false,"_monsterinsights_sitenote_note":"","_monsterinsights_sitenote_category":0},"categories":[19],"tags":[],"aioseo_notices":[],"gutentor_comment":0,"rttpg_featured_image_url":{"full":["https:\/\/arantv.az\/wp-content\/uploads\/2023\/01\/manat-1560526404-1.jpg",620,413,false],"landscape":["https:\/\/arantv.az\/wp-content\/uploads\/2023\/01\/manat-1560526404-1.jpg",620,413,false],"portraits":["https:\/\/arantv.az\/wp-content\/uploads\/2023\/01\/manat-1560526404-1.jpg",620,413,false],"thumbnail":["https:\/\/arantv.az\/wp-content\/uploads\/2023\/01\/manat-1560526404-1-500x280.jpg",500,280,true],"medium":["https:\/\/arantv.az\/wp-content\/uploads\/2023\/01\/manat-1560526404-1-548x365.jpg",548,365,true],"large":["https:\/\/arantv.az\/wp-content\/uploads\/2023\/01\/manat-1560526404-1.jpg",620,413,false],"1536x1536":["https:\/\/arantv.az\/wp-content\/uploads\/2023\/01\/manat-1560526404-1.jpg",620,413,false],"2048x2048":["https:\/\/arantv.az\/wp-content\/uploads\/2023\/01\/manat-1560526404-1.jpg",620,413,false],"post-thumbnail":["https:\/\/arantv.az\/wp-content\/uploads\/2023\/01\/manat-1560526404-1-240x172.jpg",240,172,true],"advps-thumb-one":["https:\/\/arantv.az\/wp-content\/uploads\/2023\/01\/manat-1560526404-1.jpg",620,413,false]},"rttpg_author":{"display_name":"V\u00fcsal Rafiqo\u011flu","author_link":"https:\/\/arantv.az\/?author=2"},"rttpg_comment":0,"rttpg_category":"<a href=\"https:\/\/arantv.az\/?cat=19\" rel=\"category\">G\u00fcnd\u0259m<\/a>","rttpg_excerpt":"\u201c2024-c\u00fc ilin d\u00f6vl\u0259t b\u00fcdc\u0259sind\u0259n fiziki \u015f\u0259xsl\u0259rin problemli kreditl\u0259rinin h\u0259lli il\u0259 \u00fc\u00e7\u00fcn 1.7 milyon manat kompensasiya \u00f6d\u0259ni\u015fl\u0259rinin h\u0259yata ke\u00e7irilm\u0259si n\u0259z\u0259rd\u0259 tutulur. Bununla ba\u011fl\u0131 \u00e7oxsayl\u0131 suallar\u0131n olmas\u0131n\u0131 n\u0259z\u0259r\u0259 alaraq qeyd etm\u0259k ist\u0259rdik ki, \u0259vv\u0259lki ill\u0259rd\u0259 d\u0259 bu m\u0259qs\u0259d\u0259 d\u00f6vl\u0259t b\u00fcdc\u0259sind\u0259n v\u0259saitl\u0259rin ayr\u0131lmas\u0131 n\u0259z\u0259rd\u0259 tutulurdu\u201c. ARANTV.AZ \u00a0x\u0259b\u0259r verir ki, bu bar\u0259d\u0259 Milli M\u0259clisin \u0130qtisadi siyas\u0259t, s\u0259naye v\u0259 sahibkarl\u0131q&hellip;","_links":{"self":[{"href":"https:\/\/arantv.az\/index.php?rest_route=\/wp\/v2\/posts\/653277"}],"collection":[{"href":"https:\/\/arantv.az\/index.php?rest_route=\/wp\/v2\/posts"}],"about":[{"href":"https:\/\/arantv.az\/index.php?rest_route=\/wp\/v2\/types\/post"}],"author":[{"embeddable":true,"href":"https:\/\/arantv.az\/index.php?rest_route=\/wp\/v2\/users\/2"}],"replies":[{"embeddable":true,"href":"https:\/\/arantv.az\/index.php?rest_route=%2Fwp%2Fv2%2Fcomments&post=653277"}],"version-history":[{"count":0,"href":"https:\/\/arantv.az\/index.php?rest_route=\/wp\/v2\/posts\/653277\/revisions"}],"wp:featuredmedia":[{"embeddable":true,"href":"https:\/\/arantv.az\/index.php?rest_route=\/wp\/v2\/media\/558956"}],"wp:attachment":[{"href":"https:\/\/arantv.az\/index.php?rest_route=%2Fwp%2Fv2%2Fmedia&parent=653277"}],"wp:term":[{"taxonomy":"category","embeddable":true,"href":"https:\/\/arantv.az\/index.php?rest_route=%2Fwp%2Fv2%2Fcategories&post=653277"},{"taxonomy":"post_tag","embeddable":true,"href":"https:\/\/arantv.az\/index.php?rest_route=%2Fwp%2Fv2%2Ftags&post=653277"}],"curies":[{"name":"wp","href":"https:\/\/api.w.org\/{rel}","templated":true}]}}