{"id":653687,"date":"2023-11-07T10:44:46","date_gmt":"2023-11-07T06:44:46","guid":{"rendered":"https:\/\/arantv.az\/?p=653687"},"modified":"2023-11-07T10:44:46","modified_gmt":"2023-11-07T06:44:46","slug":"gurcustanda-pensiyacilar-d%c9%99rmanlari-pulsuz-alacaq-b%c9%99s-az%c9%99rbaycanda","status":"publish","type":"post","link":"https:\/\/arantv.az\/?p=653687","title":{"rendered":"G\u00fcrc\u00fcstanda pensiya\u00e7\u0131lar d\u0259rmanlar\u0131 pulsuz alacaq &#8211; b\u0259s Az\u0259rbaycanda&#8230;"},"content":{"rendered":"<h3><strong>Deputat: \u201cXroniki x\u0259st\u0259l\u0259rin ist\u0259r ambulator, ist\u0259rs\u0259 d\u0259 stosionar m\u00fcalic\u0259 x\u0259rcl\u0259ri d\u00f6vl\u0259t t\u0259r\u0259find\u0259n qar\u015f\u0131lan\u0131r\u201d<\/strong><\/h3>\n<p><strong>G\u00fcrc\u00fcstan h\u00f6kum\u0259ti 2024-c\u00fc ild\u0259n xroniki x\u0259st\u0259likl\u0259ri olan t\u0259qa\u00fcd\u00e7\u00fcl\u0259rin m\u00fcalic\u0259si \u00fc\u00e7\u00fcn pulsuz d\u0259rmanlar\u0131n verilm\u0259si bar\u0259d\u0259 q\u0259rar q\u0259bul edib. Bu bar\u0259d\u0259 \u00f6lk\u0259nin ba\u015f naziri \u0130rakli Qariba\u015fvili Nazirl\u0259r Kabinetinin iclas\u0131nda bildirib.<\/strong><\/p>\n<p>\u201cG\u0259l\u0259n il xroniki x\u0259st\u0259likl\u0259rd\u0259n m\u00fcalic\u0259 alan v\u0259 d\u0259rmandan as\u0131l\u0131 olan pensiya\u00e7\u0131lar ilboyu pulsuz d\u0259rman ala bil\u0259c\u0259kl\u0259r. Bu, t\u0259qrib\u0259n 400 min n\u0259f\u0259r t\u0259qa\u00fcd\u00e7\u00fcd\u00fcr\u201d, &#8211; Qariba\u015fvili qeyd edib.<\/p>\n<p><strong>Xat\u0131rladaq ki, G\u00fcrc\u00fcstan v\u0259 T\u00fcrkiy\u0259d\u0259 pandemiya d\u00f6vr\u00fcnd\u0259 v\u0259t\u0259nda\u015flara k\u0259sil\u0259n c\u0259rim\u0259l\u0259r d\u0259 d\u00f6vl\u0259t t\u0259r\u0259find\u0259n silinib. Az\u0259rbaycanda is\u0259 qal\u0131r. Az\u0259rbaycanda da pensiya\u00e7\u0131lara bel\u0259 g\u00fcz\u0259\u015ftl\u0259r m\u00fcmk\u00fcnm\u00fc?<\/strong><\/p>\n<p><strong><img src=\"https:\/\/files.modern.az\/photo\/orginal\/2023\/06\/02\/1685689015_480741.jpg\" alt=\"Musa Quliyev 70 ya\u015f m\u0259s\u0259l\u0259sin\u0259 ayd\u0131nl\u0131q g\u0259tirdi: Fikirl\u0259rim t\u0259hrif olunub\" \/><\/strong><\/p>\n<p><strong>Musa Quliyev<\/strong><\/p>\n<p>Parlamentin \u018fm\u0259k v\u0259 sosial siyas\u0259t komit\u0259sinin s\u0259dri Musa Quliyev \u201cYeni M\u00fcsavat\u201da deyib ki, Az\u0259rbaycanda d\u00f6vl\u0259t proqram\u0131 \u00e7\u0259r\u00e7iv\u0259sind\u0259 xroniki x\u0259st\u0259l\u0259rin ist\u0259r ambulator, ist\u0259rs\u0259 d\u0259 stosionar m\u00fcalic\u0259 x\u0259rcl\u0259ri d\u00f6vl\u0259t t\u0259r\u0259find\u0259n qar\u015f\u0131lan\u0131r: \u201c\u015e\u0259k\u0259rli diabet, onkoloji x\u0259st\u0259l\u0259r, psixoatrik x\u0259st\u0259l\u0259r, v\u0259r\u0259mli x\u0259st\u0259l\u0259r, qan x\u0259st\u0259l\u0259ri, \u00fcmumilikd\u0259 12-y\u0259 yax\u0131n x\u0259st\u0259likl\u0259r var ki, m\u00fcayin\u0259 v\u0259 m\u00fcalic\u0259si d\u00f6vl\u0259t t\u0259r\u0259find\u0259n h\u0259yata ke\u00e7irilir. \u0130st\u0259diyimiz odur ki, icbari s\u0131\u011fortaya pul \u00f6d\u0259y\u0259n b\u00fct\u00fcn v\u0259t\u0259nda\u015flar\u0131n ambulator x\u0259rcl\u0259ri, m\u00fcalic\u0259 x\u0259rcl\u0259ri yava\u015f-yava\u015f icbari s\u0131\u011forta t\u0259r\u0259find\u0259n qar\u015f\u0131lanmas\u0131 ger\u00e7\u0259kl\u0259\u015fir\u201d.<\/p>\n<p><strong>Deputat pandemiya d\u00f6vr\u00fcnd\u0259 yaz\u0131lan c\u0259rim\u0259l\u0259rl\u0259 ba\u011fl\u0131 deyib ki, d\u00f6vl\u0259t d\u0259f\u0259l\u0259rl\u0259 humanistlik n\u00fcmayi\u015f etdirib:<\/strong>\u00a0\u201cBiz d\u0259 arzu edirik ki, bel\u0259 bir q\u0259rar q\u0259bul olunsun. Amma he\u00e7 bir halda bel\u0259 q\u0259rarlar v\u0259t\u0259nda\u015flarda arxay\u0131nl\u0131q yaratmamal\u0131d\u0131r. Kims\u0259 d\u00fc\u015f\u00fcnm\u0259m\u0259lidir ki, ist\u0259diyim halda qanunlar\u0131 pozaca\u011fam v\u0259 d\u00f6vl\u0259tin humanistliyi n\u0259tic\u0259sind\u0259 c\u0259zas\u0131z qalaca\u011fam. Bu da sosial b\u0259rab\u0259rsizliy\u0259, \u0259dal\u0259tsizliy\u0259 yol a\u00e7an add\u0131md\u0131r. Amma pandemiya d\u00f6vr\u00fc ilk d\u0259f\u0259 idi ki, ya\u015fan\u0131rd\u0131, insanlar qapal\u0131 \u015f\u0259rait\u0259 uy\u011funla\u015fa bilmirdil\u0259r. H\u0259tta h\u0259min zaman qapanmalardan gec x\u0259b\u0259r tutanlar da olub. Telefonda laz\u0131m olan informasiya t\u0259tbiqini y\u00fckl\u0259y\u0259 bilm\u0259y\u0259nl\u0259r d\u0259 olmu\u015fdu. H\u00f6kum\u0259tin bel\u0259 bir yana\u015fmas\u0131 humanist add\u0131m olard\u0131. Amma o c\u0259rim\u0259l\u0259r he\u00e7 d\u0259 d\u00f6vl\u0259t b\u00fcdc\u0259sini g\u00fccl\u0259ndirm\u0259k, doldurmaq xarakteri da\u015f\u0131m\u0131r. Sad\u0259c\u0259, pandemiya d\u00f6vr\u00fcnd\u0259 insanlar\u0131 nizam-intizama d\u0259v\u0259t etm\u0259k xarakteri da\u015f\u0131y\u0131rd\u0131. Pandemiya il\u0259 m\u00fcbariz\u0259 t\u0259kc\u0259 d\u00f6vl\u0259tin i\u015fi deyildi, h\u0259m d\u0259 c\u0259miyy\u0259tin v\u0259zif\u0259si idi. \u0130st\u0259nil\u0259n halda v\u0259t\u0259nda\u015flar\u0131m\u0131z h\u0259mi\u015f\u0259 d\u00f6vl\u0259timizin humanist siyas\u0259tini g\u00f6r\u00fcbl\u0259r v\u0259 \u00fcmid ed\u0259k ki, bel\u0259 bir q\u0259rar da q\u0259bul olunar\u201d.<\/p>\n","protected":false},"excerpt":{"rendered":"<p>Deputat: \u201cXroniki x\u0259st\u0259l\u0259rin ist\u0259r ambulator, ist\u0259rs\u0259 d\u0259 stosionar m\u00fcalic\u0259 x\u0259rcl\u0259ri d\u00f6vl\u0259t t\u0259r\u0259find\u0259n qar\u015f\u0131lan\u0131r\u201d G\u00fcrc\u00fcstan h\u00f6kum\u0259ti 2024-c\u00fc ild\u0259n xroniki x\u0259st\u0259likl\u0259ri olan t\u0259qa\u00fcd\u00e7\u00fcl\u0259rin m\u00fcalic\u0259si \u00fc\u00e7\u00fcn pulsuz d\u0259rmanlar\u0131n verilm\u0259si bar\u0259d\u0259 q\u0259rar q\u0259bul edib. Bu bar\u0259d\u0259 \u00f6lk\u0259nin ba\u015f naziri \u0130rakli Qariba\u015fvili Nazirl\u0259r Kabinetinin iclas\u0131nda bildirib. \u201cG\u0259l\u0259n il xroniki x\u0259st\u0259likl\u0259rd\u0259n m\u00fcalic\u0259 alan v\u0259 d\u0259rmandan as\u0131l\u0131 olan pensiya\u00e7\u0131lar ilboyu pulsuz d\u0259rman ala bil\u0259c\u0259kl\u0259r. Bu, t\u0259qrib\u0259n 400 min n\u0259f\u0259r t\u0259qa\u00fcd\u00e7\u00fcd\u00fcr\u201d, &#8211; Qariba\u015fvili qeyd edib. Xat\u0131rladaq ki, G\u00fcrc\u00fcstan v\u0259 T\u00fcrkiy\u0259d\u0259 pandemiya d\u00f6vr\u00fcnd\u0259 v\u0259t\u0259nda\u015flara k\u0259sil\u0259n c\u0259rim\u0259l\u0259r d\u0259 d\u00f6vl\u0259t t\u0259r\u0259find\u0259n silinib. Az\u0259rbaycanda is\u0259 qal\u0131r. Az\u0259rbaycanda da pensiya\u00e7\u0131lara bel\u0259 g\u00fcz\u0259\u015ftl\u0259r m\u00fcmk\u00fcnm\u00fc?&hellip;<\/p>\n","protected":false},"author":2,"featured_media":653690,"comment_status":"closed","ping_status":"closed","sticky":false,"template":"","format":"standard","meta":{"om_disable_all_campaigns":false,"_monsterinsights_skip_tracking":false,"_monsterinsights_sitenote_active":false,"_monsterinsights_sitenote_note":"","_monsterinsights_sitenote_category":0},"categories":[1],"tags":[],"aioseo_notices":[],"gutentor_comment":0,"rttpg_featured_image_url":{"full":["https:\/\/arantv.az\/wp-content\/uploads\/2023\/11\/5f9c485cbcc0e2900bc7bb0dd311cc9d.jpg",870,500,false],"landscape":["https:\/\/arantv.az\/wp-content\/uploads\/2023\/11\/5f9c485cbcc0e2900bc7bb0dd311cc9d.jpg",870,500,false],"portraits":["https:\/\/arantv.az\/wp-content\/uploads\/2023\/11\/5f9c485cbcc0e2900bc7bb0dd311cc9d.jpg",870,500,false],"thumbnail":["https:\/\/arantv.az\/wp-content\/uploads\/2023\/11\/5f9c485cbcc0e2900bc7bb0dd311cc9d-500x280.jpg",500,280,true],"medium":["https:\/\/arantv.az\/wp-content\/uploads\/2023\/11\/5f9c485cbcc0e2900bc7bb0dd311cc9d-635x365.jpg",635,365,true],"large":["https:\/\/arantv.az\/wp-content\/uploads\/2023\/11\/5f9c485cbcc0e2900bc7bb0dd311cc9d-840x483.jpg",640,368,true],"1536x1536":["https:\/\/arantv.az\/wp-content\/uploads\/2023\/11\/5f9c485cbcc0e2900bc7bb0dd311cc9d.jpg",870,500,false],"2048x2048":["https:\/\/arantv.az\/wp-content\/uploads\/2023\/11\/5f9c485cbcc0e2900bc7bb0dd311cc9d.jpg",870,500,false],"post-thumbnail":["https:\/\/arantv.az\/wp-content\/uploads\/2023\/11\/5f9c485cbcc0e2900bc7bb0dd311cc9d-240x172.jpg",240,172,true],"advps-thumb-one":["https:\/\/arantv.az\/wp-content\/uploads\/2023\/11\/5f9c485cbcc0e2900bc7bb0dd311cc9d.jpg",870,500,false]},"rttpg_author":{"display_name":"V\u00fcsal Rafiqo\u011flu","author_link":"https:\/\/arantv.az\/?author=2"},"rttpg_comment":0,"rttpg_category":"<a href=\"https:\/\/arantv.az\/?cat=1\" rel=\"category\">C\u0259miyy\u0259t<\/a>","rttpg_excerpt":"Deputat: \u201cXroniki x\u0259st\u0259l\u0259rin ist\u0259r ambulator, ist\u0259rs\u0259 d\u0259 stosionar m\u00fcalic\u0259 x\u0259rcl\u0259ri d\u00f6vl\u0259t t\u0259r\u0259find\u0259n qar\u015f\u0131lan\u0131r\u201d G\u00fcrc\u00fcstan h\u00f6kum\u0259ti 2024-c\u00fc ild\u0259n xroniki x\u0259st\u0259likl\u0259ri olan t\u0259qa\u00fcd\u00e7\u00fcl\u0259rin m\u00fcalic\u0259si \u00fc\u00e7\u00fcn pulsuz d\u0259rmanlar\u0131n verilm\u0259si bar\u0259d\u0259 q\u0259rar q\u0259bul edib. Bu bar\u0259d\u0259 \u00f6lk\u0259nin ba\u015f naziri \u0130rakli Qariba\u015fvili Nazirl\u0259r Kabinetinin iclas\u0131nda bildirib. \u201cG\u0259l\u0259n il xroniki x\u0259st\u0259likl\u0259rd\u0259n m\u00fcalic\u0259 alan v\u0259 d\u0259rmandan as\u0131l\u0131 olan pensiya\u00e7\u0131lar ilboyu pulsuz d\u0259rman&hellip;","_links":{"self":[{"href":"https:\/\/arantv.az\/index.php?rest_route=\/wp\/v2\/posts\/653687"}],"collection":[{"href":"https:\/\/arantv.az\/index.php?rest_route=\/wp\/v2\/posts"}],"about":[{"href":"https:\/\/arantv.az\/index.php?rest_route=\/wp\/v2\/types\/post"}],"author":[{"embeddable":true,"href":"https:\/\/arantv.az\/index.php?rest_route=\/wp\/v2\/users\/2"}],"replies":[{"embeddable":true,"href":"https:\/\/arantv.az\/index.php?rest_route=%2Fwp%2Fv2%2Fcomments&post=653687"}],"version-history":[{"count":0,"href":"https:\/\/arantv.az\/index.php?rest_route=\/wp\/v2\/posts\/653687\/revisions"}],"wp:featuredmedia":[{"embeddable":true,"href":"https:\/\/arantv.az\/index.php?rest_route=\/wp\/v2\/media\/653690"}],"wp:attachment":[{"href":"https:\/\/arantv.az\/index.php?rest_route=%2Fwp%2Fv2%2Fmedia&parent=653687"}],"wp:term":[{"taxonomy":"category","embeddable":true,"href":"https:\/\/arantv.az\/index.php?rest_route=%2Fwp%2Fv2%2Fcategories&post=653687"},{"taxonomy":"post_tag","embeddable":true,"href":"https:\/\/arantv.az\/index.php?rest_route=%2Fwp%2Fv2%2Ftags&post=653687"}],"curies":[{"name":"wp","href":"https:\/\/api.w.org\/{rel}","templated":true}]}}