{"id":653709,"date":"2023-11-07T10:50:43","date_gmt":"2023-11-07T06:50:43","guid":{"rendered":"https:\/\/arantv.az\/?p=653709"},"modified":"2023-11-07T10:50:43","modified_gmt":"2023-11-07T06:50:43","slug":"bayraq-m%c9%99nliyimdir-bayraq-kimliyim-bayraq-oz-yurduma-oz-hakimliyim","status":"publish","type":"post","link":"https:\/\/arantv.az\/?p=653709","title":{"rendered":"Bayraq m\u0259nliyimdir, bayraq kimliyim, Bayraq \u00f6z yurduma \u00f6z hakimliyim!"},"content":{"rendered":"<p>Bayraq &#8211; bir \u00f6lk\u0259ni varl\u0131\u011f\u0131n\u0131, m\u00f6vcudlu\u011funu bildir\u0259n d\u00f6vl\u0259t r\u0259mzidir v\u0259 \u00fcz\u0259rind\u0259ki h\u0259r r\u0259ng v\u0259 simvol bir \u00f6z\u0259l m\u0259na da\u015f\u0131y\u0131r. D\u00f6vl\u0259timizin \u00fc\u00e7r\u0259ngli bayra\u011f\u0131 Az\u0259rbaycan suverenliyinin v\u0259 m\u00fcst\u0259qilliyinin r\u0259mzidir. Bayraq tarix\u0259n h\u0259r bir xalq \u00fc\u00e7\u00fcn m\u00fcq\u0259dd\u0259s olub. \u0130nsanlar \u00f6z d\u00f6vl\u0259tl\u0259rinin bayraqlar\u0131na h\u0259mi\u015f\u0259 ehtiramla yana\u015f\u0131blar. Ona g\u00f6r\u0259 d\u0259, bayraq insanlar, xalqlar \u00fc\u00e7\u00fcn h\u0259mi\u015f\u0259 m\u00fcq\u0259dd\u0259s hesab edilib. Bu m\u0259nada \u00f6lk\u0259mizd\u0259 D\u00f6vl\u0259t Bayra\u011f\u0131 G\u00fcn\u00fcn\u00fcn qeyd olunmas\u0131 h\u0259m d\u00f6vl\u0259timiz, h\u0259m d\u0259 xalq\u0131m\u0131z \u00fc\u00e7\u00fcn olduqca \u0259lam\u0259tdar bir hadis\u0259dir, eyni zamanda ke\u00e7ib g\u0259ldiyimiz yola, tarix\u0259 q\u0131sa bir n\u0259z\u0259r salmaq imkan\u0131d\u0131r.<\/p>\n<p>Bayraq bizim m\u00fcst\u0259qilliyimizi d\u0259rk etm\u0259yimiz, onun q\u0259drini \u2013 qiym\u0259tini bilm\u0259yimiz bax\u0131m\u0131ndan tap\u0131nd\u0131\u011f\u0131m\u0131z, k\u00f6lg\u0259sin\u0259 s\u0131\u011f\u0131nd\u0131\u011f\u0131m\u0131z m\u00fcq\u0259dd\u0259s bir varl\u0131qd\u0131r.<\/p>\n<p>D\u00f6vl\u0259t bayra\u011f\u0131 g\u00fcn\u00fcn\u00fcn qeyd olunmas\u0131 Az\u0259rbaycan Xalq C\u00fcmhuriyy\u0259tinin tarixi il\u0259 ba\u011fl\u0131d\u0131r. Az\u0259rbaycan Xalq C\u00fcmhuriyy\u0259tinin \u00fc\u00e7r\u0259ngli D\u00f6vl\u0259t bayra\u011f\u0131 ilk d\u0259f\u0259 1918-ci il noyabr\u0131n 9-da Bak\u0131da, h\u00f6kum\u0259tin iclas\u0131nda q\u0259bul edilib v\u0259 iclas\u0131n ke\u00e7irildiyi Az\u0259rbaycan Xalq C\u00fcmhuriyy\u0259ti Nazirl\u0259r \u015euras\u0131n\u0131n binas\u0131 \u00fcz\u0259rind\u0259 qald\u0131r\u0131l\u0131b. T\u0259\u0259ss\u00fcf ki, m\u00fcst\u0259qil d\u00f6vl\u0259timiz yaln\u0131z 2 il ya\u015fay\u0131b v\u0259 1920-ci il aprelin 28-d\u0259 bol\u015fevik i\u015f\u011fal\u0131 il\u0259 sona \u00e7at\u0131b.<\/p>\n<p>70 il ke\u00e7\u0259nd\u0259n sonra Az\u0259rbaycan yenid\u0259n \u00f6z m\u00fcst\u0259qilliyin\u0259 qovu\u015fdu, yenid\u0259n \u00fc\u00e7r\u0259ngli bayra\u011f\u0131m\u0131z dal\u011falanma\u011fa ba\u015flad\u0131. Biz yenid\u0259n bayra\u011f\u0131m\u0131zla f\u0259xr etm\u0259k, onunla q\u00fcrur duymaq imkan\u0131 \u0259ld\u0259 etdik.<\/p>\n<p>Az\u0259rbaycan Xalq C\u00fcmhuriyy\u0259tinin \u00fc\u00e7r\u0259ngli D\u00f6vl\u0259t Bayra\u011f\u0131 1990-c\u0131 il noyabr\u0131n 17-d\u0259 Nax\u00e7\u0131van Muxtar Respublikas\u0131 Ali M\u0259clisinin s\u0259dri, xalq\u0131m\u0131z\u0131n \u00dcmummilli Lideri Heyd\u0259r \u018fliyevin t\u0259\u015f\u0259bb\u00fcs\u00fc v\u0259 r\u0259hb\u0259rliyi il\u0259 ke\u00e7iril\u0259n sessiyada Nax\u00e7\u0131van Muxtar Respublikas\u0131n\u0131n D\u00f6vl\u0259t Bayra\u011f\u0131 olaraq t\u0259sdiq edilmi\u015fdir. Nax\u00e7\u0131van Muxtar Respublikas\u0131n\u0131n Ali M\u0259clisi Az\u0259rbaycan SSR Ali Soveti qar\u015f\u0131s\u0131nda \u00fc\u00e7r\u0259ngli bayra\u011f\u0131n Az\u0259rbaycan\u0131n r\u0259smi d\u00f6vl\u0259t r\u0259mzi kimi tan\u0131nmas\u0131 haqq\u0131nda v\u0259sat\u0259t qald\u0131rm\u0131\u015fd\u0131r.<\/p>\n<p>1991-ci il fevral ay\u0131n\u0131n 5-d\u0259 h\u0259min v\u0259sat\u0259t\u0259 bax\u0131lm\u0131\u015f v\u0259 Az\u0259rbaycan Respublikas\u0131n\u0131n Ali Soveti \u201cAz\u0259rbaycan Respublikas\u0131n\u0131n D\u00f6vl\u0259t Bayra\u011f\u0131 haqq\u0131nda\u201d Qanun q\u0259bul ed\u0259r\u0259k onu yenid\u0259n D\u00f6vl\u0259t Bayra\u011f\u0131 elan etmi\u015fdir. Sonralar \u00dcmummilli Lider bu bar\u0259d\u0259 deyirdi: \u201cM\u0259n bel\u0259 fikird\u0259y\u0259m ki, Nax\u00e7\u0131van MR Ali M\u0259clisinin q\u0259bul etdiyi q\u0259rarlar Az\u0259rbaycan Respublikas\u0131n\u0131n i\u015fin\u0259 \u00e7ox t\u0259sir etdi v\u0259 Az\u0259rbaycan r\u0259hb\u0259rliyi bir ne\u00e7\u0259 bel\u0259 q\u0259rar\u0131n q\u0259bul edilm\u0259sind\u0259 m\u0259cburiyy\u0259t qar\u015f\u0131s\u0131nda qald\u0131. Nax\u00e7\u0131van Muxtar Respublikas\u0131n\u0131n \u00fcz\u0259rind\u0259 bu bayraq 1990-c\u0131 il noyabr\u0131n 17-d\u0259, Az\u0259rbaycan Respublikas\u0131nda is\u0259 1991-ci il fevral\u0131n 5-d\u0259 dal\u011faland\u0131\u201d.<\/p>\n<p>Bayraq d\u00f6vl\u0259timizin \u0259n ali atributlar\u0131ndan biridir. Bu bayraq u\u011frunda ne\u00e7\u0259 q\u0259hr\u0259man\u0131m\u0131z \u015f\u0259hidlik zirv\u0259sin\u0259 ucal\u0131b. 2020-ci il noyabr\u0131n 8-d\u0259 Ali Ba\u015f Komandan\u0131n y\u00fcr\u00fctd\u00fcy\u00fc u\u011furlu siyas\u0259t v\u0259 Az\u0259rbaycan Ordusunun g\u00fcc\u00fc n\u0259tic\u0259sind\u0259 30 il\u0259 yax\u0131n i\u015f\u011fal alt\u0131nda qalan torpaqlar\u0131m\u0131z i\u015f\u011faldan azad edildi. \u00dc\u00e7r\u0259ngli bayra\u011f\u0131m\u0131z i\u015f\u011faldan azad olunan b\u00f6lg\u0259l\u0259rd\u0259 q\u00fcrurla dal\u011falan\u0131r.<\/p>\n<p>\u0130ndi bayra\u011f\u0131m\u0131z d\u00fcnyan\u0131n 180-d\u0259n art\u0131q m\u00fcst\u0259qil d\u00f6vl\u0259tinin bayraqlar\u0131 il\u0259 bir s\u0131rada dal\u011falanmaqdad\u0131r. Az\u0259rbaycan Respublikas\u0131 \u00fc\u00e7r\u0259ngli d\u00f6vl\u0259t bayra\u011f\u0131m\u0131z alt\u0131nda m\u00fcst\u0259qillik yollar\u0131 il\u0259 inamla ir\u0259lil\u0259yir. H\u0259r il noyabr ay\u0131n\u0131n 9-u Az\u0259rbaycan Respublikas\u0131n\u0131n D\u00f6vl\u0259t Bayra\u011f\u0131 G\u00fcn\u00fc kimi qeyd edilir. B\u00f6y\u00fck iftixarla \u00f6p\u00fcb alt\u0131ndan ke\u00e7diyimiz d\u00f6vl\u0259t bayra\u011f\u0131m\u0131z\u0131n m\u00fcq\u0259dd\u0259sliyini m\u0259s\u0259l\u0259 \u00e7evrilmi\u015f bu s\u00f6zl\u0259ri he\u00e7 vaxt unutmamal\u0131y\u0131q: \u201cBayraqlar\u0131 bayraq ed\u0259n \u00fcst\u00fcnd\u0259ki qand\u0131r, Torpaq \u0259g\u0259r u\u011frunda \u00f6l\u0259n varsa, V\u0259t\u0259ndir\u201d D\u00fcnyan\u0131n h\u0259r gu\u015f\u0259sind\u0259 q\u0259lbi v\u0259t\u0259n e\u015fqi il\u0259 \u00e7\u0131rp\u0131nan b\u00fct\u00fcn az\u0259rbaycanl\u0131lar\u0131, respublikam\u0131z\u0131n g\u0259l\u0259c\u0259y\u0259 nikbin baxan v\u0259t\u0259nda\u015flar\u0131n\u0131 D\u00f6vl\u0259t bayra\u011f\u0131 G\u00fcn\u00fc m\u00fcnasib\u0259ti il\u0259 t\u0259brik edir, ham\u0131ya vahid ideya \u0259traf\u0131nda birl\u0259\u015fm\u0259k, qar\u015f\u0131da duran i\u015fl\u0259rd\u0259 u\u011furlar arzulay\u0131r\u0131q.<\/p>\n<p>Bu g\u00fcn Az\u0259rbaycan Ordusunun sahib oldu\u011fu g\u00fcc d\u0259 Onun bayra\u011f\u0131m\u0131za olan d\u0259rin m\u0259h\u0259bb\u0259tind\u0259n v\u0259 s\u0259daq\u0259tind\u0259n qaynaqlan\u0131r. Az\u0259rbaycan \u0259sg\u0259ri v\u0259t\u0259nimizin suverenliyinin v\u0259 \u0259razi b\u00fct\u00f6vl\u00fcy\u00fcn\u00fcn qorunmas\u0131 il\u0259 ba\u011fl\u0131 \u015f\u0259r\u0259fli \u0259sg\u0259ri v\u0259zif\u0259sini yerin\u0259 yetirm\u0259y\u0259 ba\u015flayark\u0259n, m\u00fcq\u0259dd\u0259s bayra\u011f\u0131m\u0131za and i\u00e7ir. Az\u0259rbaycan\u0131n D\u00f6vl\u0259t bayra\u011f\u0131 milli suverenliyin simvolu kimi \u00f6lk\u0259mizin b\u00fct\u00fcn v\u0259t\u0259nda\u015flar\u0131 \u00fc\u00e7\u00fcn m\u00fcq\u0259dd\u0259s d\u00f6vl\u0259t\u00e7ilik r\u0259mzl\u0259rind\u0259n birin\u0259 \u00e7evrilib.<\/p>\n<p><strong>V\u00fcqar N\u0259sirov,<\/strong><br \/>\n<u>YAP Pirallah\u0131 rayon t\u0259\u015fkilat\u0131 Aparat\u0131n\u0131n m\u0259sul \u0259m\u0259kda\u015f\u0131<\/u><\/p>\n","protected":false},"excerpt":{"rendered":"<p>Bayraq &#8211; bir \u00f6lk\u0259ni varl\u0131\u011f\u0131n\u0131, m\u00f6vcudlu\u011funu bildir\u0259n d\u00f6vl\u0259t r\u0259mzidir v\u0259 \u00fcz\u0259rind\u0259ki h\u0259r r\u0259ng v\u0259 simvol bir \u00f6z\u0259l m\u0259na da\u015f\u0131y\u0131r. D\u00f6vl\u0259timizin \u00fc\u00e7r\u0259ngli bayra\u011f\u0131 Az\u0259rbaycan suverenliyinin v\u0259 m\u00fcst\u0259qilliyinin r\u0259mzidir. Bayraq tarix\u0259n h\u0259r bir xalq \u00fc\u00e7\u00fcn m\u00fcq\u0259dd\u0259s olub. \u0130nsanlar \u00f6z d\u00f6vl\u0259tl\u0259rinin bayraqlar\u0131na h\u0259mi\u015f\u0259 ehtiramla yana\u015f\u0131blar. Ona g\u00f6r\u0259 d\u0259, bayraq insanlar, xalqlar \u00fc\u00e7\u00fcn h\u0259mi\u015f\u0259 m\u00fcq\u0259dd\u0259s hesab edilib. Bu m\u0259nada \u00f6lk\u0259mizd\u0259 D\u00f6vl\u0259t Bayra\u011f\u0131 G\u00fcn\u00fcn\u00fcn qeyd olunmas\u0131 h\u0259m d\u00f6vl\u0259timiz, h\u0259m d\u0259 xalq\u0131m\u0131z \u00fc\u00e7\u00fcn olduqca \u0259lam\u0259tdar bir hadis\u0259dir, eyni zamanda ke\u00e7ib g\u0259ldiyimiz yola, tarix\u0259 q\u0131sa bir n\u0259z\u0259r salmaq imkan\u0131d\u0131r. Bayraq bizim m\u00fcst\u0259qilliyimizi d\u0259rk etm\u0259yimiz, onun q\u0259drini \u2013&hellip;<\/p>\n","protected":false},"author":2,"featured_media":653714,"comment_status":"closed","ping_status":"closed","sticky":false,"template":"","format":"standard","meta":{"om_disable_all_campaigns":false,"_monsterinsights_skip_tracking":false,"_monsterinsights_sitenote_active":false,"_monsterinsights_sitenote_note":"","_monsterinsights_sitenote_category":0},"categories":[19],"tags":[],"aioseo_notices":[],"gutentor_comment":0,"rttpg_featured_image_url":{"full":["https:\/\/arantv.az\/wp-content\/uploads\/2023\/11\/05f17e3c163654532620005959110599388.jpg",975,540,false],"landscape":["https:\/\/arantv.az\/wp-content\/uploads\/2023\/11\/05f17e3c163654532620005959110599388.jpg",975,540,false],"portraits":["https:\/\/arantv.az\/wp-content\/uploads\/2023\/11\/05f17e3c163654532620005959110599388.jpg",975,540,false],"thumbnail":["https:\/\/arantv.az\/wp-content\/uploads\/2023\/11\/05f17e3c163654532620005959110599388-500x280.jpg",500,280,true],"medium":["https:\/\/arantv.az\/wp-content\/uploads\/2023\/11\/05f17e3c163654532620005959110599388-660x365.jpg",660,365,true],"large":["https:\/\/arantv.az\/wp-content\/uploads\/2023\/11\/05f17e3c163654532620005959110599388-840x465.jpg",640,354,true],"1536x1536":["https:\/\/arantv.az\/wp-content\/uploads\/2023\/11\/05f17e3c163654532620005959110599388.jpg",975,540,false],"2048x2048":["https:\/\/arantv.az\/wp-content\/uploads\/2023\/11\/05f17e3c163654532620005959110599388.jpg",975,540,false],"post-thumbnail":["https:\/\/arantv.az\/wp-content\/uploads\/2023\/11\/05f17e3c163654532620005959110599388-240x172.jpg",240,172,true],"advps-thumb-one":["https:\/\/arantv.az\/wp-content\/uploads\/2023\/11\/05f17e3c163654532620005959110599388.jpg",975,540,false]},"rttpg_author":{"display_name":"V\u00fcsal Rafiqo\u011flu","author_link":"https:\/\/arantv.az\/?author=2"},"rttpg_comment":0,"rttpg_category":"<a href=\"https:\/\/arantv.az\/?cat=19\" rel=\"category\">G\u00fcnd\u0259m<\/a>","rttpg_excerpt":"Bayraq &#8211; bir \u00f6lk\u0259ni varl\u0131\u011f\u0131n\u0131, m\u00f6vcudlu\u011funu bildir\u0259n d\u00f6vl\u0259t r\u0259mzidir v\u0259 \u00fcz\u0259rind\u0259ki h\u0259r r\u0259ng v\u0259 simvol bir \u00f6z\u0259l m\u0259na da\u015f\u0131y\u0131r. D\u00f6vl\u0259timizin \u00fc\u00e7r\u0259ngli bayra\u011f\u0131 Az\u0259rbaycan suverenliyinin v\u0259 m\u00fcst\u0259qilliyinin r\u0259mzidir. Bayraq tarix\u0259n h\u0259r bir xalq \u00fc\u00e7\u00fcn m\u00fcq\u0259dd\u0259s olub. \u0130nsanlar \u00f6z d\u00f6vl\u0259tl\u0259rinin bayraqlar\u0131na h\u0259mi\u015f\u0259 ehtiramla yana\u015f\u0131blar. Ona g\u00f6r\u0259 d\u0259, bayraq insanlar, xalqlar \u00fc\u00e7\u00fcn h\u0259mi\u015f\u0259 m\u00fcq\u0259dd\u0259s hesab edilib. Bu m\u0259nada&hellip;","_links":{"self":[{"href":"https:\/\/arantv.az\/index.php?rest_route=\/wp\/v2\/posts\/653709"}],"collection":[{"href":"https:\/\/arantv.az\/index.php?rest_route=\/wp\/v2\/posts"}],"about":[{"href":"https:\/\/arantv.az\/index.php?rest_route=\/wp\/v2\/types\/post"}],"author":[{"embeddable":true,"href":"https:\/\/arantv.az\/index.php?rest_route=\/wp\/v2\/users\/2"}],"replies":[{"embeddable":true,"href":"https:\/\/arantv.az\/index.php?rest_route=%2Fwp%2Fv2%2Fcomments&post=653709"}],"version-history":[{"count":0,"href":"https:\/\/arantv.az\/index.php?rest_route=\/wp\/v2\/posts\/653709\/revisions"}],"wp:featuredmedia":[{"embeddable":true,"href":"https:\/\/arantv.az\/index.php?rest_route=\/wp\/v2\/media\/653714"}],"wp:attachment":[{"href":"https:\/\/arantv.az\/index.php?rest_route=%2Fwp%2Fv2%2Fmedia&parent=653709"}],"wp:term":[{"taxonomy":"category","embeddable":true,"href":"https:\/\/arantv.az\/index.php?rest_route=%2Fwp%2Fv2%2Fcategories&post=653709"},{"taxonomy":"post_tag","embeddable":true,"href":"https:\/\/arantv.az\/index.php?rest_route=%2Fwp%2Fv2%2Ftags&post=653709"}],"curies":[{"name":"wp","href":"https:\/\/api.w.org\/{rel}","templated":true}]}}