{"id":653713,"date":"2023-11-07T10:50:57","date_gmt":"2023-11-07T06:50:57","guid":{"rendered":"https:\/\/arantv.az\/?p=653713"},"modified":"2023-11-07T10:50:57","modified_gmt":"2023-11-07T06:50:57","slug":"z%c9%99f%c9%99r-isiginda-dalgalanan-bayragim","status":"publish","type":"post","link":"https:\/\/arantv.az\/?p=653713","title":{"rendered":"Z\u018fF\u018fR \u0130\u015eI\u011eINDA DAL\u011eALANAN BAYRA\u011eIM"},"content":{"rendered":"<p><em>\u00dc\u00e7r\u0259ngli bayra\u011f\u0131n k\u00f6lg\u0259sind\u0259 m\u0259n<br \/>\nQaraca torpa\u011f\u0131 v\u0259t\u0259n g\u00f6rm\u00fc\u015f\u0259m.<br \/>\nZ\u0259f\u0259r g\u00fcll\u0259rini d\u00f6vri-q\u0259dimd\u0259n<br \/>\nBayraq i\u015f\u0131\u011f\u0131nda bit\u0259n g\u00f6rm\u00fc\u015f\u0259m.<br \/>\nBayraq m\u0259nliyimdir, bayraq kimliyim,<br \/>\nBayraq-\u00f6z yurduma \u00f6z hakimliyim.<\/em><\/p>\n<p><u><strong>(B.Vahabzad\u0259)<\/strong><\/u><\/p>\n<p>Bu misralarda da deyildiyi kimi, bayraq m\u0259nlikdir, bayraq namusdur, \u015f\u0259r\u0259fdir, bayraq d\u00f6vl\u0259tin var olma s\u0259b\u0259bidir. Q\u0259dimd\u0259n b\u0259ri bayraq \u0259n m\u00fcq\u0259dd\u0259s varl\u0131q olmu\u015f, onun u\u011frunda \u0259r\u0259nl\u0259r can\u0131ndan ke\u00e7mi\u015f, bayra\u011f\u0131 qoruyub-saxlamaq \u00fc\u00e7\u00fcn \u0259n son damla qanlar\u0131na q\u0259d\u0259r vuru\u015fmu\u015flar. Bayraq V\u0259t\u0259n dem\u0259kdir, V\u0259t\u0259n u\u011frunda d\u00f6y\u00fc\u015fm\u0259k el\u0259 bayraq u\u011frunda d\u00f6y\u00fc\u015fm\u0259k dem\u0259kdir. \u00c7\u00fcnki bayraq d\u00f6vl\u0259tin \u0259sas atributudur. Bayra\u011fa edil\u0259n h\u0259r hans\u0131 h\u00f6rm\u0259tsizlik h\u0259min bayra\u011f\u0131n m\u0259nsub oldu\u011fu d\u00f6vl\u0259t\u0259 qar\u015f\u0131 edil\u0259n t\u0259hqirdir. El\u0259 bir adam ola bilm\u0259z ki, m\u0259nsub oldu\u011fu d\u00f6vl\u0259tin bayra\u011f\u0131n\u0131 g\u00f6r\u00fcb q\u0259lbind\u0259 q\u00fcrur, m\u0259nliyind\u0259 iftixar hiss etm\u0259sin. Bayraq ucal\u0131qd\u0131r, milli heysiyy\u0259tdir, v\u0259t\u0259nda\u015fl\u0131q q\u00fcrurudur. Az\u0259rbaycan Respublikas\u0131n\u0131n Konstitusiya Qanununda da deyildiyi kimi, Az\u0259rbaycan Respublikas\u0131n\u0131n D\u00f6vl\u0259t Bayra\u011f\u0131 Az\u0259rbaycan Respublikas\u0131n\u0131n d\u00f6vl\u0259t r\u0259mzidir.<\/p>\n<p><em><strong>Az\u0259rbaycan Xalq C\u00fcmhuriyy\u0259tinin qald\u0131rd\u0131\u011f\u0131 m\u00fcst\u0259qillik r\u0259mzi<\/strong><\/em><\/p>\n<p>\u00dc\u00e7r\u0259ngli D\u00f6vl\u0259t Bayra\u011f\u0131m\u0131z \u015e\u0259rqd\u0259 ilk parlamentli, demokratik respublika olan Az\u0259rbaycan Xalq C\u00fcmhuriyy\u0259ti d\u00f6vr\u00fcnd\u0259 qald\u0131r\u0131l\u0131b. 1918-ci il noyabr\u0131n 9-da D\u00f6vl\u0259t Bayra\u011f\u0131 haqq\u0131nda m\u0259s\u0259l\u0259y\u0259 baxan Az\u0259rbaycan Xalq C\u00fcmhuriyy\u0259ti h\u00f6kum\u0259ti mavi, q\u0131rm\u0131z\u0131 v\u0259 ya\u015f\u0131l r\u0259ngl\u0259rd\u0259n, a\u011f aypara v\u0259 s\u0259kkizbucaql\u0131 ulduzdan ibar\u0259t olan bayra\u011f\u0131 Az\u0259rbaycan Xalq C\u00fcmhuriyy\u0259tinin D\u00f6vl\u0259t Bayra\u011f\u0131 olaraq q\u0259bul edib. \u00dcst\u00fcnd\u0259 ay-ulduz ni\u015fan\u0259si olan D\u00f6vl\u0259t Bayra\u011f\u0131m\u0131z\u0131n r\u0259ngl\u0259rind\u0259ki m\u0259zmunda xalq\u0131m\u0131z\u0131n milli ideologiyas\u0131 v\u0259 m\u0259nliyi t\u0259c\u0259ss\u00fcm tap\u0131r. D\u00f6vl\u0259t Bayra\u011f\u0131m\u0131zdak\u0131 mavi r\u0259ng t\u00fcrkl\u00fcy\u00fcm\u00fcz\u00fc, q\u0131rm\u0131z\u0131 r\u0259ng azadl\u0131q v\u0259 istiqlaliyy\u0259ti, demokratiya v\u0259 insan h\u00fcquqlar\u0131n\u0131, ya\u015f\u0131l r\u0259ng is\u0259 \u0130slam sivilizasiyas\u0131na m\u0259nsubluq anlam\u0131n\u0131 ifad\u0259 edir. Az\u0259rbaycan Xalq C\u00fcmhuriyy\u0259ti s\u00fcqut etdikd\u0259n sonra \u00fc\u00e7r\u0259ngli bayra\u011f\u0131m\u0131z endirildi. Yaln\u0131z 70 ild\u0259n sonra Az\u0259rbaycan\u0131n \u00fc\u00e7r\u0259ngli bayra\u011f\u0131 milli \u015f\u00fcurun oyan\u0131\u015f\u0131 il\u0259 yenid\u0259n Az\u0259rbaycan xalq\u0131n\u0131n milli m\u00fcst\u0259qilliyinin v\u0259 irad\u0259sinin ifad\u0259si kimi dal\u011falanma\u011fa ba\u015flad\u0131. D\u00fcz 70 il sonra \u00dcmummilli Lider Heyd\u0259r \u018fliyevin uzaqg\u00f6r\u0259n z\u0259kas\u0131 v\u0259 \u0259zmi il\u0259 Nax\u00e7\u0131vanda dal\u011faland\u0131r\u0131lan, Nax\u00e7\u0131van Muxtar Respublikas\u0131n\u0131n D\u00f6vl\u0259t Bayra\u011f\u0131 olaraq t\u0259sdiq edil\u0259n \u00fc\u00e7r\u0259ngli bayraq m\u0259hz d\u00f6vl\u0259t\u00e7iliyimizin v\u0259 m\u00fcst\u0259qilliyimizin b\u0259rpa olunmas\u0131 v\u0259 el\u0259c\u0259 d\u0259 siyasi varisliyin t\u0259min edilm\u0259si idi. 1990-c\u0131 ill\u0259rin \u00e7\u0259tin, a\u011f\u0131r g\u00fcnl\u0259rind\u0259 ulu \u00f6nd\u0259r Heyd\u0259r \u018fliyevin r\u0259hb\u0259rliyi il\u0259 Nax\u00e7\u0131vanda m\u00fch\u00fcm d\u00f6vl\u0259t\u00e7ilik f\u0259aliyy\u0259ti h\u0259yata ke\u00e7iril\u0259r\u0259k, milli d\u00f6vl\u0259t\u00e7ilik \u0259n\u0259n\u0259l\u0259rinin \u0259sas\u0131 qoyuldu. 17 noyabr 1990-c\u0131 ild\u0259 Nax\u00e7\u0131van Muxtar Respublikas\u0131 Ali M\u0259clisinin Ulu \u00d6nd\u0259r Heyd\u0259r \u018fliyevin r\u0259hb\u0259rliyi il\u0259 ke\u00e7iril\u0259n iclas\u0131nda birinci n\u00f6vb\u0259d\u0259 bayraq m\u0259s\u0259l\u0259sin\u0259 bax\u0131lm\u0131\u015f, y\u00fcks\u0259k s\u0259sverm\u0259 il\u0259 \u00fc\u00e7r\u0259ngli, ay-ulduzlu bayraq qald\u0131r\u0131lm\u0131\u015f, Nax\u00e7\u0131van Muxtar Respublikas\u0131n\u0131n D\u00f6vl\u0259t Bayra\u011f\u0131 kimi t\u0259sdiq edilmi\u015fdir. Nax\u00e7\u0131van Muxtar Respublikas\u0131 Ali M\u0259clisinin 19 noyabr 1990-c\u0131 il tarixli q\u0259rar\u0131 il\u0259 is\u0259 bu bayraq r\u0259smi sur\u0259td\u0259 Ali M\u0259clisin binas\u0131 \u00fcz\u0259rind\u0259 ucald\u0131lm\u0131\u015fd\u0131r. Bel\u0259likl\u0259, vaxtil\u0259 b\u00f6y\u00fck uzaqg\u00f6r\u0259nlikl\u0259 Nax\u00e7\u0131van Muxtar Respublikas\u0131nda Ulu \u00d6nd\u0259r Heyd\u0259r \u018fliyevin \u0259zmi il\u0259 al\u0131nan tarixi q\u0259rarlar m\u00fcst\u0259qil Az\u0259rbaycan d\u00f6vl\u0259tinin d\u00f6vl\u0259t\u00e7ilik yoluna \u00e7evrildi. D\u00f6vl\u0259t bayra\u011f\u0131 kimi \u00fc\u00e7r\u0259ngli, ay-ulduzlu bayra\u011f\u0131n Az\u0259rbaycan\u0131n D\u00f6vl\u0259t Bayra\u011f\u0131 olaraq q\u0259bul edilm\u0259si d\u0259 Nax\u00e7\u0131vandan ba\u015flanan yolun davam\u0131 idi. \u00d6lk\u0259 ictimaiyy\u0259tinin t\u0259l\u0259bi il\u0259 1991-ci il fevral\u0131n 5-d\u0259 Az\u0259rbaycan SSR-nin Ali Soveti D\u00f6vl\u0259t Bayra\u011f\u0131 haqq\u0131nda Qanun q\u0259bul ed\u0259rk\u0259n \u00fc\u00e7r\u0259ngli bayra\u011fa da Az\u0259rbaycan Respublikas\u0131n\u0131n D\u00f6vl\u0259t Bayra\u011f\u0131 statusu verdi. H\u0259min il oktyabr\u0131n 18-d\u0259 d\u00f6vl\u0259t m\u00fcst\u0259qilliyini b\u0259rpa ed\u0259n Az\u0259rbaycan Respublikas\u0131 \u00f6z\u00fcn\u00fc Az\u0259rbaycan Xalq C\u00fcmhuriyy\u0259tinin varisi elan ed\u0259r\u0259k onun d\u00f6vl\u0259t r\u0259mzl\u0259rini, o c\u00fcml\u0259d\u0259n D\u00f6vl\u0259t Bayra\u011f\u0131n\u0131 da q\u0259bul etdi.<\/p>\n<p><em><strong>Yeni m\u0259rh\u0259l\u0259nin t\u0259nt\u0259n\u0259si&#8230;<\/strong><\/em><\/p>\n<p>Ulu \u00d6nd\u0259r Heyd\u0259r \u018fliyevin d\u00f6vl\u0259t\u00e7ilik yolu d\u00fcnyaya bir g\u00fcn\u0259\u015f kimi do\u011fan, g\u00fcn\u00fc-g\u00fcnd\u0259n inki\u015faf ed\u0259n m\u00fcst\u0259qil Az\u0259rbaycan Respublikas\u0131n\u0131n idar\u0259\u00e7ilik yolu, siyasi kursu v\u0259 d\u00f6vl\u0259t\u00e7ilik f\u0259ls\u0259f\u0259sidir. Bu bax\u0131mdan Ulu \u00d6nd\u0259r Heyd\u0259r \u018fliyevin Az\u0259rbaycan\u0131n d\u00f6vl\u0259t r\u0259mzl\u0259rin\u0259 olan qay\u011f\u0131s\u0131 da h\u0259mi\u015f\u0259 \u00f6lk\u0259mizd\u0259 \u00f6n planda tutulmu\u015f, u\u011furla davam v\u0259 inki\u015faf etdirilmi\u015fdir. Bu m\u0259nada, Az\u0259rbaycan Respublikas\u0131n\u0131n Prezidenti c\u0259nab \u0130lham \u018fliyevin siyasi hakimiyy\u0259t\u0259 g\u0259li\u015fi Az\u0259rbaycan\u0131n d\u00f6vl\u0259t m\u00fcst\u0259qilliyi tarixind\u0259 yeni m\u0259rh\u0259l\u0259nin ba\u015flan\u011f\u0131c\u0131n\u0131 qoydu. Ulu \u00d6nd\u0259rin siyasi kursunu u\u011furla davam etdir\u0259n Prezident \u0130lham \u018fliyevin milli ideyalara ba\u011fl\u0131l\u0131\u011f\u0131 h\u0259m d\u0259 bayra\u011f\u0131m\u0131za m\u00fcnasib\u0259td\u0259 a\u00e7\u0131q-ayd\u0131n g\u00f6r\u00fcn\u00fcrd\u00fc. \u201cAz\u0259rbaycan Respublikas\u0131n\u0131n D\u00f6vl\u0259t Bayra\u011f\u0131 haqq\u0131nda \u018fsasnam\u0259\u201dy\u0259 edilmi\u015f \u0259lav\u0259 v\u0259 d\u0259yi\u015fiklikl\u0259rin t\u0259sdiql\u0259nm\u0259si, \u201cAz\u0259rbaycan Respublikas\u0131 D\u00f6vl\u0259t Bayra\u011f\u0131n\u0131n istifad\u0259si qaydalar\u0131 haqq\u0131nda\u201d Qanunun imzalanmas\u0131 da d\u00f6vl\u0259t\u00e7iliy\u0259 s\u0259daq\u0259tin, y\u00fcks\u0259k ehtiram\u0131n ifad\u0259si idi. \u00d6lk\u0259 ba\u015f\u00e7\u0131s\u0131n\u0131n 2009-cu il noyabr\u0131n 17-d\u0259 imzalad\u0131\u011f\u0131 S\u0259r\u0259ncamla Az\u0259rbaycan\u0131n \u00fc\u00e7r\u0259ngli bayra\u011f\u0131n\u0131n ilk d\u0259f\u0259 q\u0259bul edildiyi 9 noyabr (1918-ci il) tarixi Az\u0259rbaycan Respublikas\u0131n\u0131n D\u00f6vl\u0259t Bayra\u011f\u0131 G\u00fcn\u00fc kimi t\u0259sis edildi. Art\u0131q 2010-cu ild\u0259n etibar\u0259n noyabr\u0131n 9-u respublikam\u0131zda D\u00f6vl\u0259t Bayra\u011f\u0131 G\u00fcn\u00fc kimi qeyd olunur. Az\u0259rbaycan Respublikas\u0131n\u0131n D\u00f6vl\u0259t Bayra\u011f\u0131n\u0131n Az\u0259rbaycan v\u0259t\u0259nda\u015flar\u0131n\u0131n milli h\u0259mr\u0259yliyinin, vahid m\u0259fkur\u0259 \u0259traf\u0131nda s\u0131x birl\u0259\u015fm\u0259l\u0259rinin ba\u015fl\u0131ca amill\u0259rind\u0259n biri oldu\u011funu n\u0259z\u0259r\u0259 alaraq v\u0259 onun t\u0259bli\u011finin daim diqq\u0259t m\u0259rk\u0259zind\u0259 saxlan\u0131lmas\u0131n\u0131 t\u0259min etm\u0259k m\u0259qs\u0259dil\u0259 Bak\u0131 \u015f\u0259h\u0259rind\u0259, X\u0259z\u0259rin sahilind\u0259 D\u00f6vl\u0259t Bayra\u011f\u0131 Meydan\u0131n\u0131n yarad\u0131lmas\u0131 da Prezident \u0130lham \u018fliyevin d\u00f6vl\u0259t atributlar\u0131na olan y\u00fcks\u0259k ehtiram\u0131n\u0131n \u0259n g\u00f6z\u0259l n\u00fcmun\u0259si idi.<\/p>\n<p><em><strong>Z\u0259f\u0259r i\u015f\u0131\u011f\u0131nda dal\u011falanan \u00fc\u00e7r\u0259ngli bayra\u011f\u0131m\u0131z<\/strong><\/em><\/p>\n<p>\u00dc\u00e7 il \u00f6nc\u0259y\u0259 q\u0259d\u0259r hans\u0131 Az\u0259rbaycan v\u0259t\u0259nda\u015f\u0131ndan \u201c\u018fn b\u00f6y\u00fck arzun n\u0259dir?\u201d dey\u0259 soru\u015fulanda, birm\u0259nal\u0131 \u015f\u0259kild\u0259 \u201co g\u00fcn olsun bayra\u011f\u0131m\u0131z Qaraba\u011fda \u2013 \u015eu\u015fada dal\u011falans\u0131n\u201d dey\u0259rdi. 2010-cu il sentyabr\u0131n 1-d\u0259 Bak\u0131da D\u00f6vl\u0259t Bayra\u011f\u0131 Meydan\u0131n\u0131n a\u00e7\u0131l\u0131\u015f m\u0259rasimind\u0259\u00a0 Prezident \u0130lham \u018fliyevin bayraqla ba\u011fl\u0131 \u00e7\u0131x\u0131\u015f\u0131 demi\u015fdir: \u201cBu g\u00fcn Az\u0259rbaycan\u0131n h\u0259r bir yerind\u0259 D\u00f6vl\u0259t Bayra\u011f\u0131 dal\u011falan\u0131r. Az\u0259rbaycan \u0259razi b\u00fct\u00f6vl\u00fcy\u00fcn\u00fc b\u0259rpa ed\u0259nd\u0259n sonra milli D\u00f6vl\u0259t Bayra\u011f\u0131m\u0131z bu g\u00fcn h\u0259l\u0259 d\u0259 i\u015f\u011fal alt\u0131nda olan torpaqlarda qald\u0131r\u0131lacaqd\u0131r. Bizim bayra\u011f\u0131m\u0131z Da\u011fl\u0131q Qaraba\u011fda, Xank\u0259ndid\u0259, \u015eu\u015fada dal\u011falanacaqd\u0131r\u201d. N\u0259hay\u0259t, q\u00fcdr\u0259tli Ali Ba\u015f Komandan\u0131m\u0131z\u0131n ba\u015f\u00e7\u0131l\u0131\u011f\u0131 il\u0259, r\u0259\u015fad\u0259tli ordumuzun g\u00fcc\u00fc il\u0259 30 illik arzular\u0131m\u0131z ger\u00e7\u0259k oldu. Bu g\u00fcn \u00fc\u00e7r\u0259ngli bayra\u011f\u0131m\u0131z \u0259z\u0259li v\u0259 \u0259b\u0259di torpaqlar\u0131m\u0131z olan Qaraba\u011f\u0131n s\u0259malar\u0131n\u0131 b\u0259z\u0259yir. Bu g\u00fcn Az\u0259rbaycan torpaqlar\u0131ndan z\u0259f\u0259r qoxusu g\u0259lir, qalibiyy\u0259tin r\u0259mzi olan xar\u0131b\u00fclb\u00fcl \u00f6z q\u0259l\u0259b\u0259 \u0259trini b\u00fct\u00fcn Az\u0259rbaycana yay\u0131r. 44 g\u00fcnl\u00fck V\u0259t\u0259n m\u00fcharib\u0259si d\u00f6vr\u00fcnd\u0259 i\u015f\u011faldan azad edilmi\u015f torpaqlar\u0131m\u0131za \u00fc\u00e7r\u0259ngli, ayl\u0131-ulduzlu bayra\u011f\u0131m\u0131z q\u0259hr\u0259man \u0259sg\u0259rl\u0259rimiz t\u0259r\u0259find\u0259n sanc\u0131ld\u0131qca Az\u0259rbaycan xalq\u0131n\u0131n q\u0259lbi d\u0259 f\u0259r\u0259hl\u0259 dolurdu. Prezident \u0130lham \u018fliyevin 2020-ci il 3 dekabrda imzalad\u0131\u011f\u0131 S\u0259r\u0259ncama \u0259sas\u0259n h\u0259r il noyabr\u0131n 8-i \u00f6lk\u0259d\u0259 Z\u0259f\u0259r G\u00fcn\u00fcn\u00fc kimi qeyd edilir. Bu m\u00f6ht\u0259\u015f\u0259m Z\u0259f\u0259r tarixinin 8 noyabrda qeyd edilm\u0259si d\u0259 t\u0259sad\u00fcfi deyil, bel\u0259 ki, h\u0259min g\u00fcn Qaraba\u011f\u0131n g\u00f6z b\u0259b\u0259yi olan \u015eu\u015fa \u015f\u0259h\u0259ri azad edildi. H\u0259m d\u0259 \u015eu\u015fa u\u011frunda ged\u0259n d\u00f6y\u00fc\u015fl\u0259r m\u00fcharib\u0259nin taleyini h\u0259ll ed\u0259r\u0259k q\u0259l\u0259b\u0259ni s\u00fcr\u0259tl\u0259ndirdi. B\u00f6y\u00fck Q\u0259l\u0259b\u0259mizin t\u0259c\u0259ss\u00fcm\u00fc olan Z\u0259f\u0259r G\u00fcn\u00fc il\u0259 D\u00f6vl\u0259t Bayra\u011f\u0131 G\u00fcn\u00fcn\u00fcn ard\u0131c\u0131l olaraq qeyd edilm\u0259si t\u0259qvimd\u0259 xo\u015f bir t\u0259sad\u00fcf oldu. \u015eanl\u0131 Z\u0259f\u0259rimiz n\u0259tic\u0259sind\u0259 \u00fc\u00e7r\u0259ngli bayra\u011f\u0131m\u0131z art\u0131q 30 il\u0259 yax\u0131n h\u0259sr\u0259t qald\u0131\u011f\u0131 torpaqlara qovu\u015fdu, Qaraba\u011f diyar\u0131n\u0131 \u00f6z ay-ulduzu il\u0259 b\u0259z\u0259di.<\/p>\n<p>Az\u0259rbaycan Ordusunun sentyabr\u0131n 19-20-d\u0259 Qaraba\u011fda h\u0259yata ke\u00e7irdiyi lokal xarakterli antiterror t\u0259dbirl\u0259ri n\u0259tic\u0259sind\u0259 separat\u00e7\u0131lardan t\u0259mizl\u0259diyi, \u00fcmumiyy\u0259tl\u0259, i\u015f\u011faldan yeni azad edil\u0259n \u0259razil\u0259rd\u0259 d\u00f6vl\u0259t bayra\u011f\u0131m\u0131z\u0131n qald\u0131r\u0131lmas\u0131n\u0131 h\u0259r birimiz h\u0259rs\u0259tl\u0259 g\u00f6zl\u0259yirdik. N\u0259hay\u0259t, Prezident \u0130lham \u018fliyev 15 oktyabr tarixli Qaraba\u011f s\u0259f\u0259rind\u0259 bir daha bel\u0259 bir q\u00fcrurlu anlar\u0131 xalq\u0131m\u0131za ya\u015fatd\u0131. Bel\u0259 ki, bu s\u0259f\u0259r \u00e7\u0259r\u00e7iv\u0259sind\u0259 d\u00f6vl\u0259timizin ba\u015f\u00e7\u0131s\u0131 A\u011fd\u0259r\u0259, Xocal\u0131, Xocav\u0259nd v\u0259 Xank\u0259ndi \u015f\u0259h\u0259rl\u0259rind\u0259, el\u0259c\u0259 d\u0259 T\u0259rt\u0259r rayonunda S\u0259rs\u0259ng su anbar\u0131n\u0131n \u0259razisind\u0259, Xocal\u0131 rayonunun \u018fsg\u0259ran q\u0259s\u0259b\u0259sind\u0259 Az\u0259rbaycan Respublikas\u0131n\u0131n D\u00f6vl\u0259t Bayra\u011f\u0131n\u0131n ucald\u0131lmas\u0131 m\u0259rasimind\u0259 i\u015ftirak etdi. Bu s\u0259f\u0259rin \u0259n \u0259lam\u0259tdar hadis\u0259si c\u0259nab Prezidentin Xank\u0259ndi \u015f\u0259h\u0259rinin m\u0259rk\u0259zi meydan\u0131nda Az\u0259rbaycan Respublikas\u0131n\u0131n D\u00f6vl\u0259t Bayra\u011f\u0131n\u0131 ucaltmas\u0131 v\u0259 buradan xalqa canl\u0131 m\u00fcraci\u0259t etm\u0259si idi. Bu, Ali Ba\u015f Komandan\u0131n n\u00f6vb\u0259ti Z\u0259f\u0259r \u00e7\u0131x\u0131\u015f\u0131 idi. Prezident \u0130lham \u018fliyev: \u201cBu g\u00fcn Xank\u0259ndid\u0259yik, Xank\u0259ndinin m\u0259rk\u0259zind\u0259yik, Az\u0259rbaycan Gerbi, Az\u0259rbaycan Bayra\u011f\u0131 alt\u0131nda. Bu, b\u00f6y\u00fck xo\u015fb\u0259xtlikdir v\u0259 tarixi hadis\u0259dir. Bu Q\u0259l\u0259b\u0259 bizim tariximizd\u0259 \u0259b\u0259di olacaq. Bizd\u0259n sonra g\u0259l\u0259n n\u0259sill\u0259r bu Q\u0259l\u0259b\u0259 il\u0259 \u0259b\u0259di v\u0259 haql\u0131 olaraq f\u0259xr ed\u0259c\u0259kl\u0259r\u201d.<\/p>\n","protected":false},"excerpt":{"rendered":"<p>\u00dc\u00e7r\u0259ngli bayra\u011f\u0131n k\u00f6lg\u0259sind\u0259 m\u0259n Qaraca torpa\u011f\u0131 v\u0259t\u0259n g\u00f6rm\u00fc\u015f\u0259m. Z\u0259f\u0259r g\u00fcll\u0259rini d\u00f6vri-q\u0259dimd\u0259n Bayraq i\u015f\u0131\u011f\u0131nda bit\u0259n g\u00f6rm\u00fc\u015f\u0259m. Bayraq m\u0259nliyimdir, bayraq kimliyim, Bayraq-\u00f6z yurduma \u00f6z hakimliyim. (B.Vahabzad\u0259) Bu misralarda da deyildiyi kimi, bayraq m\u0259nlikdir, bayraq namusdur, \u015f\u0259r\u0259fdir, bayraq d\u00f6vl\u0259tin var olma s\u0259b\u0259bidir. Q\u0259dimd\u0259n b\u0259ri bayraq \u0259n m\u00fcq\u0259dd\u0259s varl\u0131q olmu\u015f, onun u\u011frunda \u0259r\u0259nl\u0259r can\u0131ndan ke\u00e7mi\u015f, bayra\u011f\u0131 qoruyub-saxlamaq \u00fc\u00e7\u00fcn \u0259n son damla qanlar\u0131na q\u0259d\u0259r vuru\u015fmu\u015flar. Bayraq V\u0259t\u0259n dem\u0259kdir, V\u0259t\u0259n u\u011frunda d\u00f6y\u00fc\u015fm\u0259k el\u0259 bayraq u\u011frunda d\u00f6y\u00fc\u015fm\u0259k dem\u0259kdir. \u00c7\u00fcnki bayraq d\u00f6vl\u0259tin \u0259sas atributudur. Bayra\u011fa edil\u0259n h\u0259r hans\u0131 h\u00f6rm\u0259tsizlik h\u0259min bayra\u011f\u0131n m\u0259nsub oldu\u011fu d\u00f6vl\u0259t\u0259 qar\u015f\u0131 edil\u0259n t\u0259hqirdir. El\u0259&hellip;<\/p>\n","protected":false},"author":2,"featured_media":653715,"comment_status":"closed","ping_status":"closed","sticky":false,"template":"","format":"standard","meta":{"om_disable_all_campaigns":false,"_monsterinsights_skip_tracking":false,"_monsterinsights_sitenote_active":false,"_monsterinsights_sitenote_note":"","_monsterinsights_sitenote_category":0},"categories":[19],"tags":[],"aioseo_notices":[],"gutentor_comment":0,"rttpg_featured_image_url":{"full":["https:\/\/arantv.az\/wp-content\/uploads\/2023\/11\/912e79cd163350368725159899210244786.jpg",975,540,false],"landscape":["https:\/\/arantv.az\/wp-content\/uploads\/2023\/11\/912e79cd163350368725159899210244786.jpg",975,540,false],"portraits":["https:\/\/arantv.az\/wp-content\/uploads\/2023\/11\/912e79cd163350368725159899210244786.jpg",975,540,false],"thumbnail":["https:\/\/arantv.az\/wp-content\/uploads\/2023\/11\/912e79cd163350368725159899210244786-500x280.jpg",500,280,true],"medium":["https:\/\/arantv.az\/wp-content\/uploads\/2023\/11\/912e79cd163350368725159899210244786-660x365.jpg",660,365,true],"large":["https:\/\/arantv.az\/wp-content\/uploads\/2023\/11\/912e79cd163350368725159899210244786-840x465.jpg",640,354,true],"1536x1536":["https:\/\/arantv.az\/wp-content\/uploads\/2023\/11\/912e79cd163350368725159899210244786.jpg",975,540,false],"2048x2048":["https:\/\/arantv.az\/wp-content\/uploads\/2023\/11\/912e79cd163350368725159899210244786.jpg",975,540,false],"post-thumbnail":["https:\/\/arantv.az\/wp-content\/uploads\/2023\/11\/912e79cd163350368725159899210244786-240x172.jpg",240,172,true],"advps-thumb-one":["https:\/\/arantv.az\/wp-content\/uploads\/2023\/11\/912e79cd163350368725159899210244786.jpg",975,540,false]},"rttpg_author":{"display_name":"V\u00fcsal Rafiqo\u011flu","author_link":"https:\/\/arantv.az\/?author=2"},"rttpg_comment":0,"rttpg_category":"<a href=\"https:\/\/arantv.az\/?cat=19\" rel=\"category\">G\u00fcnd\u0259m<\/a>","rttpg_excerpt":"\u00dc\u00e7r\u0259ngli bayra\u011f\u0131n k\u00f6lg\u0259sind\u0259 m\u0259n Qaraca torpa\u011f\u0131 v\u0259t\u0259n g\u00f6rm\u00fc\u015f\u0259m. Z\u0259f\u0259r g\u00fcll\u0259rini d\u00f6vri-q\u0259dimd\u0259n Bayraq i\u015f\u0131\u011f\u0131nda bit\u0259n g\u00f6rm\u00fc\u015f\u0259m. Bayraq m\u0259nliyimdir, bayraq kimliyim, Bayraq-\u00f6z yurduma \u00f6z hakimliyim. (B.Vahabzad\u0259) Bu misralarda da deyildiyi kimi, bayraq m\u0259nlikdir, bayraq namusdur, \u015f\u0259r\u0259fdir, bayraq d\u00f6vl\u0259tin var olma s\u0259b\u0259bidir. Q\u0259dimd\u0259n b\u0259ri bayraq \u0259n m\u00fcq\u0259dd\u0259s varl\u0131q olmu\u015f, onun u\u011frunda \u0259r\u0259nl\u0259r can\u0131ndan ke\u00e7mi\u015f, bayra\u011f\u0131 qoruyub-saxlamaq \u00fc\u00e7\u00fcn \u0259n&hellip;","_links":{"self":[{"href":"https:\/\/arantv.az\/index.php?rest_route=\/wp\/v2\/posts\/653713"}],"collection":[{"href":"https:\/\/arantv.az\/index.php?rest_route=\/wp\/v2\/posts"}],"about":[{"href":"https:\/\/arantv.az\/index.php?rest_route=\/wp\/v2\/types\/post"}],"author":[{"embeddable":true,"href":"https:\/\/arantv.az\/index.php?rest_route=\/wp\/v2\/users\/2"}],"replies":[{"embeddable":true,"href":"https:\/\/arantv.az\/index.php?rest_route=%2Fwp%2Fv2%2Fcomments&post=653713"}],"version-history":[{"count":0,"href":"https:\/\/arantv.az\/index.php?rest_route=\/wp\/v2\/posts\/653713\/revisions"}],"wp:featuredmedia":[{"embeddable":true,"href":"https:\/\/arantv.az\/index.php?rest_route=\/wp\/v2\/media\/653715"}],"wp:attachment":[{"href":"https:\/\/arantv.az\/index.php?rest_route=%2Fwp%2Fv2%2Fmedia&parent=653713"}],"wp:term":[{"taxonomy":"category","embeddable":true,"href":"https:\/\/arantv.az\/index.php?rest_route=%2Fwp%2Fv2%2Fcategories&post=653713"},{"taxonomy":"post_tag","embeddable":true,"href":"https:\/\/arantv.az\/index.php?rest_route=%2Fwp%2Fv2%2Ftags&post=653713"}],"curies":[{"name":"wp","href":"https:\/\/api.w.org\/{rel}","templated":true}]}}