{"id":653859,"date":"2023-11-07T14:02:59","date_gmt":"2023-11-07T10:02:59","guid":{"rendered":"https:\/\/arantv.az\/?p=653859"},"modified":"2023-11-07T14:02:59","modified_gmt":"2023-11-07T10:02:59","slug":"prezidentd%c9%99n-xususi-t%c9%99yinatlilarla-bagli-f%c9%99rman","status":"publish","type":"post","link":"https:\/\/arantv.az\/?p=653859","title":{"rendered":"Prezidentd\u0259n x\u00fcsusi t\u0259yinatl\u0131larla ba\u011fl\u0131 F\u018fRMAN"},"content":{"rendered":"<p>Prezident<strong>\u00a0\u0130lham \u018fliyev<\/strong>\u00a0Az\u0259rbaycan Respublikas\u0131 M\u00fcdafi\u0259 Nazirliyinin X\u00fcsusi T\u0259yinatl\u0131 Q\u00fcvv\u0259l\u0259rinin h\u0259rbi qulluq\u00e7ular\u0131n\u0131n v\u0259zif\u0259 maa\u015flar\u0131n\u0131n art\u0131r\u0131lmas\u0131 haqq\u0131nda F\u0259rman imzalay\u0131b.<\/p>\n<p>Bu bar\u0259d\u0259\u00a0<a href=\"https:\/\/president.az\/az\/articles\/view\/62108\" target=\"_blank\" rel=\"noopener\"><strong>President.az<\/strong><\/a>\u00a0x\u0259b\u0259r verir.<\/p>\n<p>F\u0259rmanla h\u0259rb\u00e7il\u0259rin sosial m\u00fcdafi\u0259sini g\u00fccl\u0259ndirm\u0259k m\u0259qs\u0259dil\u0259:<\/p>\n<p>1. Az\u0259rbaycan Respublikas\u0131 M\u00fcdafi\u0259 Nazirliyinin X\u00fcsusi T\u0259yinatl\u0131 Q\u00fcvv\u0259l\u0259rinin zabit, gizir v\u0259 m\u00fcdd\u0259td\u0259n art\u0131q h\u0259qiqi h\u0259rbi xidm\u0259t h\u0259rbi qulluq\u00e7ular\u0131n\u0131n ayl\u0131q v\u0259zif\u0259 maa\u015flar\u0131 orta hesabla 2,1 d\u0259f\u0259 art\u0131r\u0131l\u0131r.<\/p>\n<p>2. Bu f\u0259rman\u0131n 1-ci hiss\u0259sind\u0259 n\u0259z\u0259rd\u0259 tutulan h\u0259rbi qulluq\u00e7ular \u00fc\u00e7\u00fcn art\u0131m \u0259msal\u0131 t\u0259tbiq edilir.<\/p>\n<p>3. M\u00fc\u0259yy\u0259n edilir ki, bu f\u0259rman\u0131n 2-ci hiss\u0259sind\u0259 n\u0259z\u0259rd\u0259 tutulan art\u0131m \u0259msal\u0131 h\u0259rbi qulluq\u00e7ulara Az\u0259rbaycan Respublikas\u0131n\u0131n M\u00fcdafi\u0259 Nazirliyi il\u0259 Az\u0259rbaycan Respublikas\u0131n\u0131n Maliyy\u0259 Nazirliyi aras\u0131nda h\u0259r m\u00fcvafiq b\u00fcdc\u0259 ili \u00fczr\u0259 raz\u0131la\u015fd\u0131r\u0131lm\u0131\u015f say v\u0259 t\u0259rkib\u0259 uy\u011fun olaraq, yaln\u0131z xidm\u0259ti v\u0259zif\u0259l\u0259rin icras\u0131 zaman\u0131 Az\u0259rbaycan Respublikas\u0131n\u0131n M\u00fcdafi\u0259 Nazirliyi t\u0259r\u0259find\u0259n \u00f6d\u0259nilir.<\/p>\n<p>Az\u0259rbaycan Respublikas\u0131n\u0131n Nazirl\u0259r Kabinetin\u0259 bir ay m\u00fcdd\u0259tind\u0259 bu f\u0259rman\u0131n 1-ci hiss\u0259sin\u0259 uy\u011fun olaraq, h\u0259rbi qulluq\u00e7ular\u0131n v\u0259zif\u0259 maa\u015flar\u0131n\u0131n m\u0259bl\u0259\u011fini, h\u0259m\u00e7inin bu f\u0259rman\u0131n 2-ci hiss\u0259sind\u0259 n\u0259z\u0259rd\u0259 tutulan art\u0131m \u0259msal\u0131n\u0131n m\u0259bl\u0259\u011finin yuxar\u0131 h\u0259ddini, el\u0259c\u0259 d\u0259 bu f\u0259rman\u0131n 6-c\u0131 hiss\u0259sin\u0259 uy\u011fun olaraq, v\u0259zif\u0259l\u0259rin siyah\u0131s\u0131n\u0131 v\u0259 h\u0259min v\u0259zif\u0259l\u0259r \u00fczr\u0259 h\u0259rbi qulluq\u00e7ular\u0131n v\u0259zif\u0259 maa\u015flar\u0131n\u0131n m\u0259bl\u0259\u011fini m\u00fc\u0259yy\u0259n edib Az\u0259rbaycan Respublikas\u0131n\u0131n Prezidentin\u0259 m\u0259lumat verm\u0259k, s\u0259n\u0259dd\u0259n ir\u0259li g\u0259l\u0259n dig\u0259r m\u0259s\u0259l\u0259l\u0259ri h\u0259ll etm\u0259k h\u0259val\u0259 olunur.<\/p>\n<p>Az\u0259rbaycan Respublikas\u0131n\u0131n M\u00fcdafi\u0259 Nazirliyi bu f\u0259rman\u0131n 2-ci hiss\u0259sind\u0259 n\u0259z\u0259rd\u0259 tutulan art\u0131m \u0259msal\u0131n\u0131n m\u0259bl\u0259\u011fini bu f\u0259rman\u0131n 4.2-ci b\u0259ndini v\u0259 h\u0259rbi qulluq\u00e7ular\u0131n yerin\u0259 yetirdikl\u0259ri tap\u015f\u0131r\u0131qlar\u0131n x\u00fcsusiyy\u0259tl\u0259rini n\u0259z\u0259r\u0259 almaqla iki ay m\u00fcdd\u0259tind\u0259 m\u00fc\u0259yy\u0259n etm\u0259li, f\u0259rmandan ir\u0259li g\u0259l\u0259n dig\u0259r m\u0259s\u0259l\u0259l\u0259rin h\u0259lli \u00fc\u00e7\u00fcn z\u0259ruri t\u0259dbirl\u0259r g\u00f6rm\u0259lidir.<\/p>\n<p>Bu f\u0259rman 2022-ci il dekabr\u0131n 1-d\u0259n (bu f\u0259rman\u0131n 1-ci hiss\u0259si \u2013 siyah\u0131s\u0131 Az\u0259rbaycan Respublikas\u0131n\u0131n Nazirl\u0259r Kabineti t\u0259r\u0259find\u0259n m\u00fc\u0259yy\u0259n edil\u0259n v\u0259zif\u0259l\u0259r \u00fczr\u0259 2023-c\u00fc il yanvar\u0131n 1-d\u0259n) t\u0259tbiq edilir.<\/p>\n","protected":false},"excerpt":{"rendered":"<p>Prezident\u00a0\u0130lham \u018fliyev\u00a0Az\u0259rbaycan Respublikas\u0131 M\u00fcdafi\u0259 Nazirliyinin X\u00fcsusi T\u0259yinatl\u0131 Q\u00fcvv\u0259l\u0259rinin h\u0259rbi qulluq\u00e7ular\u0131n\u0131n v\u0259zif\u0259 maa\u015flar\u0131n\u0131n art\u0131r\u0131lmas\u0131 haqq\u0131nda F\u0259rman imzalay\u0131b. Bu bar\u0259d\u0259\u00a0President.az\u00a0x\u0259b\u0259r verir. F\u0259rmanla h\u0259rb\u00e7il\u0259rin sosial m\u00fcdafi\u0259sini g\u00fccl\u0259ndirm\u0259k m\u0259qs\u0259dil\u0259: 1. Az\u0259rbaycan Respublikas\u0131 M\u00fcdafi\u0259 Nazirliyinin X\u00fcsusi T\u0259yinatl\u0131 Q\u00fcvv\u0259l\u0259rinin zabit, gizir v\u0259 m\u00fcdd\u0259td\u0259n art\u0131q h\u0259qiqi h\u0259rbi xidm\u0259t h\u0259rbi qulluq\u00e7ular\u0131n\u0131n ayl\u0131q v\u0259zif\u0259 maa\u015flar\u0131 orta hesabla 2,1 d\u0259f\u0259 art\u0131r\u0131l\u0131r. 2. Bu f\u0259rman\u0131n 1-ci hiss\u0259sind\u0259 n\u0259z\u0259rd\u0259 tutulan h\u0259rbi qulluq\u00e7ular \u00fc\u00e7\u00fcn art\u0131m \u0259msal\u0131 t\u0259tbiq edilir. 3. M\u00fc\u0259yy\u0259n edilir ki, bu f\u0259rman\u0131n 2-ci hiss\u0259sind\u0259 n\u0259z\u0259rd\u0259 tutulan art\u0131m \u0259msal\u0131 h\u0259rbi qulluq\u00e7ulara Az\u0259rbaycan Respublikas\u0131n\u0131n M\u00fcdafi\u0259 Nazirliyi il\u0259 Az\u0259rbaycan Respublikas\u0131n\u0131n Maliyy\u0259 Nazirliyi aras\u0131nda h\u0259r&hellip;<\/p>\n","protected":false},"author":2,"featured_media":653861,"comment_status":"closed","ping_status":"closed","sticky":false,"template":"","format":"standard","meta":{"om_disable_all_campaigns":false,"_monsterinsights_skip_tracking":false,"_monsterinsights_sitenote_active":false,"_monsterinsights_sitenote_note":"","_monsterinsights_sitenote_category":0},"categories":[4],"tags":[],"aioseo_notices":[],"gutentor_comment":0,"rttpg_featured_image_url":{"full":["https:\/\/arantv.az\/wp-content\/uploads\/2023\/11\/FotoJet-2022-06-26T221838.637.jpg",620,413,false],"landscape":["https:\/\/arantv.az\/wp-content\/uploads\/2023\/11\/FotoJet-2022-06-26T221838.637.jpg",620,413,false],"portraits":["https:\/\/arantv.az\/wp-content\/uploads\/2023\/11\/FotoJet-2022-06-26T221838.637.jpg",620,413,false],"thumbnail":["https:\/\/arantv.az\/wp-content\/uploads\/2023\/11\/FotoJet-2022-06-26T221838.637-500x280.jpg",500,280,true],"medium":["https:\/\/arantv.az\/wp-content\/uploads\/2023\/11\/FotoJet-2022-06-26T221838.637-548x365.jpg",548,365,true],"large":["https:\/\/arantv.az\/wp-content\/uploads\/2023\/11\/FotoJet-2022-06-26T221838.637.jpg",620,413,false],"1536x1536":["https:\/\/arantv.az\/wp-content\/uploads\/2023\/11\/FotoJet-2022-06-26T221838.637.jpg",620,413,false],"2048x2048":["https:\/\/arantv.az\/wp-content\/uploads\/2023\/11\/FotoJet-2022-06-26T221838.637.jpg",620,413,false],"post-thumbnail":["https:\/\/arantv.az\/wp-content\/uploads\/2023\/11\/FotoJet-2022-06-26T221838.637-240x172.jpg",240,172,true],"advps-thumb-one":["https:\/\/arantv.az\/wp-content\/uploads\/2023\/11\/FotoJet-2022-06-26T221838.637.jpg",620,413,false]},"rttpg_author":{"display_name":"V\u00fcsal Rafiqo\u011flu","author_link":"https:\/\/arantv.az\/?author=2"},"rttpg_comment":0,"rttpg_category":"<a href=\"https:\/\/arantv.az\/?cat=4\" rel=\"category\">Siyas\u0259t<\/a>","rttpg_excerpt":"Prezident\u00a0\u0130lham \u018fliyev\u00a0Az\u0259rbaycan Respublikas\u0131 M\u00fcdafi\u0259 Nazirliyinin X\u00fcsusi T\u0259yinatl\u0131 Q\u00fcvv\u0259l\u0259rinin h\u0259rbi qulluq\u00e7ular\u0131n\u0131n v\u0259zif\u0259 maa\u015flar\u0131n\u0131n art\u0131r\u0131lmas\u0131 haqq\u0131nda F\u0259rman imzalay\u0131b. Bu bar\u0259d\u0259\u00a0President.az\u00a0x\u0259b\u0259r verir. F\u0259rmanla h\u0259rb\u00e7il\u0259rin sosial m\u00fcdafi\u0259sini g\u00fccl\u0259ndirm\u0259k m\u0259qs\u0259dil\u0259: 1. Az\u0259rbaycan Respublikas\u0131 M\u00fcdafi\u0259 Nazirliyinin X\u00fcsusi T\u0259yinatl\u0131 Q\u00fcvv\u0259l\u0259rinin zabit, gizir v\u0259 m\u00fcdd\u0259td\u0259n art\u0131q h\u0259qiqi h\u0259rbi xidm\u0259t h\u0259rbi qulluq\u00e7ular\u0131n\u0131n ayl\u0131q v\u0259zif\u0259 maa\u015flar\u0131 orta hesabla 2,1 d\u0259f\u0259 art\u0131r\u0131l\u0131r. 2. Bu f\u0259rman\u0131n 1-ci&hellip;","_links":{"self":[{"href":"https:\/\/arantv.az\/index.php?rest_route=\/wp\/v2\/posts\/653859"}],"collection":[{"href":"https:\/\/arantv.az\/index.php?rest_route=\/wp\/v2\/posts"}],"about":[{"href":"https:\/\/arantv.az\/index.php?rest_route=\/wp\/v2\/types\/post"}],"author":[{"embeddable":true,"href":"https:\/\/arantv.az\/index.php?rest_route=\/wp\/v2\/users\/2"}],"replies":[{"embeddable":true,"href":"https:\/\/arantv.az\/index.php?rest_route=%2Fwp%2Fv2%2Fcomments&post=653859"}],"version-history":[{"count":0,"href":"https:\/\/arantv.az\/index.php?rest_route=\/wp\/v2\/posts\/653859\/revisions"}],"wp:featuredmedia":[{"embeddable":true,"href":"https:\/\/arantv.az\/index.php?rest_route=\/wp\/v2\/media\/653861"}],"wp:attachment":[{"href":"https:\/\/arantv.az\/index.php?rest_route=%2Fwp%2Fv2%2Fmedia&parent=653859"}],"wp:term":[{"taxonomy":"category","embeddable":true,"href":"https:\/\/arantv.az\/index.php?rest_route=%2Fwp%2Fv2%2Fcategories&post=653859"},{"taxonomy":"post_tag","embeddable":true,"href":"https:\/\/arantv.az\/index.php?rest_route=%2Fwp%2Fv2%2Ftags&post=653859"}],"curies":[{"name":"wp","href":"https:\/\/api.w.org\/{rel}","templated":true}]}}