{"id":653871,"date":"2023-11-07T14:05:24","date_gmt":"2023-11-07T10:05:24","guid":{"rendered":"https:\/\/arantv.az\/?p=653871"},"modified":"2023-11-07T14:05:24","modified_gmt":"2023-11-07T10:05:24","slug":"hikm%c9%99t-haciyev-beyn%c9%99lxalq-s%c9%99yah%c9%99tcil%c9%99r-v%c9%99-s%c9%99yah%c9%99t-bloqerl%c9%99ri-il%c9%99-gorusub-foto","status":"publish","type":"post","link":"https:\/\/arantv.az\/?p=653871","title":{"rendered":"Hikm\u0259t Hac\u0131yev beyn\u0259lxalq s\u0259yah\u0259t\u00e7il\u0259r v\u0259 s\u0259yah\u0259t bloqerl\u0259ri il\u0259 g\u00f6r\u00fc\u015f\u00fcb &#8211; FOTO"},"content":{"rendered":"<p>Az\u0259rbaycan Prezidentinin k\u00f6m\u0259k\u00e7isi &#8211; Prezident Administrasiyas\u0131n\u0131n Xarici siyas\u0259t m\u0259s\u0259l\u0259l\u0259ri \u015f\u00f6b\u0259sinin m\u00fcdiri Hikm\u0259t Hac\u0131yev \u201cQaraba\u011f-2023 Ekspedisiyas\u0131\u201d \u00e7\u0259r\u00e7iv\u0259sind\u0259 \u201cNomadMania Group\u201dun beyn\u0259lxalq s\u0259yah\u0259t\u00e7i v\u0259 s\u0259yah\u0259t bloqerl\u0259ri il\u0259 g\u00f6r\u00fc\u015f\u00fcb.<\/p>\n<p><strong>ARANTV.AZ <\/strong>-\u0131n m\u0259lumat\u0131na g\u00f6r\u0259, bu bar\u0259d\u0259 Prezidentin k\u00f6m\u0259k\u00e7isi \u00f6z\u00fcn\u00fcn \u201cX\u201d sosial \u015f\u0259b\u0259k\u0259 hesab\u0131ndan m\u0259lumat verib.<\/p>\n<p>O, i\u015f\u011faldan azad edilmi\u015f \u015eu\u015fa, A\u011fdam, K\u0259lb\u0259c\u0259r, La\u00e7\u0131n, Qubadl\u0131, Z\u0259ngilan v\u0259 F\u00fczulid\u0259 s\u0259f\u0259rd\u0259 olmu\u015f qonaqlara Az\u0259rbaycan\u0131n regional s\u00fclh g\u00fcnd\u0259mi, Qaraba\u011f\u0131n v\u0259 \u015e\u0259rqi Z\u0259ng\u0259zurun yenid\u0259n qurulmas\u0131 v\u0259 b\u0259rpas\u0131, humanitar minat\u0259mizl\u0259m\u0259 layih\u0259l\u0259ri bar\u0259d\u0259 m\u0259lumat verib.<\/p>\n<p>\u201cBeyn\u0259lxalq s\u0259yah\u0259t\u00e7il\u0259rin v\u0259 s\u0259yah\u0259t bloqerl\u0259rinin Qaraba\u011fa v\u0259 \u015e\u0259rqi Z\u0259ng\u0259zura m\u00fcnt\u0259z\u0259m s\u0259f\u0259rl\u0259rini t\u0259\u015fkil etdiyin\u0259 g\u00f6r\u0259 az\u0259rbaycanl\u0131 s\u0259yyah Mehrac Mahmudova t\u0259\u015f\u0259kk\u00fcr edirik\u201d, &#8211; dey\u0259 H.Hac\u0131yev vur\u011fulay\u0131b.<\/p>\n<div>\n<div class=\"twitter-tweet twitter-tweet-rendered\"><iframe id=\"twitter-widget-0\" class=\"\" title=\"Twitter Tweet\" src=\"https:\/\/platform.twitter.com\/embed\/Tweet.html?creatorScreenName=oxuaz&amp;dnt=false&amp;embedId=twitter-widget-0&amp;features=eyJ0ZndfdGltZWxpbmVfbGlzdCI6eyJidWNrZXQiOltdLCJ2ZXJzaW9uIjpudWxsfSwidGZ3X2ZvbGxvd2VyX2NvdW50X3N1bnNldCI6eyJidWNrZXQiOnRydWUsInZlcnNpb24iOm51bGx9LCJ0ZndfdHdlZXRfZWRpdF9iYWNrZW5kIjp7ImJ1Y2tldCI6Im9uIiwidmVyc2lvbiI6bnVsbH0sInRmd19yZWZzcmNfc2Vzc2lvbiI6eyJidWNrZXQiOiJvbiIsInZlcnNpb24iOm51bGx9LCJ0ZndfZm9zbnJfc29mdF9pbnRlcnZlbnRpb25zX2VuYWJsZWQiOnsiYnVja2V0Ijoib24iLCJ2ZXJzaW9uIjpudWxsfSwidGZ3X21peGVkX21lZGlhXzE1ODk3Ijp7ImJ1Y2tldCI6InRyZWF0bWVudCIsInZlcnNpb24iOm51bGx9LCJ0ZndfZXhwZXJpbWVudHNfY29va2llX2V4cGlyYXRpb24iOnsiYnVja2V0IjoxMjA5NjAwLCJ2ZXJzaW9uIjpudWxsfSwidGZ3X3Nob3dfYmlyZHdhdGNoX3Bpdm90c19lbmFibGVkIjp7ImJ1Y2tldCI6Im9uIiwidmVyc2lvbiI6bnVsbH0sInRmd19kdXBsaWNhdGVfc2NyaWJlc190b19zZXR0aW5ncyI6eyJidWNrZXQiOiJvbiIsInZlcnNpb24iOm51bGx9LCJ0ZndfdXNlX3Byb2ZpbGVfaW1hZ2Vfc2hhcGVfZW5hYmxlZCI6eyJidWNrZXQiOiJvbiIsInZlcnNpb24iOm51bGx9LCJ0ZndfdmlkZW9faGxzX2R5bmFtaWNfbWFuaWZlc3RzXzE1MDgyIjp7ImJ1Y2tldCI6InRydWVfYml0cmF0ZSIsInZlcnNpb24iOm51bGx9LCJ0ZndfbGVnYWN5X3RpbWVsaW5lX3N1bnNldCI6eyJidWNrZXQiOnRydWUsInZlcnNpb24iOm51bGx9LCJ0ZndfdHdlZXRfZWRpdF9mcm9udGVuZCI6eyJidWNrZXQiOiJvbiIsInZlcnNpb24iOm51bGx9fQ%3D%3D&amp;frame=false&amp;hideCard=false&amp;hideThread=false&amp;id=1721783791671194098&amp;lang=en&amp;origin=https%3A%2F%2Foxu.az%2Fpolitics%2F800297&amp;sessionId=672a1fb3bf9cf732a2e61239bf99370fc158f1e8&amp;siteScreenName=oxuaz&amp;theme=light&amp;widgetsVersion=01917f4d1d4cb%3A1696883169554&amp;width=550px\" frameborder=\"0\" scrolling=\"no\" allowfullscreen=\"allowfullscreen\" data-tweet-id=\"1721783791671194098\" data-mce-fragment=\"1\"><\/iframe><\/div>\n<\/div>\n<p>&nbsp;<\/p>\n","protected":false},"excerpt":{"rendered":"<p>Az\u0259rbaycan Prezidentinin k\u00f6m\u0259k\u00e7isi &#8211; Prezident Administrasiyas\u0131n\u0131n Xarici siyas\u0259t m\u0259s\u0259l\u0259l\u0259ri \u015f\u00f6b\u0259sinin m\u00fcdiri Hikm\u0259t Hac\u0131yev \u201cQaraba\u011f-2023 Ekspedisiyas\u0131\u201d \u00e7\u0259r\u00e7iv\u0259sind\u0259 \u201cNomadMania Group\u201dun beyn\u0259lxalq s\u0259yah\u0259t\u00e7i v\u0259 s\u0259yah\u0259t bloqerl\u0259ri il\u0259 g\u00f6r\u00fc\u015f\u00fcb. ARANTV.AZ -\u0131n m\u0259lumat\u0131na g\u00f6r\u0259, bu bar\u0259d\u0259 Prezidentin k\u00f6m\u0259k\u00e7isi \u00f6z\u00fcn\u00fcn \u201cX\u201d sosial \u015f\u0259b\u0259k\u0259 hesab\u0131ndan m\u0259lumat verib. O, i\u015f\u011faldan azad edilmi\u015f \u015eu\u015fa, A\u011fdam, K\u0259lb\u0259c\u0259r, La\u00e7\u0131n, Qubadl\u0131, Z\u0259ngilan v\u0259 F\u00fczulid\u0259 s\u0259f\u0259rd\u0259 olmu\u015f qonaqlara Az\u0259rbaycan\u0131n regional s\u00fclh g\u00fcnd\u0259mi, Qaraba\u011f\u0131n v\u0259 \u015e\u0259rqi Z\u0259ng\u0259zurun yenid\u0259n qurulmas\u0131 v\u0259 b\u0259rpas\u0131, humanitar minat\u0259mizl\u0259m\u0259 layih\u0259l\u0259ri bar\u0259d\u0259 m\u0259lumat verib. \u201cBeyn\u0259lxalq s\u0259yah\u0259t\u00e7il\u0259rin v\u0259 s\u0259yah\u0259t bloqerl\u0259rinin Qaraba\u011fa v\u0259 \u015e\u0259rqi Z\u0259ng\u0259zura m\u00fcnt\u0259z\u0259m s\u0259f\u0259rl\u0259rini t\u0259\u015fkil etdiyin\u0259 g\u00f6r\u0259 az\u0259rbaycanl\u0131 s\u0259yyah Mehrac&hellip;<\/p>\n","protected":false},"author":2,"featured_media":653874,"comment_status":"closed","ping_status":"closed","sticky":false,"template":"","format":"standard","meta":{"om_disable_all_campaigns":false,"_monsterinsights_skip_tracking":false,"_monsterinsights_sitenote_active":false,"_monsterinsights_sitenote_note":"","_monsterinsights_sitenote_category":0},"categories":[4],"tags":[],"aioseo_notices":[],"gutentor_comment":0,"rttpg_featured_image_url":{"full":["https:\/\/arantv.az\/wp-content\/uploads\/2023\/11\/F-UBOK_XAAAgCvC.jpg",620,413,false],"landscape":["https:\/\/arantv.az\/wp-content\/uploads\/2023\/11\/F-UBOK_XAAAgCvC.jpg",620,413,false],"portraits":["https:\/\/arantv.az\/wp-content\/uploads\/2023\/11\/F-UBOK_XAAAgCvC.jpg",620,413,false],"thumbnail":["https:\/\/arantv.az\/wp-content\/uploads\/2023\/11\/F-UBOK_XAAAgCvC-500x280.jpg",500,280,true],"medium":["https:\/\/arantv.az\/wp-content\/uploads\/2023\/11\/F-UBOK_XAAAgCvC-548x365.jpg",548,365,true],"large":["https:\/\/arantv.az\/wp-content\/uploads\/2023\/11\/F-UBOK_XAAAgCvC.jpg",620,413,false],"1536x1536":["https:\/\/arantv.az\/wp-content\/uploads\/2023\/11\/F-UBOK_XAAAgCvC.jpg",620,413,false],"2048x2048":["https:\/\/arantv.az\/wp-content\/uploads\/2023\/11\/F-UBOK_XAAAgCvC.jpg",620,413,false],"post-thumbnail":["https:\/\/arantv.az\/wp-content\/uploads\/2023\/11\/F-UBOK_XAAAgCvC-240x172.jpg",240,172,true],"advps-thumb-one":["https:\/\/arantv.az\/wp-content\/uploads\/2023\/11\/F-UBOK_XAAAgCvC.jpg",620,413,false]},"rttpg_author":{"display_name":"V\u00fcsal Rafiqo\u011flu","author_link":"https:\/\/arantv.az\/?author=2"},"rttpg_comment":0,"rttpg_category":"<a href=\"https:\/\/arantv.az\/?cat=4\" rel=\"category\">Siyas\u0259t<\/a>","rttpg_excerpt":"Az\u0259rbaycan Prezidentinin k\u00f6m\u0259k\u00e7isi &#8211; Prezident Administrasiyas\u0131n\u0131n Xarici siyas\u0259t m\u0259s\u0259l\u0259l\u0259ri \u015f\u00f6b\u0259sinin m\u00fcdiri Hikm\u0259t Hac\u0131yev \u201cQaraba\u011f-2023 Ekspedisiyas\u0131\u201d \u00e7\u0259r\u00e7iv\u0259sind\u0259 \u201cNomadMania Group\u201dun beyn\u0259lxalq s\u0259yah\u0259t\u00e7i v\u0259 s\u0259yah\u0259t bloqerl\u0259ri il\u0259 g\u00f6r\u00fc\u015f\u00fcb. ARANTV.AZ -\u0131n m\u0259lumat\u0131na g\u00f6r\u0259, bu bar\u0259d\u0259 Prezidentin k\u00f6m\u0259k\u00e7isi \u00f6z\u00fcn\u00fcn \u201cX\u201d sosial \u015f\u0259b\u0259k\u0259 hesab\u0131ndan m\u0259lumat verib. O, i\u015f\u011faldan azad edilmi\u015f \u015eu\u015fa, A\u011fdam, K\u0259lb\u0259c\u0259r, La\u00e7\u0131n, Qubadl\u0131, Z\u0259ngilan v\u0259 F\u00fczulid\u0259 s\u0259f\u0259rd\u0259 olmu\u015f qonaqlara&hellip;","_links":{"self":[{"href":"https:\/\/arantv.az\/index.php?rest_route=\/wp\/v2\/posts\/653871"}],"collection":[{"href":"https:\/\/arantv.az\/index.php?rest_route=\/wp\/v2\/posts"}],"about":[{"href":"https:\/\/arantv.az\/index.php?rest_route=\/wp\/v2\/types\/post"}],"author":[{"embeddable":true,"href":"https:\/\/arantv.az\/index.php?rest_route=\/wp\/v2\/users\/2"}],"replies":[{"embeddable":true,"href":"https:\/\/arantv.az\/index.php?rest_route=%2Fwp%2Fv2%2Fcomments&post=653871"}],"version-history":[{"count":0,"href":"https:\/\/arantv.az\/index.php?rest_route=\/wp\/v2\/posts\/653871\/revisions"}],"wp:featuredmedia":[{"embeddable":true,"href":"https:\/\/arantv.az\/index.php?rest_route=\/wp\/v2\/media\/653874"}],"wp:attachment":[{"href":"https:\/\/arantv.az\/index.php?rest_route=%2Fwp%2Fv2%2Fmedia&parent=653871"}],"wp:term":[{"taxonomy":"category","embeddable":true,"href":"https:\/\/arantv.az\/index.php?rest_route=%2Fwp%2Fv2%2Fcategories&post=653871"},{"taxonomy":"post_tag","embeddable":true,"href":"https:\/\/arantv.az\/index.php?rest_route=%2Fwp%2Fv2%2Ftags&post=653871"}],"curies":[{"name":"wp","href":"https:\/\/api.w.org\/{rel}","templated":true}]}}