{"id":653878,"date":"2023-11-07T14:06:46","date_gmt":"2023-11-07T10:06:46","guid":{"rendered":"https:\/\/arantv.az\/?p=653878"},"modified":"2023-11-07T14:06:46","modified_gmt":"2023-11-07T10:06:46","slug":"ukraynali-deputat-az%c9%99rbaycan-separatizm-uz%c9%99rind%c9%99-q%c9%99l%c9%99b%c9%99si-il%c9%99-f%c9%99xr-ed%c9%99-bil%c9%99r","status":"publish","type":"post","link":"https:\/\/arantv.az\/?p=653878","title":{"rendered":"Ukraynal\u0131 deputat: \u201cAz\u0259rbaycan separatizm \u00fcz\u0259rind\u0259 q\u0259l\u0259b\u0259si il\u0259 f\u0259xr ed\u0259 bil\u0259r\u201d"},"content":{"rendered":"<p>\u201cAz\u0259rbaycan separatizm \u00fcz\u0259rind\u0259 q\u0259l\u0259b\u0259si il\u0259 haql\u0131 olaraq f\u0259xr ed\u0259 bil\u0259r, he\u00e7 kimin s\u0259rh\u0259di pozma\u011fa haqq\u0131 yoxdur\u201d.<\/p>\n<p>Bunu\u00a0\u201cReport\u201dun \u015e\u0259rqi Avropa b\u00fcrosuna a\u00e7\u0131qlamas\u0131nda Ukrayna Ali Radas\u0131n\u0131n hakim \u201cXalq\u0131n xidm\u0259t\u00e7isi\u201d Partiyas\u0131ndan olan deputat Yuri Kamel\u00e7uk bildirib.<\/p>\n<p>\u201cAz\u0259rbaycan\u0131n suverenliyini b\u0259rpa etm\u0259si bu c\u00fcr probleml\u0259ri ya\u015fayan \u00f6lk\u0259l\u0259r \u00fc\u00e7\u00fcn n\u00fcmun\u0259 v\u0259 b\u00f6y\u00fck \u00fcmiddir. Ukrayna \u00f6z m\u00fcst\u0259qilliyini b\u0259rpa etm\u0259k v\u0259 o c\u00fcml\u0259d\u0259n Kr\u0131m\u0131, Donbas\u0131 v\u0259 1991-ci il\u0259 q\u0259d\u0259r m\u00f6vcud olan b\u00fct\u00fcn \u0259razil\u0259rini geri qaytarmaq prosesind\u0259dir. Az\u0259rbaycan n\u00fcmun\u0259si is\u0259 Ukrayna \u00fc\u00e7\u00fcn son d\u0259r\u0259c\u0259 vacibdir. Ona g\u00f6r\u0259 d\u0259 Az\u0259rbaycan\u0131n separatizm \u00fcz\u0259rind\u0259 q\u0259l\u0259b\u0259sini t\u0259brik edirik! Az\u0259rbaycan\u0131n v\u0259 b\u00fct\u00fcn xalq\u0131n\u0131n taleyi \u0259b\u0259di olaraq \u015f\u0259r\u0259fli olsun!\u201d, &#8211; deputat \u0259lav\u0259 edib.<\/p>\n","protected":false},"excerpt":{"rendered":"<p>\u201cAz\u0259rbaycan separatizm \u00fcz\u0259rind\u0259 q\u0259l\u0259b\u0259si il\u0259 haql\u0131 olaraq f\u0259xr ed\u0259 bil\u0259r, he\u00e7 kimin s\u0259rh\u0259di pozma\u011fa haqq\u0131 yoxdur\u201d. Bunu\u00a0\u201cReport\u201dun \u015e\u0259rqi Avropa b\u00fcrosuna a\u00e7\u0131qlamas\u0131nda Ukrayna Ali Radas\u0131n\u0131n hakim \u201cXalq\u0131n xidm\u0259t\u00e7isi\u201d Partiyas\u0131ndan olan deputat Yuri Kamel\u00e7uk bildirib. \u201cAz\u0259rbaycan\u0131n suverenliyini b\u0259rpa etm\u0259si bu c\u00fcr probleml\u0259ri ya\u015fayan \u00f6lk\u0259l\u0259r \u00fc\u00e7\u00fcn n\u00fcmun\u0259 v\u0259 b\u00f6y\u00fck \u00fcmiddir. Ukrayna \u00f6z m\u00fcst\u0259qilliyini b\u0259rpa etm\u0259k v\u0259 o c\u00fcml\u0259d\u0259n Kr\u0131m\u0131, Donbas\u0131 v\u0259 1991-ci il\u0259 q\u0259d\u0259r m\u00f6vcud olan b\u00fct\u00fcn \u0259razil\u0259rini geri qaytarmaq prosesind\u0259dir. Az\u0259rbaycan n\u00fcmun\u0259si is\u0259 Ukrayna \u00fc\u00e7\u00fcn son d\u0259r\u0259c\u0259 vacibdir. Ona g\u00f6r\u0259 d\u0259 Az\u0259rbaycan\u0131n separatizm \u00fcz\u0259rind\u0259 q\u0259l\u0259b\u0259sini t\u0259brik edirik! Az\u0259rbaycan\u0131n v\u0259 b\u00fct\u00fcn xalq\u0131n\u0131n taleyi&hellip;<\/p>\n","protected":false},"author":2,"featured_media":653880,"comment_status":"closed","ping_status":"closed","sticky":false,"template":"","format":"standard","meta":{"om_disable_all_campaigns":false,"_monsterinsights_skip_tracking":false,"_monsterinsights_sitenote_active":false,"_monsterinsights_sitenote_note":"","_monsterinsights_sitenote_category":0},"categories":[4],"tags":[],"aioseo_notices":[],"gutentor_comment":0,"rttpg_featured_image_url":{"full":["https:\/\/arantv.az\/wp-content\/uploads\/2023\/11\/36cf9f8f-2e83-3f47-8021-f595ed591f3a_850.jpg",620,413,false],"landscape":["https:\/\/arantv.az\/wp-content\/uploads\/2023\/11\/36cf9f8f-2e83-3f47-8021-f595ed591f3a_850.jpg",620,413,false],"portraits":["https:\/\/arantv.az\/wp-content\/uploads\/2023\/11\/36cf9f8f-2e83-3f47-8021-f595ed591f3a_850.jpg",620,413,false],"thumbnail":["https:\/\/arantv.az\/wp-content\/uploads\/2023\/11\/36cf9f8f-2e83-3f47-8021-f595ed591f3a_850-500x280.jpg",500,280,true],"medium":["https:\/\/arantv.az\/wp-content\/uploads\/2023\/11\/36cf9f8f-2e83-3f47-8021-f595ed591f3a_850-548x365.jpg",548,365,true],"large":["https:\/\/arantv.az\/wp-content\/uploads\/2023\/11\/36cf9f8f-2e83-3f47-8021-f595ed591f3a_850.jpg",620,413,false],"1536x1536":["https:\/\/arantv.az\/wp-content\/uploads\/2023\/11\/36cf9f8f-2e83-3f47-8021-f595ed591f3a_850.jpg",620,413,false],"2048x2048":["https:\/\/arantv.az\/wp-content\/uploads\/2023\/11\/36cf9f8f-2e83-3f47-8021-f595ed591f3a_850.jpg",620,413,false],"post-thumbnail":["https:\/\/arantv.az\/wp-content\/uploads\/2023\/11\/36cf9f8f-2e83-3f47-8021-f595ed591f3a_850-240x172.jpg",240,172,true],"advps-thumb-one":["https:\/\/arantv.az\/wp-content\/uploads\/2023\/11\/36cf9f8f-2e83-3f47-8021-f595ed591f3a_850.jpg",620,413,false]},"rttpg_author":{"display_name":"V\u00fcsal Rafiqo\u011flu","author_link":"https:\/\/arantv.az\/?author=2"},"rttpg_comment":0,"rttpg_category":"<a href=\"https:\/\/arantv.az\/?cat=4\" rel=\"category\">Siyas\u0259t<\/a>","rttpg_excerpt":"\u201cAz\u0259rbaycan separatizm \u00fcz\u0259rind\u0259 q\u0259l\u0259b\u0259si il\u0259 haql\u0131 olaraq f\u0259xr ed\u0259 bil\u0259r, he\u00e7 kimin s\u0259rh\u0259di pozma\u011fa haqq\u0131 yoxdur\u201d. Bunu\u00a0\u201cReport\u201dun \u015e\u0259rqi Avropa b\u00fcrosuna a\u00e7\u0131qlamas\u0131nda Ukrayna Ali Radas\u0131n\u0131n hakim \u201cXalq\u0131n xidm\u0259t\u00e7isi\u201d Partiyas\u0131ndan olan deputat Yuri Kamel\u00e7uk bildirib. \u201cAz\u0259rbaycan\u0131n suverenliyini b\u0259rpa etm\u0259si bu c\u00fcr probleml\u0259ri ya\u015fayan \u00f6lk\u0259l\u0259r \u00fc\u00e7\u00fcn n\u00fcmun\u0259 v\u0259 b\u00f6y\u00fck \u00fcmiddir. Ukrayna \u00f6z m\u00fcst\u0259qilliyini b\u0259rpa etm\u0259k v\u0259 o c\u00fcml\u0259d\u0259n&hellip;","_links":{"self":[{"href":"https:\/\/arantv.az\/index.php?rest_route=\/wp\/v2\/posts\/653878"}],"collection":[{"href":"https:\/\/arantv.az\/index.php?rest_route=\/wp\/v2\/posts"}],"about":[{"href":"https:\/\/arantv.az\/index.php?rest_route=\/wp\/v2\/types\/post"}],"author":[{"embeddable":true,"href":"https:\/\/arantv.az\/index.php?rest_route=\/wp\/v2\/users\/2"}],"replies":[{"embeddable":true,"href":"https:\/\/arantv.az\/index.php?rest_route=%2Fwp%2Fv2%2Fcomments&post=653878"}],"version-history":[{"count":0,"href":"https:\/\/arantv.az\/index.php?rest_route=\/wp\/v2\/posts\/653878\/revisions"}],"wp:featuredmedia":[{"embeddable":true,"href":"https:\/\/arantv.az\/index.php?rest_route=\/wp\/v2\/media\/653880"}],"wp:attachment":[{"href":"https:\/\/arantv.az\/index.php?rest_route=%2Fwp%2Fv2%2Fmedia&parent=653878"}],"wp:term":[{"taxonomy":"category","embeddable":true,"href":"https:\/\/arantv.az\/index.php?rest_route=%2Fwp%2Fv2%2Fcategories&post=653878"},{"taxonomy":"post_tag","embeddable":true,"href":"https:\/\/arantv.az\/index.php?rest_route=%2Fwp%2Fv2%2Ftags&post=653878"}],"curies":[{"name":"wp","href":"https:\/\/api.w.org\/{rel}","templated":true}]}}