{"id":653885,"date":"2023-11-07T14:41:47","date_gmt":"2023-11-07T10:41:47","guid":{"rendered":"https:\/\/arantv.az\/?p=653885"},"modified":"2023-11-07T14:41:47","modified_gmt":"2023-11-07T10:41:47","slug":"ceyhun-bayramov-serbiya-prezidenti-aleksandar-vucicl%c9%99-gorusub-yenil%c9%99nib-foto","status":"publish","type":"post","link":"https:\/\/arantv.az\/?p=653885","title":{"rendered":"Ceyhun Bayramov Serbiya Prezidenti Aleksandar Vu\u00e7i\u00e7l\u0259 g\u00f6r\u00fc\u015f\u00fcb &#8211; YEN\u0130L\u018fN\u0130B + FOTO"},"content":{"rendered":"<p>Az\u0259rbaycan xarici i\u015fl\u0259r naziri Ceyhun Bayramov Serbiyaya s\u0259f\u0259ri \u00e7\u0259r\u00e7iv\u0259sind\u0259 bu \u00f6lk\u0259nin Prezidenti Aleksandar Vu\u00e7i\u00e7l\u0259 g\u00f6r\u00fc\u015f\u00fcb.<\/p>\n<p>Bu bar\u0259d\u0259 m\u0259lumat\u0131 Az\u0259rbaycan X\u0130N verib.<\/p>\n<p>Onlar ikit\u0259r\u0259fli strateji \u0259m\u0259kda\u015fl\u0131q v\u0259 birg\u0259 f\u0259aliyy\u0259t m\u0259s\u0259l\u0259l\u0259rini, el\u0259c\u0259 d\u0259 regiondak\u0131 son durumu\u00a0m\u00fczakir\u0259 edibl\u0259r.<\/p>\n<div>\n<div class=\"twitter-tweet twitter-tweet-rendered\"><iframe id=\"twitter-widget-0\" class=\"\" title=\"Twitter Tweet\" src=\"https:\/\/platform.twitter.com\/embed\/Tweet.html?creatorScreenName=oxuaz&amp;dnt=false&amp;embedId=twitter-widget-0&amp;features=eyJ0ZndfdGltZWxpbmVfbGlzdCI6eyJidWNrZXQiOltdLCJ2ZXJzaW9uIjpudWxsfSwidGZ3X2ZvbGxvd2VyX2NvdW50X3N1bnNldCI6eyJidWNrZXQiOnRydWUsInZlcnNpb24iOm51bGx9LCJ0ZndfdHdlZXRfZWRpdF9iYWNrZW5kIjp7ImJ1Y2tldCI6Im9uIiwidmVyc2lvbiI6bnVsbH0sInRmd19yZWZzcmNfc2Vzc2lvbiI6eyJidWNrZXQiOiJvbiIsInZlcnNpb24iOm51bGx9LCJ0ZndfZm9zbnJfc29mdF9pbnRlcnZlbnRpb25zX2VuYWJsZWQiOnsiYnVja2V0Ijoib24iLCJ2ZXJzaW9uIjpudWxsfSwidGZ3X21peGVkX21lZGlhXzE1ODk3Ijp7ImJ1Y2tldCI6InRyZWF0bWVudCIsInZlcnNpb24iOm51bGx9LCJ0ZndfZXhwZXJpbWVudHNfY29va2llX2V4cGlyYXRpb24iOnsiYnVja2V0IjoxMjA5NjAwLCJ2ZXJzaW9uIjpudWxsfSwidGZ3X3Nob3dfYmlyZHdhdGNoX3Bpdm90c19lbmFibGVkIjp7ImJ1Y2tldCI6Im9uIiwidmVyc2lvbiI6bnVsbH0sInRmd19kdXBsaWNhdGVfc2NyaWJlc190b19zZXR0aW5ncyI6eyJidWNrZXQiOiJvbiIsInZlcnNpb24iOm51bGx9LCJ0ZndfdXNlX3Byb2ZpbGVfaW1hZ2Vfc2hhcGVfZW5hYmxlZCI6eyJidWNrZXQiOiJvbiIsInZlcnNpb24iOm51bGx9LCJ0ZndfdmlkZW9faGxzX2R5bmFtaWNfbWFuaWZlc3RzXzE1MDgyIjp7ImJ1Y2tldCI6InRydWVfYml0cmF0ZSIsInZlcnNpb24iOm51bGx9LCJ0ZndfbGVnYWN5X3RpbWVsaW5lX3N1bnNldCI6eyJidWNrZXQiOnRydWUsInZlcnNpb24iOm51bGx9LCJ0ZndfdHdlZXRfZWRpdF9mcm9udGVuZCI6eyJidWNrZXQiOiJvbiIsInZlcnNpb24iOm51bGx9fQ%3D%3D&amp;frame=false&amp;hideCard=false&amp;hideThread=false&amp;id=1721835423020859829&amp;lang=en&amp;origin=https%3A%2F%2Foxu.az%2Fpolitics%2F800367&amp;sessionId=264d6ae5898496050ba227bb8f8d41697eee0ee1&amp;siteScreenName=oxuaz&amp;theme=light&amp;widgetsVersion=01917f4d1d4cb%3A1696883169554&amp;width=550px\" frameborder=\"0\" scrolling=\"no\" allowfullscreen=\"allowfullscreen\" data-tweet-id=\"1721835423020859829\" data-mce-fragment=\"1\"><\/iframe><\/div>\n<\/div>\n<p><strong>12:54<\/strong><\/p>\n<p>Az\u0259rbaycan Respublikas\u0131n\u0131n xarici i\u015fl\u0259r naziri Ceyhun Bayramov noyabr\u0131n 7-d\u0259 Serbiya Respublikas\u0131na r\u0259smi s\u0259f\u0259r\u0259 yola d\u00fc\u015f\u00fcb.<\/p>\n<p>Bu bar\u0259d\u0259 Xarici \u0130\u015fl\u0259r Nazirliyi m\u0259lumat yay\u0131b.<\/p>\n<p>Bildirilib ki, s\u0259f\u0259r \u00e7\u0259r\u00e7iv\u0259sind\u0259 nazir Ceyhun Bayramovun Serbiya Respublikas\u0131n\u0131n xarici i\u015fl\u0259r naziri \u0130vitsa Da\u00e7i\u00e7 v\u0259 dig\u0259r y\u00fcks\u0259ks\u0259viyy\u0259li r\u0259smi \u015f\u0259xsl\u0259rl\u0259 g\u00f6r\u00fc\u015fl\u0259rinin ke\u00e7irilm\u0259si planla\u015fd\u0131r\u0131l\u0131r.<\/p>\n","protected":false},"excerpt":{"rendered":"<p>Az\u0259rbaycan xarici i\u015fl\u0259r naziri Ceyhun Bayramov Serbiyaya s\u0259f\u0259ri \u00e7\u0259r\u00e7iv\u0259sind\u0259 bu \u00f6lk\u0259nin Prezidenti Aleksandar Vu\u00e7i\u00e7l\u0259 g\u00f6r\u00fc\u015f\u00fcb. Bu bar\u0259d\u0259 m\u0259lumat\u0131 Az\u0259rbaycan X\u0130N verib. Onlar ikit\u0259r\u0259fli strateji \u0259m\u0259kda\u015fl\u0131q v\u0259 birg\u0259 f\u0259aliyy\u0259t m\u0259s\u0259l\u0259l\u0259rini, el\u0259c\u0259 d\u0259 regiondak\u0131 son durumu\u00a0m\u00fczakir\u0259 edibl\u0259r. 12:54 Az\u0259rbaycan Respublikas\u0131n\u0131n xarici i\u015fl\u0259r naziri Ceyhun Bayramov noyabr\u0131n 7-d\u0259 Serbiya Respublikas\u0131na r\u0259smi s\u0259f\u0259r\u0259 yola d\u00fc\u015f\u00fcb. Bu bar\u0259d\u0259 Xarici \u0130\u015fl\u0259r Nazirliyi m\u0259lumat yay\u0131b. Bildirilib ki, s\u0259f\u0259r \u00e7\u0259r\u00e7iv\u0259sind\u0259 nazir Ceyhun Bayramovun Serbiya Respublikas\u0131n\u0131n xarici i\u015fl\u0259r naziri \u0130vitsa Da\u00e7i\u00e7 v\u0259 dig\u0259r y\u00fcks\u0259ks\u0259viyy\u0259li r\u0259smi \u015f\u0259xsl\u0259rl\u0259 g\u00f6r\u00fc\u015fl\u0259rinin ke\u00e7irilm\u0259si planla\u015fd\u0131r\u0131l\u0131r.<\/p>\n","protected":false},"author":2,"featured_media":653923,"comment_status":"closed","ping_status":"closed","sticky":false,"template":"","format":"standard","meta":{"om_disable_all_campaigns":false,"_monsterinsights_skip_tracking":false,"_monsterinsights_sitenote_active":false,"_monsterinsights_sitenote_note":"","_monsterinsights_sitenote_category":0},"categories":[4],"tags":[],"aioseo_notices":[],"gutentor_comment":0,"rttpg_featured_image_url":{"full":["https:\/\/arantv.az\/wp-content\/uploads\/2023\/11\/FotoJet-1-11.jpg",620,413,false],"landscape":["https:\/\/arantv.az\/wp-content\/uploads\/2023\/11\/FotoJet-1-11.jpg",620,413,false],"portraits":["https:\/\/arantv.az\/wp-content\/uploads\/2023\/11\/FotoJet-1-11.jpg",620,413,false],"thumbnail":["https:\/\/arantv.az\/wp-content\/uploads\/2023\/11\/FotoJet-1-11-500x280.jpg",500,280,true],"medium":["https:\/\/arantv.az\/wp-content\/uploads\/2023\/11\/FotoJet-1-11-548x365.jpg",548,365,true],"large":["https:\/\/arantv.az\/wp-content\/uploads\/2023\/11\/FotoJet-1-11.jpg",620,413,false],"1536x1536":["https:\/\/arantv.az\/wp-content\/uploads\/2023\/11\/FotoJet-1-11.jpg",620,413,false],"2048x2048":["https:\/\/arantv.az\/wp-content\/uploads\/2023\/11\/FotoJet-1-11.jpg",620,413,false],"post-thumbnail":["https:\/\/arantv.az\/wp-content\/uploads\/2023\/11\/FotoJet-1-11-240x172.jpg",240,172,true],"advps-thumb-one":["https:\/\/arantv.az\/wp-content\/uploads\/2023\/11\/FotoJet-1-11.jpg",620,413,false]},"rttpg_author":{"display_name":"V\u00fcsal Rafiqo\u011flu","author_link":"https:\/\/arantv.az\/?author=2"},"rttpg_comment":0,"rttpg_category":"<a href=\"https:\/\/arantv.az\/?cat=4\" rel=\"category\">Siyas\u0259t<\/a>","rttpg_excerpt":"Az\u0259rbaycan xarici i\u015fl\u0259r naziri Ceyhun Bayramov Serbiyaya s\u0259f\u0259ri \u00e7\u0259r\u00e7iv\u0259sind\u0259 bu \u00f6lk\u0259nin Prezidenti Aleksandar Vu\u00e7i\u00e7l\u0259 g\u00f6r\u00fc\u015f\u00fcb. Bu bar\u0259d\u0259 m\u0259lumat\u0131 Az\u0259rbaycan X\u0130N verib. Onlar ikit\u0259r\u0259fli strateji \u0259m\u0259kda\u015fl\u0131q v\u0259 birg\u0259 f\u0259aliyy\u0259t m\u0259s\u0259l\u0259l\u0259rini, el\u0259c\u0259 d\u0259 regiondak\u0131 son durumu\u00a0m\u00fczakir\u0259 edibl\u0259r. 12:54 Az\u0259rbaycan Respublikas\u0131n\u0131n xarici i\u015fl\u0259r naziri Ceyhun Bayramov noyabr\u0131n 7-d\u0259 Serbiya Respublikas\u0131na r\u0259smi s\u0259f\u0259r\u0259 yola d\u00fc\u015f\u00fcb. Bu bar\u0259d\u0259 Xarici \u0130\u015fl\u0259r&hellip;","_links":{"self":[{"href":"https:\/\/arantv.az\/index.php?rest_route=\/wp\/v2\/posts\/653885"}],"collection":[{"href":"https:\/\/arantv.az\/index.php?rest_route=\/wp\/v2\/posts"}],"about":[{"href":"https:\/\/arantv.az\/index.php?rest_route=\/wp\/v2\/types\/post"}],"author":[{"embeddable":true,"href":"https:\/\/arantv.az\/index.php?rest_route=\/wp\/v2\/users\/2"}],"replies":[{"embeddable":true,"href":"https:\/\/arantv.az\/index.php?rest_route=%2Fwp%2Fv2%2Fcomments&post=653885"}],"version-history":[{"count":0,"href":"https:\/\/arantv.az\/index.php?rest_route=\/wp\/v2\/posts\/653885\/revisions"}],"wp:featuredmedia":[{"embeddable":true,"href":"https:\/\/arantv.az\/index.php?rest_route=\/wp\/v2\/media\/653923"}],"wp:attachment":[{"href":"https:\/\/arantv.az\/index.php?rest_route=%2Fwp%2Fv2%2Fmedia&parent=653885"}],"wp:term":[{"taxonomy":"category","embeddable":true,"href":"https:\/\/arantv.az\/index.php?rest_route=%2Fwp%2Fv2%2Fcategories&post=653885"},{"taxonomy":"post_tag","embeddable":true,"href":"https:\/\/arantv.az\/index.php?rest_route=%2Fwp%2Fv2%2Ftags&post=653885"}],"curies":[{"name":"wp","href":"https:\/\/api.w.org\/{rel}","templated":true}]}}