{"id":653922,"date":"2023-11-07T14:42:32","date_gmt":"2023-11-07T10:42:32","guid":{"rendered":"https:\/\/arantv.az\/?p=653922"},"modified":"2023-11-07T14:42:32","modified_gmt":"2023-11-07T10:42:32","slug":"az%c9%99rbaycanin-z%c9%99f%c9%99r-gunu-munasib%c9%99til%c9%99-t%c9%99brizd%c9%99-v%c9%99r%c9%99q%c9%99l%c9%99r-paylandi-foto-video","status":"publish","type":"post","link":"https:\/\/arantv.az\/?p=653922","title":{"rendered":"Az\u0259rbaycan\u0131n Z\u0259f\u0259r G\u00fcn\u00fc m\u00fcnasib\u0259til\u0259 T\u0259brizd\u0259 v\u0259r\u0259q\u0259l\u0259r payland\u0131 &#8211; FOTO\/V\u0130DEO"},"content":{"rendered":"<p>8 noyabr Az\u0259rbaycan\u0131n Z\u0259f\u0259r G\u00fcn\u00fc m\u00fcnasib\u0259til\u0259 milli f\u0259allar T\u0259briz \u015f\u0259h\u0259rinin bir \u00e7ox yerin\u0259 plakatlar vurub, divar yaz\u0131lar\u0131 h\u0259kk edibl\u0259r.<\/p>\n<p>Bu bar\u0259d\u0259 \u201cAzad \u0130ran\u201d \u201cTelegram\u201d kanal\u0131 m\u0259lumat verib.<\/p>\n<p>M\u0259lumata g\u00f6r\u0259, v\u0259r\u0259q\u0259l\u0259rd\u0259 \u201cZ\u0259f\u0259r bayram\u0131 qutlu olsun\u201d, \u201cQaraba\u011f Az\u0259rbaycand\u0131r\u201d, \u201cBir \u00f6l\u00fcb min diril\u0259rik\u201d, \u201cG\u00fcney Az\u0259rbaycan \u0130ran deyil\u201d kimi \u015f\u00fcarlar \u0259ks olunub.<\/p>\n<div><iframe loading=\"lazy\" id=\"telegram-post-AzadIranTelegram-28539\" src=\"https:\/\/t.me\/AzadIranTelegram\/28539?embed=1\" width=\"100%\" height=\"\" frameborder=\"0\" scrolling=\"no\" data-mce-fragment=\"1\"><\/iframe><\/div>\n<p>&nbsp;<\/p>\n","protected":false},"excerpt":{"rendered":"<p>8 noyabr Az\u0259rbaycan\u0131n Z\u0259f\u0259r G\u00fcn\u00fc m\u00fcnasib\u0259til\u0259 milli f\u0259allar T\u0259briz \u015f\u0259h\u0259rinin bir \u00e7ox yerin\u0259 plakatlar vurub, divar yaz\u0131lar\u0131 h\u0259kk edibl\u0259r. Bu bar\u0259d\u0259 \u201cAzad \u0130ran\u201d \u201cTelegram\u201d kanal\u0131 m\u0259lumat verib. M\u0259lumata g\u00f6r\u0259, v\u0259r\u0259q\u0259l\u0259rd\u0259 \u201cZ\u0259f\u0259r bayram\u0131 qutlu olsun\u201d, \u201cQaraba\u011f Az\u0259rbaycand\u0131r\u201d, \u201cBir \u00f6l\u00fcb min diril\u0259rik\u201d, \u201cG\u00fcney Az\u0259rbaycan \u0130ran deyil\u201d kimi \u015f\u00fcarlar \u0259ks olunub. &nbsp;<\/p>\n","protected":false},"author":2,"featured_media":653927,"comment_status":"closed","ping_status":"closed","sticky":false,"template":"","format":"standard","meta":{"om_disable_all_campaigns":false,"_monsterinsights_skip_tracking":false,"_monsterinsights_sitenote_active":false,"_monsterinsights_sitenote_note":"","_monsterinsights_sitenote_category":0},"categories":[4],"tags":[],"aioseo_notices":[],"gutentor_comment":0,"rttpg_featured_image_url":{"full":["https:\/\/arantv.az\/wp-content\/uploads\/2023\/11\/FotoJet-2023-11-07T125755.757.jpg",620,413,false],"landscape":["https:\/\/arantv.az\/wp-content\/uploads\/2023\/11\/FotoJet-2023-11-07T125755.757.jpg",620,413,false],"portraits":["https:\/\/arantv.az\/wp-content\/uploads\/2023\/11\/FotoJet-2023-11-07T125755.757.jpg",620,413,false],"thumbnail":["https:\/\/arantv.az\/wp-content\/uploads\/2023\/11\/FotoJet-2023-11-07T125755.757-500x280.jpg",500,280,true],"medium":["https:\/\/arantv.az\/wp-content\/uploads\/2023\/11\/FotoJet-2023-11-07T125755.757-548x365.jpg",548,365,true],"large":["https:\/\/arantv.az\/wp-content\/uploads\/2023\/11\/FotoJet-2023-11-07T125755.757.jpg",620,413,false],"1536x1536":["https:\/\/arantv.az\/wp-content\/uploads\/2023\/11\/FotoJet-2023-11-07T125755.757.jpg",620,413,false],"2048x2048":["https:\/\/arantv.az\/wp-content\/uploads\/2023\/11\/FotoJet-2023-11-07T125755.757.jpg",620,413,false],"post-thumbnail":["https:\/\/arantv.az\/wp-content\/uploads\/2023\/11\/FotoJet-2023-11-07T125755.757-240x172.jpg",240,172,true],"advps-thumb-one":["https:\/\/arantv.az\/wp-content\/uploads\/2023\/11\/FotoJet-2023-11-07T125755.757.jpg",620,413,false]},"rttpg_author":{"display_name":"V\u00fcsal Rafiqo\u011flu","author_link":"https:\/\/arantv.az\/?author=2"},"rttpg_comment":0,"rttpg_category":"<a href=\"https:\/\/arantv.az\/?cat=4\" rel=\"category\">Siyas\u0259t<\/a>","rttpg_excerpt":"8 noyabr Az\u0259rbaycan\u0131n Z\u0259f\u0259r G\u00fcn\u00fc m\u00fcnasib\u0259til\u0259 milli f\u0259allar T\u0259briz \u015f\u0259h\u0259rinin bir \u00e7ox yerin\u0259 plakatlar vurub, divar yaz\u0131lar\u0131 h\u0259kk edibl\u0259r. Bu bar\u0259d\u0259 \u201cAzad \u0130ran\u201d \u201cTelegram\u201d kanal\u0131 m\u0259lumat verib. M\u0259lumata g\u00f6r\u0259, v\u0259r\u0259q\u0259l\u0259rd\u0259 \u201cZ\u0259f\u0259r bayram\u0131 qutlu olsun\u201d, \u201cQaraba\u011f Az\u0259rbaycand\u0131r\u201d, \u201cBir \u00f6l\u00fcb min diril\u0259rik\u201d, \u201cG\u00fcney Az\u0259rbaycan \u0130ran deyil\u201d kimi \u015f\u00fcarlar \u0259ks olunub. &nbsp;","_links":{"self":[{"href":"https:\/\/arantv.az\/index.php?rest_route=\/wp\/v2\/posts\/653922"}],"collection":[{"href":"https:\/\/arantv.az\/index.php?rest_route=\/wp\/v2\/posts"}],"about":[{"href":"https:\/\/arantv.az\/index.php?rest_route=\/wp\/v2\/types\/post"}],"author":[{"embeddable":true,"href":"https:\/\/arantv.az\/index.php?rest_route=\/wp\/v2\/users\/2"}],"replies":[{"embeddable":true,"href":"https:\/\/arantv.az\/index.php?rest_route=%2Fwp%2Fv2%2Fcomments&post=653922"}],"version-history":[{"count":0,"href":"https:\/\/arantv.az\/index.php?rest_route=\/wp\/v2\/posts\/653922\/revisions"}],"wp:featuredmedia":[{"embeddable":true,"href":"https:\/\/arantv.az\/index.php?rest_route=\/wp\/v2\/media\/653927"}],"wp:attachment":[{"href":"https:\/\/arantv.az\/index.php?rest_route=%2Fwp%2Fv2%2Fmedia&parent=653922"}],"wp:term":[{"taxonomy":"category","embeddable":true,"href":"https:\/\/arantv.az\/index.php?rest_route=%2Fwp%2Fv2%2Fcategories&post=653922"},{"taxonomy":"post_tag","embeddable":true,"href":"https:\/\/arantv.az\/index.php?rest_route=%2Fwp%2Fv2%2Ftags&post=653922"}],"curies":[{"name":"wp","href":"https:\/\/api.w.org\/{rel}","templated":true}]}}