{"id":653926,"date":"2023-11-07T14:47:30","date_gmt":"2023-11-07T10:47:30","guid":{"rendered":"https:\/\/arantv.az\/?p=653926"},"modified":"2023-11-07T14:47:30","modified_gmt":"2023-11-07T10:47:30","slug":"baki-z%c9%99f%c9%99r-gunun%c9%99-hazirdir-fotoreportaj","status":"publish","type":"post","link":"https:\/\/arantv.az\/?p=653926","title":{"rendered":"Bak\u0131 Z\u0259f\u0259r G\u00fcn\u00fcn\u0259 haz\u0131rd\u0131r &#8211; FOTOREPORTAJ"},"content":{"rendered":"<p>Bak\u0131da 8 Noyabr &#8211; Z\u0259f\u0259r G\u00fcn\u00fcn\u0259 haz\u0131rl\u0131q i\u015fl\u0259ri yekunla\u015f\u0131b.<\/p>\n<p><b>ARANTV.AZ <\/b>x\u0259b\u0259r verir ki, paytaxt\u0131n k\u00fc\u00e7\u0259 v\u0259 prospektl\u0259rind\u0259 8 noyabrla ba\u011fl\u0131 plakatlar as\u0131l\u0131b, Z\u0259f\u0259rl\u0259 ba\u011fl\u0131 \u015f\u00fcarlar yaz\u0131l\u0131b.<\/p>\n<p>Binalar\u0131n eyvanlar\u0131ndan is\u0259 Az\u0259rbaycan bayraqlar\u0131 as\u0131l\u0131b.<\/p>\n<p>H\u0259m\u00e7inin noyabr\u0131n 8-d\u0259\u00a0saat 19:00-da D\u0259nizk\u0259nar\u0131 Milli Parkda yerl\u0259\u015f\u0259n Saat q\u00fcll\u0259sinin qar\u015f\u0131s\u0131nda geni\u015f bayram konserti ke\u00e7iril\u0259c\u0259k. Ard\u0131nca at\u0259\u015ff\u0259\u015fanl\u0131q t\u0259\u015fkil olunacaq.<\/p>\n<p>Qeyd ed\u0259k ki, 2020-ci ilin sentyabr\u0131n 27-d\u0259 M\u00fcz\u0259ff\u0259r Ali Ba\u015f Komandan\u00a0<strong>\u0130lham \u018fliyevin<\/strong>\u00a0r\u0259hb\u0259rliyi alt\u0131nda r\u0259\u015fad\u0259tli Az\u0259rbaycan Ordusu Erm\u0259nistan silahl\u0131 q\u00fcvv\u0259l\u0259rinin h\u0259rbi t\u0259xribatlar\u0131n\u0131n, d\u00f6y\u00fc\u015f aktivliyinin qar\u015f\u0131s\u0131n\u0131 almaq, m\u00fclki \u0259halinin t\u0259hl\u00fck\u0259sizliyini t\u0259min etm\u0259k m\u0259qs\u0259dil\u0259 b\u00fct\u00fcn c\u0259bh\u0259boyu \u0259ks-h\u00fccum \u0259m\u0259liyyatlar\u0131na ba\u015flay\u0131b v\u0259 noyabr\u0131n 10-da Az\u0259rbaycan\u0131n tam q\u0259l\u0259b\u0259si il\u0259 ba\u015fa \u00e7at\u0131b.<\/p>\n<p>Prezident \u0130lham \u018fliyevin s\u0259r\u0259ncam\u0131na \u0259sas\u0259n, h\u0259r il noyabr\u0131n 8-i Az\u0259rbaycanda Z\u0259f\u0259r G\u00fcn\u00fc kimi t\u0259nt\u0259n\u0259li \u015f\u0259kild\u0259 qeyd olunur.<\/p>\n<p>&nbsp;<\/p>\n<div class=\"gallery\">\n<div class=\"gallery-i\"><img src=\"https:\/\/cdn.oxu.az\/uploads\/W1siZiIsIjIwMjMvMTEvMDcvMTMvMTUvNDIvMTcxNTA3OGMtNzI5MC00MGRhLTgzZDItMDlmYzZmMTA5MTI2L3NBTThIUHhwMTc0RE9Qb1BRYW9VVWRGQ3RQQVBobmIyWGVaQ1pHWlAuanBnIl0sWyJwIiwiZW5jb2RlIiwianBnIiwiLXF1YWxpdHkgODAiXSxbInAiLCJ0aHVtYiIsIjU5MHg1OTBcdTAwM2UiXV0?sha=eabb965150b67fdd\" alt=\"\" \/><\/p>\n<div class=\"gallery-i-caption\"><\/div>\n<\/div>\n<div class=\"gallery-i\"><img src=\"https:\/\/cdn.oxu.az\/uploads\/W1siZiIsIjIwMjMvMTEvMDcvMTMvMTUvNDEvM2M2YWI2MGYtOGZjMS00OGEzLThiMzgtZGVkYjY1NjYyMWE0L2FyR1lZYmEzR2lsN3c1ajJLaHNjYTd5eHRlVk9yT1NpQ2p0UmtGVDcuanBnIl0sWyJwIiwiZW5jb2RlIiwianBnIiwiLXF1YWxpdHkgODAiXSxbInAiLCJ0aHVtYiIsIjU5MHg1OTBcdTAwM2UiXV0?sha=9897ea426eb7752d\" alt=\"\" \/><\/p>\n<div class=\"gallery-i-caption\"><\/div>\n<\/div>\n<div class=\"gallery-i\"><img src=\"https:\/\/cdn.oxu.az\/uploads\/W1siZiIsIjIwMjMvMTEvMDcvMTMvMTUvNDEvOTA3MDFlOTktMjVkZC00Nzk0LTk5ZjUtNDkxYmI4M2QwMzY3L2Jza3hZT1hTbnN0VHBkNnhUOFB0UFl2ZjFPUkJBd29Hc0JXcndTdTYuanBnIl0sWyJwIiwiZW5jb2RlIiwianBnIiwiLXF1YWxpdHkgODAiXSxbInAiLCJ0aHVtYiIsIjU5MHg1OTBcdTAwM2UiXV0?sha=70c30db6dc99ddfa\" alt=\"\" \/><\/p>\n<div class=\"gallery-i-caption\"><\/div>\n<\/div>\n<div class=\"gallery-i\"><img src=\"https:\/\/cdn.oxu.az\/uploads\/W1siZiIsIjIwMjMvMTEvMDcvMTMvMTUvNDEvNzc2ZjkzODEtYzQyOC00NDVhLTk3OWYtMjE5MGQxNjEzYmYzL0g3MjhqVGd6dnVqeHlJa2FTTk5ITFJXTXF0TkhVTDFMMWxZam96bUYuanBnIl0sWyJwIiwiZW5jb2RlIiwianBnIiwiLXF1YWxpdHkgODAiXSxbInAiLCJ0aHVtYiIsIjU5MHg1OTBcdTAwM2UiXV0?sha=4210c6f0d8fe8904\" alt=\"\" \/><\/p>\n<div class=\"gallery-i-caption\"><\/div>\n<\/div>\n<div class=\"gallery-i\"><img src=\"https:\/\/cdn.oxu.az\/uploads\/W1siZiIsIjIwMjMvMTEvMDcvMTMvMTUvNDEvYmNhZTI0MjMtMjAwOC00ZDkzLWFmZWQtMDI5ZDFlMTVjYzgwL1hvMXlFMFBVbXBSSHJvanExV1liTVlsck9VMUNnQmx2Q0x6UGxlTjMuanBnIl0sWyJwIiwiZW5jb2RlIiwianBnIiwiLXF1YWxpdHkgODAiXSxbInAiLCJ0aHVtYiIsIjU5MHg1OTBcdTAwM2UiXV0?sha=90db4c636756c239\" alt=\"\" \/><\/p>\n<div class=\"gallery-i-caption\"><\/div>\n<\/div>\n<div class=\"gallery-i\"><img src=\"https:\/\/cdn.oxu.az\/uploads\/W1siZiIsIjIwMjMvMTEvMDcvMTMvMTUvNDEvZjhkZTkyZDUtZDNiNC00MWM5LWI2MjctYjFiZTgzZDNmNmIyL0libVF2U1Q1eUx6VFZiODlBenNzbURMakt1Sk9WWHBxbzMwSElNTHcuanBnIl0sWyJwIiwiZW5jb2RlIiwianBnIiwiLXF1YWxpdHkgODAiXSxbInAiLCJ0aHVtYiIsIjU5MHg1OTBcdTAwM2UiXV0?sha=c01cc70277174ba5\" alt=\"\" \/><\/p>\n<div class=\"gallery-i-caption\"><\/div>\n<\/div>\n<div class=\"gallery-i\"><img src=\"https:\/\/cdn.oxu.az\/uploads\/W1siZiIsIjIwMjMvMTEvMDcvMTMvMTUvNDIvYjY2YTI3YTQtYTdlZC00ZWJiLWEyYjgtMTIxMjVlNzA2MzY3L205VXJ4elF0alRBVUlMQW9nekh3bG5PUllrMklHWnFRQ2FTZ2daam4uanBnIl0sWyJwIiwiZW5jb2RlIiwianBnIiwiLXF1YWxpdHkgODAiXSxbInAiLCJ0aHVtYiIsIjU5MHg1OTBcdTAwM2UiXV0?sha=1db4ad4b671b5ce0\" alt=\"\" \/><\/p>\n<div class=\"gallery-i-caption\"><\/div>\n<\/div>\n<div class=\"gallery-i\"><img src=\"https:\/\/cdn.oxu.az\/uploads\/W1siZiIsIjIwMjMvMTEvMDcvMTMvMTUvNDIvOTRlOTVlYmEtOTE1OC00ZTlmLTkyNzgtYjYwNzU2YmY3ZTkzL21IYU1SU0pkME9HZVM4R1U1YTVxd1drdHg1RnVqWjB6eU9kSk12U1kuanBnIl0sWyJwIiwiZW5jb2RlIiwianBnIiwiLXF1YWxpdHkgODAiXSxbInAiLCJ0aHVtYiIsIjU5MHg1OTBcdTAwM2UiXV0?sha=9b7fd1e2b37938fa\" alt=\"\" \/><\/div>\n<\/div>\n","protected":false},"excerpt":{"rendered":"<p>Bak\u0131da 8 Noyabr &#8211; Z\u0259f\u0259r G\u00fcn\u00fcn\u0259 haz\u0131rl\u0131q i\u015fl\u0259ri yekunla\u015f\u0131b. ARANTV.AZ x\u0259b\u0259r verir ki, paytaxt\u0131n k\u00fc\u00e7\u0259 v\u0259 prospektl\u0259rind\u0259 8 noyabrla ba\u011fl\u0131 plakatlar as\u0131l\u0131b, Z\u0259f\u0259rl\u0259 ba\u011fl\u0131 \u015f\u00fcarlar yaz\u0131l\u0131b. Binalar\u0131n eyvanlar\u0131ndan is\u0259 Az\u0259rbaycan bayraqlar\u0131 as\u0131l\u0131b. H\u0259m\u00e7inin noyabr\u0131n 8-d\u0259\u00a0saat 19:00-da D\u0259nizk\u0259nar\u0131 Milli Parkda yerl\u0259\u015f\u0259n Saat q\u00fcll\u0259sinin qar\u015f\u0131s\u0131nda geni\u015f bayram konserti ke\u00e7iril\u0259c\u0259k. Ard\u0131nca at\u0259\u015ff\u0259\u015fanl\u0131q t\u0259\u015fkil olunacaq. Qeyd ed\u0259k ki, 2020-ci ilin sentyabr\u0131n 27-d\u0259 M\u00fcz\u0259ff\u0259r Ali Ba\u015f Komandan\u00a0\u0130lham \u018fliyevin\u00a0r\u0259hb\u0259rliyi alt\u0131nda r\u0259\u015fad\u0259tli Az\u0259rbaycan Ordusu Erm\u0259nistan silahl\u0131 q\u00fcvv\u0259l\u0259rinin h\u0259rbi t\u0259xribatlar\u0131n\u0131n, d\u00f6y\u00fc\u015f aktivliyinin qar\u015f\u0131s\u0131n\u0131 almaq, m\u00fclki \u0259halinin t\u0259hl\u00fck\u0259sizliyini t\u0259min etm\u0259k m\u0259qs\u0259dil\u0259 b\u00fct\u00fcn c\u0259bh\u0259boyu \u0259ks-h\u00fccum \u0259m\u0259liyyatlar\u0131na ba\u015flay\u0131b v\u0259 noyabr\u0131n 10-da&hellip;<\/p>\n","protected":false},"author":2,"featured_media":653930,"comment_status":"closed","ping_status":"closed","sticky":false,"template":"","format":"standard","meta":{"om_disable_all_campaigns":false,"_monsterinsights_skip_tracking":false,"_monsterinsights_sitenote_active":false,"_monsterinsights_sitenote_note":"","_monsterinsights_sitenote_category":0},"categories":[1],"tags":[],"aioseo_notices":[],"gutentor_comment":0,"rttpg_featured_image_url":{"full":["https:\/\/arantv.az\/wp-content\/uploads\/2023\/11\/5ef78f63163635314719295226010905765.jpg",1000,666,false],"landscape":["https:\/\/arantv.az\/wp-content\/uploads\/2023\/11\/5ef78f63163635314719295226010905765.jpg",1000,666,false],"portraits":["https:\/\/arantv.az\/wp-content\/uploads\/2023\/11\/5ef78f63163635314719295226010905765.jpg",1000,666,false],"thumbnail":["https:\/\/arantv.az\/wp-content\/uploads\/2023\/11\/5ef78f63163635314719295226010905765-500x280.jpg",500,280,true],"medium":["https:\/\/arantv.az\/wp-content\/uploads\/2023\/11\/5ef78f63163635314719295226010905765-548x365.jpg",548,365,true],"large":["https:\/\/arantv.az\/wp-content\/uploads\/2023\/11\/5ef78f63163635314719295226010905765-840x559.jpg",640,426,true],"1536x1536":["https:\/\/arantv.az\/wp-content\/uploads\/2023\/11\/5ef78f63163635314719295226010905765.jpg",1000,666,false],"2048x2048":["https:\/\/arantv.az\/wp-content\/uploads\/2023\/11\/5ef78f63163635314719295226010905765.jpg",1000,666,false],"post-thumbnail":["https:\/\/arantv.az\/wp-content\/uploads\/2023\/11\/5ef78f63163635314719295226010905765-240x172.jpg",240,172,true],"advps-thumb-one":["https:\/\/arantv.az\/wp-content\/uploads\/2023\/11\/5ef78f63163635314719295226010905765-1000x620.jpg",1000,620,true]},"rttpg_author":{"display_name":"V\u00fcsal Rafiqo\u011flu","author_link":"https:\/\/arantv.az\/?author=2"},"rttpg_comment":0,"rttpg_category":"<a href=\"https:\/\/arantv.az\/?cat=1\" rel=\"category\">C\u0259miyy\u0259t<\/a>","rttpg_excerpt":"Bak\u0131da 8 Noyabr &#8211; Z\u0259f\u0259r G\u00fcn\u00fcn\u0259 haz\u0131rl\u0131q i\u015fl\u0259ri yekunla\u015f\u0131b. ARANTV.AZ x\u0259b\u0259r verir ki, paytaxt\u0131n k\u00fc\u00e7\u0259 v\u0259 prospektl\u0259rind\u0259 8 noyabrla ba\u011fl\u0131 plakatlar as\u0131l\u0131b, Z\u0259f\u0259rl\u0259 ba\u011fl\u0131 \u015f\u00fcarlar yaz\u0131l\u0131b. Binalar\u0131n eyvanlar\u0131ndan is\u0259 Az\u0259rbaycan bayraqlar\u0131 as\u0131l\u0131b. H\u0259m\u00e7inin noyabr\u0131n 8-d\u0259\u00a0saat 19:00-da D\u0259nizk\u0259nar\u0131 Milli Parkda yerl\u0259\u015f\u0259n Saat q\u00fcll\u0259sinin qar\u015f\u0131s\u0131nda geni\u015f bayram konserti ke\u00e7iril\u0259c\u0259k. Ard\u0131nca at\u0259\u015ff\u0259\u015fanl\u0131q t\u0259\u015fkil olunacaq. Qeyd ed\u0259k ki, 2020-ci&hellip;","_links":{"self":[{"href":"https:\/\/arantv.az\/index.php?rest_route=\/wp\/v2\/posts\/653926"}],"collection":[{"href":"https:\/\/arantv.az\/index.php?rest_route=\/wp\/v2\/posts"}],"about":[{"href":"https:\/\/arantv.az\/index.php?rest_route=\/wp\/v2\/types\/post"}],"author":[{"embeddable":true,"href":"https:\/\/arantv.az\/index.php?rest_route=\/wp\/v2\/users\/2"}],"replies":[{"embeddable":true,"href":"https:\/\/arantv.az\/index.php?rest_route=%2Fwp%2Fv2%2Fcomments&post=653926"}],"version-history":[{"count":0,"href":"https:\/\/arantv.az\/index.php?rest_route=\/wp\/v2\/posts\/653926\/revisions"}],"wp:featuredmedia":[{"embeddable":true,"href":"https:\/\/arantv.az\/index.php?rest_route=\/wp\/v2\/media\/653930"}],"wp:attachment":[{"href":"https:\/\/arantv.az\/index.php?rest_route=%2Fwp%2Fv2%2Fmedia&parent=653926"}],"wp:term":[{"taxonomy":"category","embeddable":true,"href":"https:\/\/arantv.az\/index.php?rest_route=%2Fwp%2Fv2%2Fcategories&post=653926"},{"taxonomy":"post_tag","embeddable":true,"href":"https:\/\/arantv.az\/index.php?rest_route=%2Fwp%2Fv2%2Ftags&post=653926"}],"curies":[{"name":"wp","href":"https:\/\/api.w.org\/{rel}","templated":true}]}}