{"id":653929,"date":"2023-11-07T14:48:10","date_gmt":"2023-11-07T10:48:10","guid":{"rendered":"https:\/\/arantv.az\/?p=653929"},"modified":"2023-11-07T14:48:10","modified_gmt":"2023-11-07T10:48:10","slug":"zakir-h%c9%99s%c9%99nov-k%c9%99rim-v%c9%99liyev-v%c9%99-daha-uc-general-qarabag-ordeni-il%c9%99-t%c9%99ltif-edilib","status":"publish","type":"post","link":"https:\/\/arantv.az\/?p=653929","title":{"rendered":"Zakir H\u0259s\u0259nov, K\u0259rim V\u0259liyev v\u0259 daha \u00fc\u00e7 general \u201cQaraba\u011f\u201d ordeni il\u0259 t\u0259ltif edilib"},"content":{"rendered":"<p>Az\u0259rbaycan Ordusunun be\u015f general\u0131 \u201cQaraba\u011f\u201d ordeni il\u0259 t\u0259ltif edilib.<\/p>\n<p><b>ARANTV.AZ <\/b>x\u0259b\u0259r verir ki, bu bar\u0259d\u0259 Prezident\u00a0<strong>\u0130lham \u018fliyevin<\/strong>\u00a0Az\u0259rbaycan Silahl\u0131 Q\u00fcvv\u0259l\u0259ri h\u0259rbi qulluq\u00e7ular\u0131n\u0131n v\u0259 Daxili \u0130\u015fl\u0259r Nazirliyi \u0259m\u0259kda\u015flar\u0131n\u0131n t\u0259ltif edilm\u0259si haqq\u0131nda S\u0259r\u0259ncam\u0131nda deyilir.<\/p>\n<p>H\u0259min generallar a\u015fa\u011f\u0131dak\u0131lard\u0131r:<\/p>\n<p>Zakir \u018fsg\u0259r o\u011flu\u00a0H\u0259s\u0259nov \u2013 general-polkovnik<\/p>\n<p>K\u0259rim Tofiq o\u011flu\u00a0V\u0259liyev \u2013 general-polkovnik<\/p>\n<p>\u018fnv\u0259r Z\u0259k\u0259riyy\u0259 o\u011flu\u00a0\u018ff\u0259ndiyev\u00a0\u2013 general-leytenant<\/p>\n<p>Hikm\u0259t \u0130zz\u0259t o\u011flu\u00a0Mirz\u0259yev \u2013 general-leytenant<\/p>\n<p>Ramiz Firudinovi\u00e7\u00a0Tahirov\u00a0\u2013 general-leytenant<\/p>\n","protected":false},"excerpt":{"rendered":"<p>Az\u0259rbaycan Ordusunun be\u015f general\u0131 \u201cQaraba\u011f\u201d ordeni il\u0259 t\u0259ltif edilib. ARANTV.AZ x\u0259b\u0259r verir ki, bu bar\u0259d\u0259 Prezident\u00a0\u0130lham \u018fliyevin\u00a0Az\u0259rbaycan Silahl\u0131 Q\u00fcvv\u0259l\u0259ri h\u0259rbi qulluq\u00e7ular\u0131n\u0131n v\u0259 Daxili \u0130\u015fl\u0259r Nazirliyi \u0259m\u0259kda\u015flar\u0131n\u0131n t\u0259ltif edilm\u0259si haqq\u0131nda S\u0259r\u0259ncam\u0131nda deyilir. H\u0259min generallar a\u015fa\u011f\u0131dak\u0131lard\u0131r: Zakir \u018fsg\u0259r o\u011flu\u00a0H\u0259s\u0259nov \u2013 general-polkovnik K\u0259rim Tofiq o\u011flu\u00a0V\u0259liyev \u2013 general-polkovnik \u018fnv\u0259r Z\u0259k\u0259riyy\u0259 o\u011flu\u00a0\u018ff\u0259ndiyev\u00a0\u2013 general-leytenant Hikm\u0259t \u0130zz\u0259t o\u011flu\u00a0Mirz\u0259yev \u2013 general-leytenant Ramiz Firudinovi\u00e7\u00a0Tahirov\u00a0\u2013 general-leytenant<\/p>\n","protected":false},"author":2,"featured_media":653933,"comment_status":"closed","ping_status":"closed","sticky":false,"template":"","format":"standard","meta":{"om_disable_all_campaigns":false,"_monsterinsights_skip_tracking":false,"_monsterinsights_sitenote_active":false,"_monsterinsights_sitenote_note":"","_monsterinsights_sitenote_category":0},"categories":[4],"tags":[],"aioseo_notices":[],"gutentor_comment":0,"rttpg_featured_image_url":{"full":["https:\/\/arantv.az\/wp-content\/uploads\/2023\/11\/FotoJet-2-8.jpg",620,413,false],"landscape":["https:\/\/arantv.az\/wp-content\/uploads\/2023\/11\/FotoJet-2-8.jpg",620,413,false],"portraits":["https:\/\/arantv.az\/wp-content\/uploads\/2023\/11\/FotoJet-2-8.jpg",620,413,false],"thumbnail":["https:\/\/arantv.az\/wp-content\/uploads\/2023\/11\/FotoJet-2-8-500x280.jpg",500,280,true],"medium":["https:\/\/arantv.az\/wp-content\/uploads\/2023\/11\/FotoJet-2-8-548x365.jpg",548,365,true],"large":["https:\/\/arantv.az\/wp-content\/uploads\/2023\/11\/FotoJet-2-8.jpg",620,413,false],"1536x1536":["https:\/\/arantv.az\/wp-content\/uploads\/2023\/11\/FotoJet-2-8.jpg",620,413,false],"2048x2048":["https:\/\/arantv.az\/wp-content\/uploads\/2023\/11\/FotoJet-2-8.jpg",620,413,false],"post-thumbnail":["https:\/\/arantv.az\/wp-content\/uploads\/2023\/11\/FotoJet-2-8-240x172.jpg",240,172,true],"advps-thumb-one":["https:\/\/arantv.az\/wp-content\/uploads\/2023\/11\/FotoJet-2-8.jpg",620,413,false]},"rttpg_author":{"display_name":"V\u00fcsal Rafiqo\u011flu","author_link":"https:\/\/arantv.az\/?author=2"},"rttpg_comment":0,"rttpg_category":"<a href=\"https:\/\/arantv.az\/?cat=4\" rel=\"category\">Siyas\u0259t<\/a>","rttpg_excerpt":"Az\u0259rbaycan Ordusunun be\u015f general\u0131 \u201cQaraba\u011f\u201d ordeni il\u0259 t\u0259ltif edilib. ARANTV.AZ x\u0259b\u0259r verir ki, bu bar\u0259d\u0259 Prezident\u00a0\u0130lham \u018fliyevin\u00a0Az\u0259rbaycan Silahl\u0131 Q\u00fcvv\u0259l\u0259ri h\u0259rbi qulluq\u00e7ular\u0131n\u0131n v\u0259 Daxili \u0130\u015fl\u0259r Nazirliyi \u0259m\u0259kda\u015flar\u0131n\u0131n t\u0259ltif edilm\u0259si haqq\u0131nda S\u0259r\u0259ncam\u0131nda deyilir. H\u0259min generallar a\u015fa\u011f\u0131dak\u0131lard\u0131r: Zakir \u018fsg\u0259r o\u011flu\u00a0H\u0259s\u0259nov \u2013 general-polkovnik K\u0259rim Tofiq o\u011flu\u00a0V\u0259liyev \u2013 general-polkovnik \u018fnv\u0259r Z\u0259k\u0259riyy\u0259 o\u011flu\u00a0\u018ff\u0259ndiyev\u00a0\u2013 general-leytenant Hikm\u0259t \u0130zz\u0259t o\u011flu\u00a0Mirz\u0259yev \u2013 general-leytenant Ramiz Firudinovi\u00e7\u00a0Tahirov\u00a0\u2013&hellip;","_links":{"self":[{"href":"https:\/\/arantv.az\/index.php?rest_route=\/wp\/v2\/posts\/653929"}],"collection":[{"href":"https:\/\/arantv.az\/index.php?rest_route=\/wp\/v2\/posts"}],"about":[{"href":"https:\/\/arantv.az\/index.php?rest_route=\/wp\/v2\/types\/post"}],"author":[{"embeddable":true,"href":"https:\/\/arantv.az\/index.php?rest_route=\/wp\/v2\/users\/2"}],"replies":[{"embeddable":true,"href":"https:\/\/arantv.az\/index.php?rest_route=%2Fwp%2Fv2%2Fcomments&post=653929"}],"version-history":[{"count":0,"href":"https:\/\/arantv.az\/index.php?rest_route=\/wp\/v2\/posts\/653929\/revisions"}],"wp:featuredmedia":[{"embeddable":true,"href":"https:\/\/arantv.az\/index.php?rest_route=\/wp\/v2\/media\/653933"}],"wp:attachment":[{"href":"https:\/\/arantv.az\/index.php?rest_route=%2Fwp%2Fv2%2Fmedia&parent=653929"}],"wp:term":[{"taxonomy":"category","embeddable":true,"href":"https:\/\/arantv.az\/index.php?rest_route=%2Fwp%2Fv2%2Fcategories&post=653929"},{"taxonomy":"post_tag","embeddable":true,"href":"https:\/\/arantv.az\/index.php?rest_route=%2Fwp%2Fv2%2Ftags&post=653929"}],"curies":[{"name":"wp","href":"https:\/\/api.w.org\/{rel}","templated":true}]}}