{"id":653932,"date":"2023-11-07T14:48:20","date_gmt":"2023-11-07T10:48:20","guid":{"rendered":"https:\/\/arantv.az\/?p=653932"},"modified":"2023-11-07T14:48:20","modified_gmt":"2023-11-07T10:48:20","slug":"erm%c9%99nistan-mdb-y%c9%99-uzv-dovl%c9%99tl%c9%99rin-t%c9%99hluk%c9%99sizlik-suralari-katibl%c9%99rinin-iclasinda-istirak-etm%c9%99y%c9%99c%c9%99k","status":"publish","type":"post","link":"https:\/\/arantv.az\/?p=653932","title":{"rendered":"Erm\u0259nistan MDB-y\u0259 \u00fczv d\u00f6vl\u0259tl\u0259rin T\u0259hl\u00fck\u0259sizlik \u015euralar\u0131 katibl\u0259rinin iclas\u0131nda i\u015ftirak etm\u0259y\u0259c\u0259k"},"content":{"rendered":"<p>Erm\u0259nistan T\u0259hl\u00fck\u0259sizlik \u015euras\u0131n\u0131n katibi Armen Qriqoryan MDB-y\u0259 \u00fczv d\u00f6vl\u0259tl\u0259rin T\u0259hl\u00fck\u0259sizlik \u015euralar\u0131 katibl\u0259rinin Rusiyada ke\u00e7iril\u0259c\u0259k iclas\u0131nda i\u015ftirak etm\u0259y\u0259c\u0259k.<\/p>\n<p>Bu bar\u0259d\u0259 Erm\u0259nistan T\u0259hl\u00fck\u0259sizlik \u015euras\u0131n\u0131n m\u0259tbuat katibi Tatevik Petrosyan m\u0259lumat verib.<\/p>\n<p>\u0130clas noyabr\u0131n 8-d\u0259 Rusiya Federasiyas\u0131n\u0131n paytaxt\u0131nda ba\u015f tutacaq.<\/p>\n<p>Qeyd ed\u0259k ki, bundan \u0259vv\u0259l ba\u015f nazir Nikol Pa\u015finyan v\u0259 xarici i\u015fl\u0259r naziri Ararat Mirzoyan MDB-nin Bi\u015fkek sammitind\u0259 i\u015ftirak etm\u0259yibl\u0259r.<\/p>\n<p>M\u0259nb\u0259: R\u0130A Novosti<\/p>\n","protected":false},"excerpt":{"rendered":"<p>Erm\u0259nistan T\u0259hl\u00fck\u0259sizlik \u015euras\u0131n\u0131n katibi Armen Qriqoryan MDB-y\u0259 \u00fczv d\u00f6vl\u0259tl\u0259rin T\u0259hl\u00fck\u0259sizlik \u015euralar\u0131 katibl\u0259rinin Rusiyada ke\u00e7iril\u0259c\u0259k iclas\u0131nda i\u015ftirak etm\u0259y\u0259c\u0259k. Bu bar\u0259d\u0259 Erm\u0259nistan T\u0259hl\u00fck\u0259sizlik \u015euras\u0131n\u0131n m\u0259tbuat katibi Tatevik Petrosyan m\u0259lumat verib. \u0130clas noyabr\u0131n 8-d\u0259 Rusiya Federasiyas\u0131n\u0131n paytaxt\u0131nda ba\u015f tutacaq. Qeyd ed\u0259k ki, bundan \u0259vv\u0259l ba\u015f nazir Nikol Pa\u015finyan v\u0259 xarici i\u015fl\u0259r naziri Ararat Mirzoyan MDB-nin Bi\u015fkek sammitind\u0259 i\u015ftirak etm\u0259yibl\u0259r. M\u0259nb\u0259: R\u0130A Novosti<\/p>\n","protected":false},"author":2,"featured_media":653934,"comment_status":"closed","ping_status":"closed","sticky":false,"template":"","format":"standard","meta":{"om_disable_all_campaigns":false,"_monsterinsights_skip_tracking":false,"_monsterinsights_sitenote_active":false,"_monsterinsights_sitenote_note":"","_monsterinsights_sitenote_category":0},"categories":[7],"tags":[],"aioseo_notices":[],"gutentor_comment":0,"rttpg_featured_image_url":{"full":["https:\/\/arantv.az\/wp-content\/uploads\/2023\/11\/FotoJet-23-1.jpg",620,413,false],"landscape":["https:\/\/arantv.az\/wp-content\/uploads\/2023\/11\/FotoJet-23-1.jpg",620,413,false],"portraits":["https:\/\/arantv.az\/wp-content\/uploads\/2023\/11\/FotoJet-23-1.jpg",620,413,false],"thumbnail":["https:\/\/arantv.az\/wp-content\/uploads\/2023\/11\/FotoJet-23-1-500x280.jpg",500,280,true],"medium":["https:\/\/arantv.az\/wp-content\/uploads\/2023\/11\/FotoJet-23-1-548x365.jpg",548,365,true],"large":["https:\/\/arantv.az\/wp-content\/uploads\/2023\/11\/FotoJet-23-1.jpg",620,413,false],"1536x1536":["https:\/\/arantv.az\/wp-content\/uploads\/2023\/11\/FotoJet-23-1.jpg",620,413,false],"2048x2048":["https:\/\/arantv.az\/wp-content\/uploads\/2023\/11\/FotoJet-23-1.jpg",620,413,false],"post-thumbnail":["https:\/\/arantv.az\/wp-content\/uploads\/2023\/11\/FotoJet-23-1-240x172.jpg",240,172,true],"advps-thumb-one":["https:\/\/arantv.az\/wp-content\/uploads\/2023\/11\/FotoJet-23-1.jpg",620,413,false]},"rttpg_author":{"display_name":"V\u00fcsal Rafiqo\u011flu","author_link":"https:\/\/arantv.az\/?author=2"},"rttpg_comment":0,"rttpg_category":"<a href=\"https:\/\/arantv.az\/?cat=7\" rel=\"category\">D\u00fcnya<\/a>","rttpg_excerpt":"Erm\u0259nistan T\u0259hl\u00fck\u0259sizlik \u015euras\u0131n\u0131n katibi Armen Qriqoryan MDB-y\u0259 \u00fczv d\u00f6vl\u0259tl\u0259rin T\u0259hl\u00fck\u0259sizlik \u015euralar\u0131 katibl\u0259rinin Rusiyada ke\u00e7iril\u0259c\u0259k iclas\u0131nda i\u015ftirak etm\u0259y\u0259c\u0259k. Bu bar\u0259d\u0259 Erm\u0259nistan T\u0259hl\u00fck\u0259sizlik \u015euras\u0131n\u0131n m\u0259tbuat katibi Tatevik Petrosyan m\u0259lumat verib. \u0130clas noyabr\u0131n 8-d\u0259 Rusiya Federasiyas\u0131n\u0131n paytaxt\u0131nda ba\u015f tutacaq. Qeyd ed\u0259k ki, bundan \u0259vv\u0259l ba\u015f nazir Nikol Pa\u015finyan v\u0259 xarici i\u015fl\u0259r naziri Ararat Mirzoyan MDB-nin Bi\u015fkek sammitind\u0259 i\u015ftirak&hellip;","_links":{"self":[{"href":"https:\/\/arantv.az\/index.php?rest_route=\/wp\/v2\/posts\/653932"}],"collection":[{"href":"https:\/\/arantv.az\/index.php?rest_route=\/wp\/v2\/posts"}],"about":[{"href":"https:\/\/arantv.az\/index.php?rest_route=\/wp\/v2\/types\/post"}],"author":[{"embeddable":true,"href":"https:\/\/arantv.az\/index.php?rest_route=\/wp\/v2\/users\/2"}],"replies":[{"embeddable":true,"href":"https:\/\/arantv.az\/index.php?rest_route=%2Fwp%2Fv2%2Fcomments&post=653932"}],"version-history":[{"count":0,"href":"https:\/\/arantv.az\/index.php?rest_route=\/wp\/v2\/posts\/653932\/revisions"}],"wp:featuredmedia":[{"embeddable":true,"href":"https:\/\/arantv.az\/index.php?rest_route=\/wp\/v2\/media\/653934"}],"wp:attachment":[{"href":"https:\/\/arantv.az\/index.php?rest_route=%2Fwp%2Fv2%2Fmedia&parent=653932"}],"wp:term":[{"taxonomy":"category","embeddable":true,"href":"https:\/\/arantv.az\/index.php?rest_route=%2Fwp%2Fv2%2Fcategories&post=653932"},{"taxonomy":"post_tag","embeddable":true,"href":"https:\/\/arantv.az\/index.php?rest_route=%2Fwp%2Fv2%2Ftags&post=653932"}],"curies":[{"name":"wp","href":"https:\/\/api.w.org\/{rel}","templated":true}]}}