{"id":653936,"date":"2023-11-07T14:49:42","date_gmt":"2023-11-07T10:49:42","guid":{"rendered":"https:\/\/arantv.az\/?p=653936"},"modified":"2023-11-07T14:49:42","modified_gmt":"2023-11-07T10:49:42","slug":"bizi-m%c9%99glub-xalq-sindromundan-azad-etdiniz-v%c9%99-avciya-r%c9%99hb%c9%99rinin-prezident%c9%99-t%c9%99briki","status":"publish","type":"post","link":"https:\/\/arantv.az\/?p=653936","title":{"rendered":"\u201cBizi \u201cm\u0259\u011flub xalq\u201d sindromundan azad etdiniz v\u0259 &#8230;\u201d \u2013 AVC\u0130YA r\u0259hb\u0259rinin Prezident\u0259 t\u0259briki"},"content":{"rendered":"<p><strong>Elxan S\u00fcleymanov: \u201cSiz Az\u0259rbaycan xalq\u0131n\u0131n q\u00fcrurunu qaytard\u0131n\u0131z, xalq\u0131m\u0131za g\u0259l\u0259c\u0259y\u0259 inam\u0131 g\u00fccl\u0259ndirdiniz v\u0259 xalq\u0131m\u0131z\u0131 \u00f6z \u0259traf\u0131n\u0131zda s\u0131x birl\u0259\u015fdirdiniz\u201d<\/strong><\/p>\n<p><em><strong>Az\u0259rbaycanda V\u0259t\u0259nda\u015f C\u0259miyy\u0259tinin \u0130nki\u015faf\u0131na Yard\u0131m Assosiasiyas\u0131 (AVC\u0130YA) r\u0259hb\u0259ri Elxan S\u00fcleymanov Prezident, M\u00fcz\u0259ff\u0259r Ali Ba\u015f Komandan \u0130lham \u018fliyev\u0259 Z\u0259f\u0259r bayram\u0131 m\u00fcnasib\u0259til\u0259 t\u0259brik m\u0259ktubu \u00fcnvanlay\u0131b. Musavat.com onun t\u0259brik m\u0259ktubunu d\u0259rc edir:<\/strong><\/em><\/p>\n<p><em>\u00a0 \u00a0 \u00a0 \u00a0 \u00a0 \u00a0 \u00a0 \u00a0 \u00a0 \u00a0 \u00a0 \u00a0 \u00a0****<\/em><\/p>\n<p><strong>&#8211; C\u0259nab Prezident, M\u00fcz\u0259ff\u0259r Ali Ba\u015f Komandan, Az\u0259rbaycan xalq\u0131 \u00f6z tarixinin \u0259n \u015fanl\u0131 s\u0259hif\u0259l\u0259rinin \u2013 Z\u0259f\u0259r bayram\u0131n\u0131n 3-c\u00fc ild\u00f6n\u00fcm\u00fcn ya\u015fay\u0131r. Sizin r\u0259hb\u0259rliyiniz alt\u0131nda Az\u0259rbaycan Silahl\u0131 Q\u00fcvv\u0259l\u0259ri tarix yazd\u0131 \u2014 30 il\u0259 yax\u0131n m\u00fcdd\u0259t \u0259rzind\u0259 Erm\u0259nistan\u0131n i\u015f\u011fal\u0131 alt\u0131nda qalm\u0131\u015f Az\u0259rbaycan torpaqlar\u0131 azad edildi v\u0259 azad edilmi\u015f \u0259razil\u0259rd\u0259 Az\u0259rbaycan\u0131n d\u00f6vl\u0259t suverenliyi tam t\u0259min edildi. Bu g\u00fcn \u015eu\u015fada, Xank\u0259ndind\u0259, A\u011fdamda, F\u00fczulid\u0259, C\u0259bray\u0131lda, Z\u0259ngilanda, La\u00e7\u0131nda, K\u0259lb\u0259c\u0259rd\u0259, Qubadl\u0131da, Xocal\u0131da v\u0259 dig\u0259r azad edilmi\u015f \u0259razil\u0259rimizd\u0259 xalq\u0131m\u0131z\u0131n q\u00fcrur m\u0259nb\u0259yi olan Az\u0259rbaycan d\u00f6vl\u0259t bayra\u011f\u0131 dal\u011falan\u0131r.<\/strong><\/p>\n<p>Sizin prezidentliyiniz d\u00f6vr\u00fcnd\u0259 Az\u0259rbaycan iqtisadiyyat\u0131n\u0131n m\u00fcst\u0259qilliyi t\u0259min edildi, y\u00fcks\u0259k haz\u0131rl\u0131\u011fa malik m\u00fcasir silahlarla t\u0259chiz edilmi\u015f, m\u00fcasir \u00fcsullarla h\u0259rbi \u0259m\u0259liyyatlar h\u0259yata ke\u00e7ir\u0259n Silahl\u0131 Q\u00fcvv\u0259l\u0259r formala\u015fd\u0131r\u0131ld\u0131, 30 il\u0259 yax\u0131n Erm\u0259nistan\u0131n i\u015f\u011fal\u0131 alt\u0131nda olan \u0259razil\u0259rimiz azad edildi, h\u0259min \u0259razil\u0259rd\u0259 Az\u0259rbaycan\u0131n d\u00f6vl\u0259t suverenliyi t\u0259min edildi.<\/p>\n<p><strong>Ulu \u00d6nd\u0259rimiz Heyd\u0259r \u018fliyevin layiqli davam\u00e7\u0131s\u0131 kimi, Sizin m\u0259har\u0259tli d\u00f6vl\u0259t idar\u0259\u00e7iliyiniz, m\u00f6hk\u0259m irad\u0259niz, uzunm\u00fcdd\u0259tli strategiyan\u0131z say\u0259sind\u0259 Az\u0259rbaycan xalq\u0131 \u201cm\u0259\u011flub xalq\u201d sindromundan azad edil\u0259r\u0259k qalib xalqa \u00e7evrildi, Siz Az\u0259rbaycan xalq\u0131na d\u00fcnya xalqlar\u0131 s\u0131ras\u0131nda m\u0259\u011frurluq b\u0259x\u015f etdiniz. \u00d6z \u0259razi b\u00fct\u00f6vl\u00fcy\u00fcn\u00fc v\u0259 d\u00f6vl\u0259t suverenliyini t\u0259min etmi\u015f Az\u0259rbaycan b\u00f6y\u00fck n\u00fcfuza malik qalib d\u00fcnya d\u00f6vl\u0259tl\u0259ri s\u0131ras\u0131nda layiqli yer ald\u0131. Az\u0259rbaycan\u0131n \u0259ld\u0259 etdiyi tarixi Z\u0259f\u0259r regionun geosiyasi m\u0259nz\u0259r\u0259sini d\u0259yi\u015fdi, C\u0259nubi Qafqazda \u0259m\u0259kda\u015fl\u0131q v\u0259 s\u00fclh \u00fc\u00e7\u00fcn yeni imkanlar yaratd\u0131. Son \u00fc\u00e7 il \u0259rzind\u0259 azad edilmi\u015f \u0259razil\u0259rd\u0259 m\u00fcasir standartlara uy\u011fun h\u0259yata ke\u00e7iril\u0259n quruculuq i\u015fl\u0259ri, infrastruktur layih\u0259l\u0259ri h\u0259r k\u0259si heyran edir.<\/strong><\/p>\n<p>Ali Ba\u015f Komandan, Sizin r\u0259hb\u0259rliyiniz alt\u0131nda Az\u0259rbaycan son y\u00fczillikl\u0259r \u0259rzind\u0259 ilk d\u0259f\u0259 olaraq \u00f6z itirilmi\u015f torpaqlar\u0131n\u0131 qaytard\u0131. Bu Sizin m\u00fcdrik d\u00f6vl\u0259t ba\u015f\u00e7\u0131s\u0131, m\u0259har\u0259tli diplomat, b\u00f6y\u00fck strateq, m\u00f6vcud v\u0259ziyy\u0259ti z\u0259rg\u0259r d\u0259qiqliyi il\u0259 qiym\u0259tl\u0259ndir\u0259n v\u0259 y\u00fcks\u0259k pe\u015f\u0259karl\u0131\u011fa malik Ali Ba\u015f Komandan olma\u011f\u0131n\u0131z n\u0259tic\u0259sind\u0259 m\u00fcmk\u00fcn oldu. Siz son \u00fc\u00e7 il \u0259rzind\u0259 Az\u0259rbaycan xalq\u0131na torpaqlar\u0131m\u0131z\u0131n i\u015f\u011faldan azad edilm\u0259si v\u0259 d\u00f6vl\u0259t suverenliyimizin tam t\u0259min edilm\u0259si kimi iki tarixi sevinc ya\u015fama\u011f\u0131 b\u0259x\u015f etdiniz, Az\u0259rbaycan xalq\u0131n\u0131n q\u00fcrurunu qaytard\u0131n\u0131z, xalq\u0131m\u0131za g\u0259l\u0259c\u0259y\u0259 inam\u0131 g\u00fccl\u0259ndirdiniz v\u0259 xalq\u0131m\u0131z\u0131 \u00f6z \u0259traf\u0131n\u0131zda s\u0131x birl\u0259\u015fdirdiniz.<\/p>\n<p>C\u0259nab Prezident, M\u00fcz\u0259ff\u0259r Ali Ba\u015f Komandan!<\/p>\n<p><strong>Sizi 8 Noyabr Z\u0259f\u0259r Bayram\u0131 v\u0259 9 Noyabr Az\u0259rbaycan D\u00f6vl\u0259t Bayra\u011f\u0131 G\u00fcn\u00fc m\u00fcnasib\u0259ti il\u0259 t\u0259brik edir\u0259m, Az\u0259rbaycan\u0131n daha da inki\u015faf\u0131 istiqam\u0259tind\u0259 f\u0259aliyy\u0259tinizd\u0259 yeni u\u011furlar arzulay\u0131ram.<\/strong><br \/>\n<strong>Eyni zamanda Az\u0259rbaycan xalq\u0131na b\u0259x\u015f etdiyiniz bu s\u0259ad\u0259t\u0259 v\u0259 inama g\u00f6r\u0259 Siz\u0259 \u00f6z minn\u0259tdarl\u0131\u011f\u0131m\u0131 bildirm\u0259kd\u0259n m\u0259mnunluq duyuram.<\/strong><br \/>\n<strong>Ya\u015fas\u0131n Az\u0259rbaycan!<\/strong><br \/>\n<strong>E\u015fq olsun \u015fanl\u0131 Az\u0259rbaycan Ordusuna!<\/strong><br \/>\n<strong>Qaraba\u011f Az\u0259rbaycand\u0131r!<\/strong><\/p>\n<p><strong>D\u0259rin ehtiram v\u0259 h\u00f6rm\u0259tl\u0259, Elxan S\u00fcleymanov, AVC\u0130YA prezidenti<\/strong><\/p>\n<p><img loading=\"lazy\" src=\"https:\/\/cdn.musavat.com\/news\/thumbnails\/9b1569b37ff1ce8a7e9e2092b79b5694.jpg\" alt=\"elxan.jpg (14 KB)\" width=\"383\" height=\"253\" \/><\/p>\n<p>Musavat.com<\/p>\n","protected":false},"excerpt":{"rendered":"<p>Elxan S\u00fcleymanov: \u201cSiz Az\u0259rbaycan xalq\u0131n\u0131n q\u00fcrurunu qaytard\u0131n\u0131z, xalq\u0131m\u0131za g\u0259l\u0259c\u0259y\u0259 inam\u0131 g\u00fccl\u0259ndirdiniz v\u0259 xalq\u0131m\u0131z\u0131 \u00f6z \u0259traf\u0131n\u0131zda s\u0131x birl\u0259\u015fdirdiniz\u201d Az\u0259rbaycanda V\u0259t\u0259nda\u015f C\u0259miyy\u0259tinin \u0130nki\u015faf\u0131na Yard\u0131m Assosiasiyas\u0131 (AVC\u0130YA) r\u0259hb\u0259ri Elxan S\u00fcleymanov Prezident, M\u00fcz\u0259ff\u0259r Ali Ba\u015f Komandan \u0130lham \u018fliyev\u0259 Z\u0259f\u0259r bayram\u0131 m\u00fcnasib\u0259til\u0259 t\u0259brik m\u0259ktubu \u00fcnvanlay\u0131b. Musavat.com onun t\u0259brik m\u0259ktubunu d\u0259rc edir: \u00a0 \u00a0 \u00a0 \u00a0 \u00a0 \u00a0 \u00a0 \u00a0 \u00a0 \u00a0 \u00a0 \u00a0 \u00a0**** &#8211; C\u0259nab Prezident, M\u00fcz\u0259ff\u0259r Ali Ba\u015f Komandan, Az\u0259rbaycan xalq\u0131 \u00f6z tarixinin \u0259n \u015fanl\u0131 s\u0259hif\u0259l\u0259rinin \u2013 Z\u0259f\u0259r bayram\u0131n\u0131n 3-c\u00fc ild\u00f6n\u00fcm\u00fcn ya\u015fay\u0131r. Sizin r\u0259hb\u0259rliyiniz alt\u0131nda Az\u0259rbaycan Silahl\u0131 Q\u00fcvv\u0259l\u0259ri tarix yazd\u0131 \u2014 30 il\u0259&hellip;<\/p>\n","protected":false},"author":2,"featured_media":653939,"comment_status":"closed","ping_status":"closed","sticky":false,"template":"","format":"standard","meta":{"om_disable_all_campaigns":false,"_monsterinsights_skip_tracking":false,"_monsterinsights_sitenote_active":false,"_monsterinsights_sitenote_note":"","_monsterinsights_sitenote_category":0},"categories":[19],"tags":[],"aioseo_notices":[],"gutentor_comment":0,"rttpg_featured_image_url":{"full":["https:\/\/arantv.az\/wp-content\/uploads\/2023\/11\/ddbe409aac2b64e51811ec3f4c058d7b.jpg",870,500,false],"landscape":["https:\/\/arantv.az\/wp-content\/uploads\/2023\/11\/ddbe409aac2b64e51811ec3f4c058d7b.jpg",870,500,false],"portraits":["https:\/\/arantv.az\/wp-content\/uploads\/2023\/11\/ddbe409aac2b64e51811ec3f4c058d7b.jpg",870,500,false],"thumbnail":["https:\/\/arantv.az\/wp-content\/uploads\/2023\/11\/ddbe409aac2b64e51811ec3f4c058d7b-500x280.jpg",500,280,true],"medium":["https:\/\/arantv.az\/wp-content\/uploads\/2023\/11\/ddbe409aac2b64e51811ec3f4c058d7b-635x365.jpg",635,365,true],"large":["https:\/\/arantv.az\/wp-content\/uploads\/2023\/11\/ddbe409aac2b64e51811ec3f4c058d7b-840x483.jpg",640,368,true],"1536x1536":["https:\/\/arantv.az\/wp-content\/uploads\/2023\/11\/ddbe409aac2b64e51811ec3f4c058d7b.jpg",870,500,false],"2048x2048":["https:\/\/arantv.az\/wp-content\/uploads\/2023\/11\/ddbe409aac2b64e51811ec3f4c058d7b.jpg",870,500,false],"post-thumbnail":["https:\/\/arantv.az\/wp-content\/uploads\/2023\/11\/ddbe409aac2b64e51811ec3f4c058d7b-240x172.jpg",240,172,true],"advps-thumb-one":["https:\/\/arantv.az\/wp-content\/uploads\/2023\/11\/ddbe409aac2b64e51811ec3f4c058d7b.jpg",870,500,false]},"rttpg_author":{"display_name":"V\u00fcsal Rafiqo\u011flu","author_link":"https:\/\/arantv.az\/?author=2"},"rttpg_comment":0,"rttpg_category":"<a href=\"https:\/\/arantv.az\/?cat=19\" rel=\"category\">G\u00fcnd\u0259m<\/a>","rttpg_excerpt":"Elxan S\u00fcleymanov: \u201cSiz Az\u0259rbaycan xalq\u0131n\u0131n q\u00fcrurunu qaytard\u0131n\u0131z, xalq\u0131m\u0131za g\u0259l\u0259c\u0259y\u0259 inam\u0131 g\u00fccl\u0259ndirdiniz v\u0259 xalq\u0131m\u0131z\u0131 \u00f6z \u0259traf\u0131n\u0131zda s\u0131x birl\u0259\u015fdirdiniz\u201d Az\u0259rbaycanda V\u0259t\u0259nda\u015f C\u0259miyy\u0259tinin \u0130nki\u015faf\u0131na Yard\u0131m Assosiasiyas\u0131 (AVC\u0130YA) r\u0259hb\u0259ri Elxan S\u00fcleymanov Prezident, M\u00fcz\u0259ff\u0259r Ali Ba\u015f Komandan \u0130lham \u018fliyev\u0259 Z\u0259f\u0259r bayram\u0131 m\u00fcnasib\u0259til\u0259 t\u0259brik m\u0259ktubu \u00fcnvanlay\u0131b. Musavat.com onun t\u0259brik m\u0259ktubunu d\u0259rc edir: \u00a0 \u00a0 \u00a0 \u00a0 \u00a0 \u00a0 \u00a0 \u00a0 \u00a0&hellip;","_links":{"self":[{"href":"https:\/\/arantv.az\/index.php?rest_route=\/wp\/v2\/posts\/653936"}],"collection":[{"href":"https:\/\/arantv.az\/index.php?rest_route=\/wp\/v2\/posts"}],"about":[{"href":"https:\/\/arantv.az\/index.php?rest_route=\/wp\/v2\/types\/post"}],"author":[{"embeddable":true,"href":"https:\/\/arantv.az\/index.php?rest_route=\/wp\/v2\/users\/2"}],"replies":[{"embeddable":true,"href":"https:\/\/arantv.az\/index.php?rest_route=%2Fwp%2Fv2%2Fcomments&post=653936"}],"version-history":[{"count":0,"href":"https:\/\/arantv.az\/index.php?rest_route=\/wp\/v2\/posts\/653936\/revisions"}],"wp:featuredmedia":[{"embeddable":true,"href":"https:\/\/arantv.az\/index.php?rest_route=\/wp\/v2\/media\/653939"}],"wp:attachment":[{"href":"https:\/\/arantv.az\/index.php?rest_route=%2Fwp%2Fv2%2Fmedia&parent=653936"}],"wp:term":[{"taxonomy":"category","embeddable":true,"href":"https:\/\/arantv.az\/index.php?rest_route=%2Fwp%2Fv2%2Fcategories&post=653936"},{"taxonomy":"post_tag","embeddable":true,"href":"https:\/\/arantv.az\/index.php?rest_route=%2Fwp%2Fv2%2Ftags&post=653936"}],"curies":[{"name":"wp","href":"https:\/\/api.w.org\/{rel}","templated":true}]}}