{"id":653938,"date":"2023-11-07T14:49:58","date_gmt":"2023-11-07T10:49:58","guid":{"rendered":"https:\/\/arantv.az\/?p=653938"},"modified":"2023-11-07T14:49:58","modified_gmt":"2023-11-07T10:49:58","slug":"ecmi%c9%99dzind%c9%99n-bakiya-qarsi-h%c9%99ddini-asan-q%c9%99rar-novb%c9%99ti-erm%c9%99ni-h%c9%99yasizligi","status":"publish","type":"post","link":"https:\/\/arantv.az\/?p=653938","title":{"rendered":"E\u00e7mi\u0259dzind\u0259n Bak\u0131ya qar\u015f\u0131 h\u0259ddini a\u015fan q\u0259rar &#8211; n\u00f6vb\u0259ti erm\u0259ni h\u0259yas\u0131zl\u0131\u011f\u0131"},"content":{"rendered":"<p><strong>Fazil Mustafa: \u201cK\u0259d\u0259r imitasiyas\u0131n\u0131 g\u00fccl\u0259ndirm\u0259k ist\u0259yirl\u0259rs\u0259, bu onlar\u0131n inki\u015faf\u0131n\u0131 l\u0259ngid\u0259c\u0259k\u201d<\/strong><\/p>\n<p>Noyabr\u0131n 3-d\u0259 E\u00e7miadzind\u0259 erm\u0259ni kils\u0259sinin Ali Dini \u015euras\u0131n\u0131n iclas\u0131nda \u201cQaraba\u011f (arsax) yeparxiyas\u0131\u201dn\u0131 saxlamaq q\u0259rar\u0131 q\u0259bul edilib. E\u00e7mi\u0259dzinin m\u0259tbuat xidm\u0259tinin m\u0259lumat\u0131na g\u00f6r\u0259, q\u0259rar\u0131 katolikos II Qaregin q\u0259bul edib. Bildirilir ki, \u201cyeparxiyan\u0131n b\u0259zi funksiyalar\u0131 d\u0259yi\u015fdiril\u0259c\u0259k\u201d.<\/p>\n<p>\u201cBu, o dem\u0259kdir ki, bizim q\u0259lbimizd\u0259 yenid\u0259n &#8220;artsax&#8221;a qay\u0131tmaq arzusu olacaq&#8221;, &#8211; dey\u0259 Qaraba\u011f yeparxiyas\u0131n\u0131n ba\u015f\u00e7\u0131s\u0131 yepiskop Vrtanes Abramyan h\u0259yas\u0131zcas\u0131na bildirib.<\/p>\n<p>B\u0259llidir ki, erm\u0259ni katolikoslu\u011fu T\u00fcrk\u0259 nifr\u0259tin v\u0259 \u0259sass\u0131z \u0259razi iddialar\u0131n\u0131n \u0259sas ideoloji-m\u0259n\u0259vi qayna\u011f\u0131 kimi tan\u0131n\u0131r. II Qareginin yuxar\u0131dak\u0131 q\u0259rar\u0131 o dem\u0259kdir ki, Az\u0259rbaycana qar\u015f\u0131 \u0259razi iddias\u0131 h\u0259m d\u0259 bu \u015f\u0259kild\u0259\u00a0 g\u00fcnd\u0259md\u0259 qalma\u011fa davam ed\u0259c\u0259k.<\/p>\n<p><strong>Bu q\u0259rar\u0131n s\u00fclh anla\u015fmas\u0131na neqativ t\u0259sirl\u0259ri ola bil\u0259r?<\/strong><\/p>\n<p><strong><img src=\"https:\/\/cdn.oxu.az\/uploads\/W1siZiIsIjIwMjMvMDMvMjgvMjIvMjYvNDgvNWNlZTJiOTctZWNhNy00MTI4LWI2MzMtZTM1MjA3ZDE0OTBmL2ZhemlsLmpwZyJdLFsicCIsImVuY29kZSIsImpwZyIsIi1xdWFsaXR5IDgwIl0sWyJwIiwidGh1bWIiLCI2MjB4NDEzIyJdXQ?sha=7e699acc324b36ad\" alt=\"Oxu.az - Evinin \u00f6n\u00fcnd\u0259 g\u00fcll\u0259l\u0259n\u0259n Fazil Mustafa \u0259m\u0259liyyatdan \u00e7\u0131xd\u0131 \u2013  YEN\u0130L\u018fN\u0130B + FOTO\/V\u0130DEO\" \/><\/strong><\/p>\n<p><strong>Fazil Mustafa<\/strong><\/p>\n<p>Deputat Fazil Mustafa \u201cYeni M\u00fcsavat\u201da deyib ki, II Qareginin bel\u0259 bir q\u0259rar verm\u0259si t\u0259\u0259cc\u00fcbl\u00fc deyil: \u201cErm\u0259ni olasan, m\u00fc\u0259yy\u0259n qeyri-real ideyalar u\u011frunda m\u00fcbariz\u0259 aparmayasan, sonra da bunun faci\u0259sini ya\u015famayasan? Bu halda ba\u015fqa xalqlardan f\u0259rql\u0259n\u0259rs\u0259n&#8230; Erm\u0259ninin a\u011f\u0131ls\u0131zl\u0131\u011f\u0131 da el\u0259 bundad\u0131r. II Qareginin d\u0259 bel\u0259 bir q\u0259rar verm\u0259kl\u0259 \u0259slind\u0259 biz\u0259 ziyan etm\u0259yib. \u00c7\u00fcnki art\u0131q Qaraba\u011f &#8220;m\u0259s\u0259l\u0259si&#8221; v\u0259 b\u00fct\u00fcn dig\u0259r m\u0259s\u0259l\u0259l\u0259r ancaq Erm\u0259nistan\u0131n i\u00e7ind\u0259 ba\u015f qatmaq m\u00f6vzusu ola bil\u0259r. Art\u0131q bunun Erm\u0259nistan\u0131n h\u00fcquqlar\u0131ndan k\u0259narda kimins\u0259 \u00e7evirm\u0259sin\u0259 imkan tan\u0131nmayacaq&#8221;.<\/p>\n<p><strong>Deputat deyib ki, bel\u0259 bir q\u0259rar\u0131n verilm\u0259sinin el\u0259 bir anlam\u0131 da yoxdur:<\/strong>\u00a0\u201cBu q\u0259rarda Az\u0259rbaycan \u00fc\u00e7\u00fcn h\u0259r hans\u0131 bir narahatedici m\u0259qam yoxdur. Erm\u0259nistan i\u00e7ind\u0259 a\u011flas\u0131nlar-s\u0131zlas\u0131nlar, gedib ba\u015flar\u0131n\u0131 qondarma abid\u0259l\u0259rind\u0259ki da\u015flara s\u00fcrts\u00fcnl\u0259r. Bu, onlar\u0131n i\u00e7 h\u00fcquqlar\u0131d\u0131r. Amma ba\u015flar\u0131n\u0131 k\u0259nara \u00e7\u0131x\u0131b Qaraba\u011f q\u0131\u015fq\u0131racaqlarsa, ba\u015flar\u0131n\u0131n \u00fcst\u00fcnd\u0259 d\u0259mir yumru\u011fu g\u00f6r\u0259c\u0259kl\u0259r. Bizim \u00fc\u00e7\u00fcn bel\u0259 q\u0259rarlar\u0131n h\u0259r hans\u0131 bir anlam\u0131, ziyan\u0131 yoxdur, \u0259ksin\u0259, \u00f6zl\u0259ri \u00fc\u00e7\u00fcn m\u0259nfi t\u0259r\u0259fl\u0259ri var. Erm\u0259nil\u0259r bu boyda hadis\u0259l\u0259rd\u0259n sonra a\u011f\u0131llanmay\u0131blarsa, k\u00f6hn\u0259 \u00fcslubda hans\u0131sa bir k\u0259d\u0259r ya\u015famaq, \u00f6z\u00fcn\u00fct\u0259l\u0259fat, k\u0259d\u0259r imitasiyas\u0131n\u0131 g\u00fccl\u0259ndirm\u0259k ist\u0259yirl\u0259rs\u0259, bu onlar\u0131n inki\u015faf\u0131n\u0131 l\u0259ngid\u0259c\u0259k\u201d.<\/p>\n<p>Deputat deyir ki, bel\u0259 q\u0259rarlar erm\u0259ni c\u0259miyy\u0259tinin tutuldu\u011fu x\u0259st\u0259likd\u0259n t\u0259mizl\u0259m\u0259y\u0259c\u0259k: \u201cBel\u0259 q\u0259rarlar biz\u0259 s\u0259rf edir. O bax\u0131mdan ki, bu c\u0259miyy\u0259t x\u0259st\u0259 olmasayd\u0131, daha \u00e7ox inki\u015faf ed\u0259c\u0259kdi\u201d.<\/p>\n","protected":false},"excerpt":{"rendered":"<p>Fazil Mustafa: \u201cK\u0259d\u0259r imitasiyas\u0131n\u0131 g\u00fccl\u0259ndirm\u0259k ist\u0259yirl\u0259rs\u0259, bu onlar\u0131n inki\u015faf\u0131n\u0131 l\u0259ngid\u0259c\u0259k\u201d Noyabr\u0131n 3-d\u0259 E\u00e7miadzind\u0259 erm\u0259ni kils\u0259sinin Ali Dini \u015euras\u0131n\u0131n iclas\u0131nda \u201cQaraba\u011f (arsax) yeparxiyas\u0131\u201dn\u0131 saxlamaq q\u0259rar\u0131 q\u0259bul edilib. E\u00e7mi\u0259dzinin m\u0259tbuat xidm\u0259tinin m\u0259lumat\u0131na g\u00f6r\u0259, q\u0259rar\u0131 katolikos II Qaregin q\u0259bul edib. Bildirilir ki, \u201cyeparxiyan\u0131n b\u0259zi funksiyalar\u0131 d\u0259yi\u015fdiril\u0259c\u0259k\u201d. \u201cBu, o dem\u0259kdir ki, bizim q\u0259lbimizd\u0259 yenid\u0259n &#8220;artsax&#8221;a qay\u0131tmaq arzusu olacaq&#8221;, &#8211; dey\u0259 Qaraba\u011f yeparxiyas\u0131n\u0131n ba\u015f\u00e7\u0131s\u0131 yepiskop Vrtanes Abramyan h\u0259yas\u0131zcas\u0131na bildirib. B\u0259llidir ki, erm\u0259ni katolikoslu\u011fu T\u00fcrk\u0259 nifr\u0259tin v\u0259 \u0259sass\u0131z \u0259razi iddialar\u0131n\u0131n \u0259sas ideoloji-m\u0259n\u0259vi qayna\u011f\u0131 kimi tan\u0131n\u0131r. II Qareginin yuxar\u0131dak\u0131 q\u0259rar\u0131 o dem\u0259kdir ki, Az\u0259rbaycana qar\u015f\u0131 \u0259razi iddias\u0131&hellip;<\/p>\n","protected":false},"author":2,"featured_media":653941,"comment_status":"closed","ping_status":"closed","sticky":false,"template":"","format":"standard","meta":{"om_disable_all_campaigns":false,"_monsterinsights_skip_tracking":false,"_monsterinsights_sitenote_active":false,"_monsterinsights_sitenote_note":"","_monsterinsights_sitenote_category":0},"categories":[4],"tags":[],"aioseo_notices":[],"gutentor_comment":0,"rttpg_featured_image_url":{"full":["https:\/\/arantv.az\/wp-content\/uploads\/2023\/11\/3f41e5999d7be31a73cb3041a4016885.jpg",799,500,false],"landscape":["https:\/\/arantv.az\/wp-content\/uploads\/2023\/11\/3f41e5999d7be31a73cb3041a4016885.jpg",799,500,false],"portraits":["https:\/\/arantv.az\/wp-content\/uploads\/2023\/11\/3f41e5999d7be31a73cb3041a4016885.jpg",799,500,false],"thumbnail":["https:\/\/arantv.az\/wp-content\/uploads\/2023\/11\/3f41e5999d7be31a73cb3041a4016885-500x280.jpg",500,280,true],"medium":["https:\/\/arantv.az\/wp-content\/uploads\/2023\/11\/3f41e5999d7be31a73cb3041a4016885-583x365.jpg",583,365,true],"large":["https:\/\/arantv.az\/wp-content\/uploads\/2023\/11\/3f41e5999d7be31a73cb3041a4016885.jpg",640,401,false],"1536x1536":["https:\/\/arantv.az\/wp-content\/uploads\/2023\/11\/3f41e5999d7be31a73cb3041a4016885.jpg",799,500,false],"2048x2048":["https:\/\/arantv.az\/wp-content\/uploads\/2023\/11\/3f41e5999d7be31a73cb3041a4016885.jpg",799,500,false],"post-thumbnail":["https:\/\/arantv.az\/wp-content\/uploads\/2023\/11\/3f41e5999d7be31a73cb3041a4016885-240x172.jpg",240,172,true],"advps-thumb-one":["https:\/\/arantv.az\/wp-content\/uploads\/2023\/11\/3f41e5999d7be31a73cb3041a4016885.jpg",799,500,false]},"rttpg_author":{"display_name":"V\u00fcsal Rafiqo\u011flu","author_link":"https:\/\/arantv.az\/?author=2"},"rttpg_comment":0,"rttpg_category":"<a href=\"https:\/\/arantv.az\/?cat=4\" rel=\"category\">Siyas\u0259t<\/a>","rttpg_excerpt":"Fazil Mustafa: \u201cK\u0259d\u0259r imitasiyas\u0131n\u0131 g\u00fccl\u0259ndirm\u0259k ist\u0259yirl\u0259rs\u0259, bu onlar\u0131n inki\u015faf\u0131n\u0131 l\u0259ngid\u0259c\u0259k\u201d Noyabr\u0131n 3-d\u0259 E\u00e7miadzind\u0259 erm\u0259ni kils\u0259sinin Ali Dini \u015euras\u0131n\u0131n iclas\u0131nda \u201cQaraba\u011f (arsax) yeparxiyas\u0131\u201dn\u0131 saxlamaq q\u0259rar\u0131 q\u0259bul edilib. E\u00e7mi\u0259dzinin m\u0259tbuat xidm\u0259tinin m\u0259lumat\u0131na g\u00f6r\u0259, q\u0259rar\u0131 katolikos II Qaregin q\u0259bul edib. Bildirilir ki, \u201cyeparxiyan\u0131n b\u0259zi funksiyalar\u0131 d\u0259yi\u015fdiril\u0259c\u0259k\u201d. \u201cBu, o dem\u0259kdir ki, bizim q\u0259lbimizd\u0259 yenid\u0259n &#8220;artsax&#8221;a qay\u0131tmaq arzusu olacaq&#8221;, &#8211;&hellip;","_links":{"self":[{"href":"https:\/\/arantv.az\/index.php?rest_route=\/wp\/v2\/posts\/653938"}],"collection":[{"href":"https:\/\/arantv.az\/index.php?rest_route=\/wp\/v2\/posts"}],"about":[{"href":"https:\/\/arantv.az\/index.php?rest_route=\/wp\/v2\/types\/post"}],"author":[{"embeddable":true,"href":"https:\/\/arantv.az\/index.php?rest_route=\/wp\/v2\/users\/2"}],"replies":[{"embeddable":true,"href":"https:\/\/arantv.az\/index.php?rest_route=%2Fwp%2Fv2%2Fcomments&post=653938"}],"version-history":[{"count":0,"href":"https:\/\/arantv.az\/index.php?rest_route=\/wp\/v2\/posts\/653938\/revisions"}],"wp:featuredmedia":[{"embeddable":true,"href":"https:\/\/arantv.az\/index.php?rest_route=\/wp\/v2\/media\/653941"}],"wp:attachment":[{"href":"https:\/\/arantv.az\/index.php?rest_route=%2Fwp%2Fv2%2Fmedia&parent=653938"}],"wp:term":[{"taxonomy":"category","embeddable":true,"href":"https:\/\/arantv.az\/index.php?rest_route=%2Fwp%2Fv2%2Fcategories&post=653938"},{"taxonomy":"post_tag","embeddable":true,"href":"https:\/\/arantv.az\/index.php?rest_route=%2Fwp%2Fv2%2Ftags&post=653938"}],"curies":[{"name":"wp","href":"https:\/\/api.w.org\/{rel}","templated":true}]}}