{"id":653942,"date":"2023-11-07T14:50:48","date_gmt":"2023-11-07T10:50:48","guid":{"rendered":"https:\/\/arantv.az\/?p=653942"},"modified":"2023-11-07T14:50:48","modified_gmt":"2023-11-07T10:50:48","slug":"ruhun-sad-olsun-qonsu-ilham-%c9%99liyev-bacardi","status":"publish","type":"post","link":"https:\/\/arantv.az\/?p=653942","title":{"rendered":"Ruhun \u015fad olsun, qon\u015fu: \u0130LHAM \u018fL\u0130YEV BACARDI!"},"content":{"rendered":"<p><strong>H\u0259min g\u00fcn onun dedikl\u0259rini, g\u00f6zl\u0259rind\u0259ki d\u0259rin k\u0259d\u0259ri, \u00fcmidsiz, yor\u011fun bax\u0131\u015flar\u0131n\u0131 unuda bilmir\u0259m.<\/strong><\/p>\n<p>Y\u0259qin ki, he\u00e7 vaxt da unutmayaca\u011fam.<\/p>\n<p>Vaqif S\u0259m\u0259do\u011flu il\u0259 qon\u015fuyduq.<\/p>\n<p>Milli M\u0259clisin mill\u0259t v\u0259kill\u0259ri \u00fc\u00e7\u00fcn in\u015fa edilmi\u015f binan\u0131n 2-ci m\u0259rt\u0259b\u0259sind\u0259 biz, 3-c\u00fc m\u0259rt\u0259b\u0259sind\u0259 Vaqif m\u00fc\u0259llim olurdu.<\/p>\n<p>(\u0130ndi h\u0259min m\u0259nzild\u0259 \u015fairin h\u0259yat yolda\u015f\u0131 N\u00fc\u015fab\u0259 xan\u0131m ya\u015fay\u0131r)<\/p>\n<p>Dem\u0259k olar ki, h\u0259r g\u00fcn rastla\u015f\u0131rd\u0131q.<\/p>\n<p>Bir d\u0259f\u0259 pill\u0259k\u0259nd\u0259 \u00fcz-\u00fcz\u0259 g\u0259ldik.<\/p>\n<p>G\u00fcl\u0259-g\u00fcl\u0259 \u201cQon\u015fu, m\u0259nim d\u0259 \u0259lim\u0259 \u0259sa verdil\u0259r\u201d, &#8211; dedi.<\/p>\n<p>Onda x\u0259st\u0259liyini bildim. H\u0259kiml\u0259r n\u0259s\u0259 xo\u015fag\u0259lm\u0259z bir \u015fey tap\u0131blar s\u00f6yl\u0259yib, d\u0259rhal da \u00fcst\u00fcnd\u0259n ke\u00e7di.<\/p>\n<p><em><strong>-Arada bir niy\u0259 biz\u0259 qalxm\u0131rsan?<\/strong><\/em><\/p>\n<p>&#8230; Sonuncu d\u0259f\u0259 g\u00f6r\u00fc\u015f\u0259nd\u0259 x\u0259st\u0259xanadan, n\u00f6vb\u0259ti m\u00fcalic\u0259 prosedurundan qay\u0131d\u0131rd\u0131.<\/p>\n<p>\u015euxlu\u011funu, d\u0259yan\u0259tini z\u0259rr\u0259 q\u0259d\u0259r itirm\u0259mi\u015fdi.<\/p>\n<p><strong><em>-Qon\u015fu, qohum-\u0259qr\u0259bada yax\u015f\u0131 a\u015f bi\u015fir\u0259n varm\u0131?<\/em><\/strong><\/p>\n<p><strong><em>-Neyn\u0259yirsiniz ki, Vaqif m\u00fc\u0259llim?<\/em><\/strong><\/p>\n<p><strong><em>-Vaxt-v\u0259d\u0259 yeti\u015fib.<\/em><\/strong><\/p>\n<p>Bir q\u0259d\u0259r duruxub sonra amiran\u0259 \u015f\u0259kild\u0259 \u0259lav\u0259 etdi.<\/p>\n<p>-M\u0259n \u00f6l\u00fcmd\u0259n qorxmuram ha.<\/p>\n<p>Amma torpaqlar\u0131m\u0131z\u0131 i\u015f\u011fal alt\u0131nda qoyub, \u015eu\u015fan\u0131n, Qaraba\u011f\u0131n azadl\u0131\u011f\u0131n\u0131 g\u00f6rm\u0259d\u0259n d\u00fcnyadan k\u00f6\u00e7m\u0259k \u00e7ox a\u011f\u0131rd\u0131r&#8230;<\/p>\n<p>N\u0259 q\u0259d\u0259r insan, dost-tan\u0131\u015f, qohum-qarda\u015f b\u00fct\u00f6v bir n\u0259sil V\u0259t\u0259n, torpaq, yurd, Qaraba\u011f nisgili il\u0259 \u00f6mr\u00fcn\u00fc ba\u015fa vurdu bu ill\u0259r \u0259rzind\u0259.<\/p>\n<p>M\u0259nd\u0259n \u0259n \u0259zabl\u0131 duy\u011fu, \u0259n a\u011f\u0131r i\u015fg\u0259nc\u0259 n\u0259dir dey\u0259 soru\u015fsalar d\u00fc\u015f\u00fcnm\u0259d\u0259n cavab ver\u0259r\u0259m.<\/p>\n<p>\u00d6mr\u00fcn v\u0259 ya\u015f\u0131n el\u0259 bir m\u0259rh\u0259l\u0259si g\u0259lir ki&#8230;<\/p>\n<p>Do\u011fuldu\u011fun yeri, k\u0259ndi, \u015f\u0259h\u0259ri g\u00f6rm\u0259k ist\u0259yirs\u0259n.<\/p>\n<p>Ancaq m\u00fcmk\u00fcn deyil.<\/p>\n<p>Baban\u0131n, atan\u0131n, anan\u0131n m\u0259zar\u0131n\u0131 ziyar\u0259t etm\u0259k ist\u0259yirs\u0259n.<\/p>\n<p>He\u00e7 c\u00fcr\u0259 al\u0131nm\u0131r.<\/p>\n<p>S\u0259b\u0259b is\u0259 b\u0259llidir.<\/p>\n<p>Erm\u0259ni i\u015f\u011fal\u0131.<\/p>\n<p>Ya da s\u0259nin \u00f6z\u00fcnl\u0259, atanla, babanla ba\u011fl\u0131 n\u0259 varsa, erm\u0259ni vandallar\u0131 darmada\u011f\u0131n edib, da\u015f \u00fcst\u0259 da\u015f qalmay\u0131b.<\/p>\n<p>T\u0259kc\u0259 s\u0259nin evind\u0259n-e\u015fiyind\u0259n yox, xatir\u0259l\u0259rind\u0259n d\u0259 intiqam al\u0131blar&#8230;<\/p>\n<p>M\u0259nim atam N\u00fcv\u0259diy\u0259 d\u00f6n\u0259c\u0259yin\u0259 o q\u0259d\u0259r inanm\u0131rd\u0131.<\/p>\n<p>Z\u0259ngilan\u0131n azadl\u0131\u011f\u0131n\u0131 g\u00f6zl\u0259yirdi, deyirdi ki, Z\u0259ngilan azad olsun atam\u0131n, qarda\u015f\u0131m\u0131n m\u0259zar\u0131n\u0131 Z\u0259ngilanda N\u00fcv\u0259diy\u0259 yax\u0131n bir yer\u0259 k\u00f6\u00e7\u00fcr\u00fcb orada yurd salaca\u011fam.<\/p>\n<p>Atama Z\u0259ngilan\u0131n xo\u015f g\u00fcnl\u0259rini g\u00f6rm\u0259k n\u0259sib olmad\u0131.<\/p>\n<p>N\u00fcv\u0259di nisgili, Z\u0259ngilan h\u0259sr\u0259til\u0259 d\u00fcnyaya \u0259lvida dedi.<\/p>\n<p>Anam Z\u0259ngilan\u0131n azadl\u0131\u011f\u0131n\u0131 g\u00f6r\u0259 bildi.<\/p>\n<p>Arzulay\u0131rd\u0131 ki, he\u00e7 olmasa Z\u0259ngilan\u0131n Vejn\u0259li k\u0259ndin\u0259 gedib oradan N\u00fcv\u0259diy\u0259 baxa bilsin.<\/p>\n<p>\u00c7\u00fcnki Vejn\u0259lid\u0259n N\u00fcv\u0259di da\u011flar\u0131 g\u00f6r\u00fcn\u00fcr.<\/p>\n<p>T\u0259\u0259ss\u00fcf ki, anama da Vejn\u0259lid\u0259n N\u00fcv\u0259diy\u0259 boylanmaq s\u0259ad\u0259ti qism\u0259t deyilmi\u015f.<\/p>\n<p>Amma m\u0259n Vejn\u0259liy\u0259 q\u0259d\u0259r ged\u0259 bildim.<\/p>\n<p>Orada N\u00fcv\u0259di da\u011flar\u0131n\u0131n havas\u0131n\u0131 ciy\u0259rl\u0259rim\u0259 \u00e7\u0259kdim.<\/p>\n<p>Sonsuz inam v\u0259 f\u00f6vq\u0259lad\u0259 bir romantika il\u0259.<\/p>\n<p>M\u0259n 1969-cu ild\u0259 N\u00fcv\u0259di k\u0259nd m\u0259scidinin yan\u0131ndak\u0131 baba evimizd\u0259 d\u00fcnyaya g\u00f6z a\u00e7m\u0131\u015fam.<\/p>\n<p>1 il sonra atam N\u00fcv\u0259di k\u0259nd orta m\u0259kt\u0259binin qon\u015fulu\u011funda ev tikib v\u0259 biz o ev\u0259 k\u00f6\u00e7m\u00fc\u015f\u00fck.<\/p>\n<p>Evimizin \u0259traf\u0131 nar ba\u011flar\u0131yd\u0131.<\/p>\n<p>O d\u00f6vr\u00fcn imkanlar\u0131 \u00e7\u0259r\u00e7iv\u0259si daxilind\u0259 \u00e7ox t\u0259mt\u0259raql\u0131, yara\u015f\u0131ql\u0131 bir eviydi.<\/p>\n<p>Aprel-may aylar\u0131nda nar a\u011fac\u0131n\u0131n \u00e7i\u00e7\u0259k a\u00e7d\u0131\u011f\u0131 vaxtlar ikinci m\u0259rt\u0259b\u0259d\u0259n baxanda evimiz q\u0131rm\u0131z\u0131 d\u0259nizd\u0259 \u00fcz\u0259n g\u0259miy\u0259 ox\u015fay\u0131rd\u0131.<\/p>\n<p>O ev m\u0259nim yad\u0131mda el\u0259c\u0259 d\u0259 qal\u0131b.<\/p>\n<p>Bak\u0131da T\u0259briz k\u00fc\u00e7\u0259sind\u0259 m\u0259hdud \u015f\u0259raitli bir m\u0259nzild\u0259 ya\u015fay\u0131rd\u0131q.<\/p>\n<p><em><strong>Bir d\u0259f\u0259 atam \u00f6mr\u00fcn\u00fcn son g\u00fcnl\u0259rind\u0259 m\u0259n\u0259 bir sual verdi:<\/strong><\/em><\/p>\n<p><em><strong>\u201cBiz o q\u0259\u015f\u0259ng, yara\u015f\u0131ql\u0131 evimizi niy\u0259 qoruyub saxlaya bilm\u0259dik?\u201d<\/strong><\/em><\/p>\n<p><em><strong>T\u0259bii ki, sual ritorik idi.<\/strong><\/em><\/p>\n<p><em><strong>\u00d6z\u00fc d\u0259 cavab verdi.<\/strong><\/em><\/p>\n<p><em><strong>\u201cBiz o yax\u015f\u0131 ev-e\u015fiyimizi ona g\u00f6r\u0259 qoruya bilm\u0259dik ki, bizim yax\u015f\u0131 d\u00f6vl\u0259timiz yox idi.<\/strong><\/em><\/p>\n<p><em><strong>Adam\u0131n yax\u015f\u0131 evi-e\u015fiyind\u0259n \u00f6nc\u0259 yax\u015f\u0131 v\u0259 g\u00fccl\u00fc d\u00f6vl\u0259ti olmal\u0131d\u0131r.<\/strong><\/em><\/p>\n<p><em><strong>Yax\u015f\u0131, g\u00fccl\u00fc d\u00f6vl\u0259timiz olacaqsa, h\u0259r \u015feyimiz olacaq\u201d.<\/strong><\/em><\/p>\n<p>M\u0259n yax\u015f\u0131, g\u00fccl\u00fc, b\u00fct\u00f6v d\u00f6vl\u0259tin n\u0259 oldu\u011funu bu il aprelin 23-d\u0259 La\u00e7\u0131n Postu qoyulanda, oktyabr\u0131n 15-d\u0259 \u0130lham \u018fliyev Xank\u0259ndid\u0259 \u00fc\u00e7r\u0259ngli bayra\u011f\u0131m\u0131z\u0131 ucaldanda b\u00fct\u00fcn parametirl\u0259riyl\u0259 &#8211; m\u00fcst\u0259qilliyi, suverenliyi inzibati irad\u0259siyl\u0259 birlikd\u0259 duya bildim.<\/p>\n<p>Vaqif S\u0259m\u0259do\u011flu h\u0259m d\u0259 Milli M\u0259clisin A\u015ePA-dak\u0131 n\u00fcmay\u0259nd\u0259 hey\u0259tinin \u00fczv\u00fc idi.<\/p>\n<p>Bir d\u0259f\u0259 siz \u0130lham \u018fliyevi m\u0259nim kimi tan\u0131ya bilm\u0259zsiniz, demi\u015fdi.<\/p>\n<p>\u201cM\u0259n onu Br\u00fcsseld\u0259 m\u00fc\u015fahid\u0259 etmi\u015f\u0259m.<\/p>\n<p>G\u00f6rm\u00fc\u015f\u0259m ki, Raqozin nec\u0259 t\u0259l\u0259m-t\u0259l\u0259sik iclasdan \u00e7\u0131x\u0131b, \u201cQde \u0130lham \u018fliyev, posovetovatsya nado\u201d, &#8211; dey\u0259 onun \u00fcst\u00fcn\u0259 y\u00fcr\u00fcy\u00fcr.<\/p>\n<p>\u0130lham \u018fliyev B\u00f6y\u00fck Liderdir.<\/p>\n<p>O bacaracaq\u201d<\/p>\n<p>Ruhun \u015fad olsun, Qon\u015fu.<\/p>\n<p>S\u0259n dey\u0259n kimi d\u0259 oldu.<\/p>\n<p>Bu g\u00fcn Az\u0259rbaycan\u0131n Ali Ba\u015f Komandan\u0131 Xank\u0259ndid\u0259 Z\u0259f\u0259r Parad\u0131n\u0131 q\u0259bul edir.<\/p>\n<p>\u0130lham \u018fliyev bacard\u0131!<\/p>\n<p><img loading=\"lazy\" src=\"https:\/\/cdn.musavat.com\/news\/thumbnails\/c6329cdf25f6e9ea76816d8dc1f43407.jpg\" alt=\"alqis-hc999sc999noglu-ona-yenidc999n-gostc999rilc999n-etimadi-niyc999-dogrultmadi.jpg (32 KB)\" width=\"500\" height=\"333\" \/><\/p>\n<p><strong>Alq\u0131\u015f H\u0259s\u0259no\u011flu,<\/strong><br \/>\n<strong>\u201cYeni Az\u0259rbaycan\u201d q\u0259zetinin ba\u015f redaktoru<\/strong><\/p>\n","protected":false},"excerpt":{"rendered":"<p>H\u0259min g\u00fcn onun dedikl\u0259rini, g\u00f6zl\u0259rind\u0259ki d\u0259rin k\u0259d\u0259ri, \u00fcmidsiz, yor\u011fun bax\u0131\u015flar\u0131n\u0131 unuda bilmir\u0259m. Y\u0259qin ki, he\u00e7 vaxt da unutmayaca\u011fam. Vaqif S\u0259m\u0259do\u011flu il\u0259 qon\u015fuyduq. Milli M\u0259clisin mill\u0259t v\u0259kill\u0259ri \u00fc\u00e7\u00fcn in\u015fa edilmi\u015f binan\u0131n 2-ci m\u0259rt\u0259b\u0259sind\u0259 biz, 3-c\u00fc m\u0259rt\u0259b\u0259sind\u0259 Vaqif m\u00fc\u0259llim olurdu. (\u0130ndi h\u0259min m\u0259nzild\u0259 \u015fairin h\u0259yat yolda\u015f\u0131 N\u00fc\u015fab\u0259 xan\u0131m ya\u015fay\u0131r) Dem\u0259k olar ki, h\u0259r g\u00fcn rastla\u015f\u0131rd\u0131q. Bir d\u0259f\u0259 pill\u0259k\u0259nd\u0259 \u00fcz-\u00fcz\u0259 g\u0259ldik. G\u00fcl\u0259-g\u00fcl\u0259 \u201cQon\u015fu, m\u0259nim d\u0259 \u0259lim\u0259 \u0259sa verdil\u0259r\u201d, &#8211; dedi. Onda x\u0259st\u0259liyini bildim. H\u0259kiml\u0259r n\u0259s\u0259 xo\u015fag\u0259lm\u0259z bir \u015fey tap\u0131blar s\u00f6yl\u0259yib, d\u0259rhal da \u00fcst\u00fcnd\u0259n ke\u00e7di. -Arada bir niy\u0259 biz\u0259 qalxm\u0131rsan? &#8230; Sonuncu d\u0259f\u0259 g\u00f6r\u00fc\u015f\u0259nd\u0259&hellip;<\/p>\n","protected":false},"author":2,"featured_media":653945,"comment_status":"closed","ping_status":"closed","sticky":false,"template":"","format":"standard","meta":{"om_disable_all_campaigns":false,"_monsterinsights_skip_tracking":false,"_monsterinsights_sitenote_active":false,"_monsterinsights_sitenote_note":"","_monsterinsights_sitenote_category":0},"categories":[19],"tags":[],"aioseo_notices":[],"gutentor_comment":0,"rttpg_featured_image_url":{"full":["https:\/\/arantv.az\/wp-content\/uploads\/2023\/11\/097b6038d379869cfe768d93d06139bb.jpg",600,400,false],"landscape":["https:\/\/arantv.az\/wp-content\/uploads\/2023\/11\/097b6038d379869cfe768d93d06139bb.jpg",600,400,false],"portraits":["https:\/\/arantv.az\/wp-content\/uploads\/2023\/11\/097b6038d379869cfe768d93d06139bb.jpg",600,400,false],"thumbnail":["https:\/\/arantv.az\/wp-content\/uploads\/2023\/11\/097b6038d379869cfe768d93d06139bb-500x280.jpg",500,280,true],"medium":["https:\/\/arantv.az\/wp-content\/uploads\/2023\/11\/097b6038d379869cfe768d93d06139bb-548x365.jpg",548,365,true],"large":["https:\/\/arantv.az\/wp-content\/uploads\/2023\/11\/097b6038d379869cfe768d93d06139bb.jpg",600,400,false],"1536x1536":["https:\/\/arantv.az\/wp-content\/uploads\/2023\/11\/097b6038d379869cfe768d93d06139bb.jpg",600,400,false],"2048x2048":["https:\/\/arantv.az\/wp-content\/uploads\/2023\/11\/097b6038d379869cfe768d93d06139bb.jpg",600,400,false],"post-thumbnail":["https:\/\/arantv.az\/wp-content\/uploads\/2023\/11\/097b6038d379869cfe768d93d06139bb-240x172.jpg",240,172,true],"advps-thumb-one":["https:\/\/arantv.az\/wp-content\/uploads\/2023\/11\/097b6038d379869cfe768d93d06139bb.jpg",600,400,false]},"rttpg_author":{"display_name":"V\u00fcsal Rafiqo\u011flu","author_link":"https:\/\/arantv.az\/?author=2"},"rttpg_comment":0,"rttpg_category":"<a href=\"https:\/\/arantv.az\/?cat=19\" rel=\"category\">G\u00fcnd\u0259m<\/a>","rttpg_excerpt":"H\u0259min g\u00fcn onun dedikl\u0259rini, g\u00f6zl\u0259rind\u0259ki d\u0259rin k\u0259d\u0259ri, \u00fcmidsiz, yor\u011fun bax\u0131\u015flar\u0131n\u0131 unuda bilmir\u0259m. Y\u0259qin ki, he\u00e7 vaxt da unutmayaca\u011fam. Vaqif S\u0259m\u0259do\u011flu il\u0259 qon\u015fuyduq. Milli M\u0259clisin mill\u0259t v\u0259kill\u0259ri \u00fc\u00e7\u00fcn in\u015fa edilmi\u015f binan\u0131n 2-ci m\u0259rt\u0259b\u0259sind\u0259 biz, 3-c\u00fc m\u0259rt\u0259b\u0259sind\u0259 Vaqif m\u00fc\u0259llim olurdu. (\u0130ndi h\u0259min m\u0259nzild\u0259 \u015fairin h\u0259yat yolda\u015f\u0131 N\u00fc\u015fab\u0259 xan\u0131m ya\u015fay\u0131r) Dem\u0259k olar ki, h\u0259r g\u00fcn rastla\u015f\u0131rd\u0131q. Bir d\u0259f\u0259&hellip;","_links":{"self":[{"href":"https:\/\/arantv.az\/index.php?rest_route=\/wp\/v2\/posts\/653942"}],"collection":[{"href":"https:\/\/arantv.az\/index.php?rest_route=\/wp\/v2\/posts"}],"about":[{"href":"https:\/\/arantv.az\/index.php?rest_route=\/wp\/v2\/types\/post"}],"author":[{"embeddable":true,"href":"https:\/\/arantv.az\/index.php?rest_route=\/wp\/v2\/users\/2"}],"replies":[{"embeddable":true,"href":"https:\/\/arantv.az\/index.php?rest_route=%2Fwp%2Fv2%2Fcomments&post=653942"}],"version-history":[{"count":0,"href":"https:\/\/arantv.az\/index.php?rest_route=\/wp\/v2\/posts\/653942\/revisions"}],"wp:featuredmedia":[{"embeddable":true,"href":"https:\/\/arantv.az\/index.php?rest_route=\/wp\/v2\/media\/653945"}],"wp:attachment":[{"href":"https:\/\/arantv.az\/index.php?rest_route=%2Fwp%2Fv2%2Fmedia&parent=653942"}],"wp:term":[{"taxonomy":"category","embeddable":true,"href":"https:\/\/arantv.az\/index.php?rest_route=%2Fwp%2Fv2%2Fcategories&post=653942"},{"taxonomy":"post_tag","embeddable":true,"href":"https:\/\/arantv.az\/index.php?rest_route=%2Fwp%2Fv2%2Ftags&post=653942"}],"curies":[{"name":"wp","href":"https:\/\/api.w.org\/{rel}","templated":true}]}}