{"id":653951,"date":"2023-11-07T14:53:16","date_gmt":"2023-11-07T10:53:16","guid":{"rendered":"https:\/\/arantv.az\/?p=653951"},"modified":"2023-11-07T14:53:16","modified_gmt":"2023-11-07T10:53:16","slug":"sabah-butun-az%c9%99rbaycan-xalqi-q%c9%99lb%c9%99n-xank%c9%99ndid%c9%99-olacaq-mill%c9%99t-v%c9%99kili","status":"publish","type":"post","link":"https:\/\/arantv.az\/?p=653951","title":{"rendered":"Sabah b\u00fct\u00fcn Az\u0259rbaycan xalq\u0131 q\u0259lb\u0259n Xank\u0259ndid\u0259 olacaq &#8211; Mill\u0259t v\u0259kili"},"content":{"rendered":"<p><strong>Az\u0259rbaycan Respublikas\u0131n\u0131n Prezidenti, Silahl\u0131 Q\u00fcvv\u0259l\u0259rin Ali Ba\u015f Komandan\u0131 \u0130lham \u018fliyevin r\u0259hb\u0259rliyi alt\u0131nda Az\u0259rbaycan Ordusu Erm\u0259nistan\u0131n ard\u0131c\u0131l t\u0259xribatlar\u0131n\u0131n v\u0259 yeni i\u015f\u011fal planlar\u0131n\u0131n qar\u015f\u0131s\u0131n\u0131 almaq, i\u015f\u011fal alt\u0131nda olan torpaqlar\u0131m\u0131z\u0131 azad etm\u0259k m\u0259qs\u0259dil\u0259 2020-ci il sentyabr\u0131n 27-d\u0259n etibar\u0259n ba\u015flad\u0131\u011f\u0131 z\u0259f\u0259r y\u00fcr\u00fc\u015f\u00fcnd\u0259 inan\u0131lmaz u\u011furlar \u0259ld\u0259 etdi 44 g\u00fcn s\u00fcr\u0259n h\u0259rbi \u0259m\u0259liyyatlar n\u0259tic\u0259sind\u0259 r\u0259\u015fad\u0259tli Az\u0259rbaycan Ordusu \u0259razil\u0259rimizi i\u015f\u011fal\u00e7\u0131lardan t\u0259mizl\u0259di.<\/strong><\/p>\n<p>Az\u0259rbaycan Respublikas\u0131n\u0131n Prezidenti \u0130lham \u018fliyevin 2020-ci il 3 dekabr tarixli S\u0259rancam\u0131 il\u0259 xalq\u0131m\u0131z\u0131n q\u00fcdr\u0259tinin v\u0259 milli q\u00fcrurumuzun t\u0259nt\u0259n\u0259sin\u0259 \u00e7evril\u0259n, d\u00f6vl\u0259timizin n\u00fcfuzu v\u0259 g\u0259l\u0259c\u0259k inki\u015faf\u0131 bax\u0131m\u0131ndan m\u00fcst\u0259sna \u0259h\u0259miyy\u0259t k\u0259sb ed\u0259n bu misilsiz q\u0259l\u0259b\u0259nin \u0259b\u0259dil\u0259\u015fdirilm\u0259si m\u0259qs\u0259dil\u0259 h\u0259r il noyabr\u0131n 8-i Az\u0259rbaycan Respublikas\u0131nda Z\u0259f\u0259r G\u00fcn\u00fc kimi t\u0259nt\u0259n\u0259li \u015f\u0259kild\u0259 qeyd edilm\u0259si q\u0259rara al\u0131nd\u0131.<\/p>\n<p>Mill\u0259t v\u0259kili Fazil Mustafa bu b\u00f6y\u00fck bayram m\u00fcnasib\u0259til\u0259 fikirl\u0259rini\u00a0<a href=\"https:\/\/publika.az\/\" target=\"_blank\" rel=\"noopener\">Publika.az<\/a>-a b\u00f6l\u00fc\u015f\u00fcb:<\/p>\n<p>\u201cBu olduqca g\u00f6z\u0259l g\u00fcnd\u00fcr. Bu g\u00fcn bu z\u0259f\u0259ri Qaraba\u011f\u0131n paytaxt\u0131nda, simvolik olaraq erm\u0259nil\u0259rin \u00f6zl\u0259ri \u00fc\u00e7\u00fcn &#8220;al\u0131nmaz qala&#8221; hesab etdikl\u0259ri q\u0259dim Az\u0259rbaycan torpa\u011f\u0131nda, Xank\u0259ndid\u0259 qeyd edirik. Bununla da erm\u0259nil\u0259rin x\u0259yallar\u0131n\u0131 pu\u00e7a \u00e7\u0131xarm\u0131\u015f oluruq. Bayram\u0131m\u0131z\u0131 y\u00fcks\u0259k s\u0259viyy\u0259d\u0259 qeyd ed\u0259c\u0259yik. Az\u0259rbaycan\u0131n Ali Ba\u015f Komandan\u0131 bu Z\u0259f\u0259r G\u00fcn\u00fcn\u00fc qeyd etm\u0259y\u0259 \u0259n \u00e7ox haqq\u0131 olan \u015f\u0259xsdir. Sabah b\u00fct\u00fcn Az\u0259rbaycan xalq\u0131 q\u0259lb\u0259n Xank\u0259ndid\u0259ki paradda olacaq\u201d.<\/p>\n","protected":false},"excerpt":{"rendered":"<p>Az\u0259rbaycan Respublikas\u0131n\u0131n Prezidenti, Silahl\u0131 Q\u00fcvv\u0259l\u0259rin Ali Ba\u015f Komandan\u0131 \u0130lham \u018fliyevin r\u0259hb\u0259rliyi alt\u0131nda Az\u0259rbaycan Ordusu Erm\u0259nistan\u0131n ard\u0131c\u0131l t\u0259xribatlar\u0131n\u0131n v\u0259 yeni i\u015f\u011fal planlar\u0131n\u0131n qar\u015f\u0131s\u0131n\u0131 almaq, i\u015f\u011fal alt\u0131nda olan torpaqlar\u0131m\u0131z\u0131 azad etm\u0259k m\u0259qs\u0259dil\u0259 2020-ci il sentyabr\u0131n 27-d\u0259n etibar\u0259n ba\u015flad\u0131\u011f\u0131 z\u0259f\u0259r y\u00fcr\u00fc\u015f\u00fcnd\u0259 inan\u0131lmaz u\u011furlar \u0259ld\u0259 etdi 44 g\u00fcn s\u00fcr\u0259n h\u0259rbi \u0259m\u0259liyyatlar n\u0259tic\u0259sind\u0259 r\u0259\u015fad\u0259tli Az\u0259rbaycan Ordusu \u0259razil\u0259rimizi i\u015f\u011fal\u00e7\u0131lardan t\u0259mizl\u0259di. Az\u0259rbaycan Respublikas\u0131n\u0131n Prezidenti \u0130lham \u018fliyevin 2020-ci il 3 dekabr tarixli S\u0259rancam\u0131 il\u0259 xalq\u0131m\u0131z\u0131n q\u00fcdr\u0259tinin v\u0259 milli q\u00fcrurumuzun t\u0259nt\u0259n\u0259sin\u0259 \u00e7evril\u0259n, d\u00f6vl\u0259timizin n\u00fcfuzu v\u0259 g\u0259l\u0259c\u0259k inki\u015faf\u0131 bax\u0131m\u0131ndan m\u00fcst\u0259sna \u0259h\u0259miyy\u0259t k\u0259sb ed\u0259n bu misilsiz q\u0259l\u0259b\u0259nin \u0259b\u0259dil\u0259\u015fdirilm\u0259si m\u0259qs\u0259dil\u0259 h\u0259r il&hellip;<\/p>\n","protected":false},"author":2,"featured_media":653953,"comment_status":"closed","ping_status":"closed","sticky":false,"template":"","format":"standard","meta":{"om_disable_all_campaigns":false,"_monsterinsights_skip_tracking":false,"_monsterinsights_sitenote_active":false,"_monsterinsights_sitenote_note":"","_monsterinsights_sitenote_category":0},"categories":[19],"tags":[],"aioseo_notices":[],"gutentor_comment":0,"rttpg_featured_image_url":{"full":["https:\/\/arantv.az\/wp-content\/uploads\/2023\/11\/xankendi.jpg",300,250,false],"landscape":["https:\/\/arantv.az\/wp-content\/uploads\/2023\/11\/xankendi.jpg",300,250,false],"portraits":["https:\/\/arantv.az\/wp-content\/uploads\/2023\/11\/xankendi.jpg",300,250,false],"thumbnail":["https:\/\/arantv.az\/wp-content\/uploads\/2023\/11\/xankendi.jpg",300,250,false],"medium":["https:\/\/arantv.az\/wp-content\/uploads\/2023\/11\/xankendi.jpg",300,250,false],"large":["https:\/\/arantv.az\/wp-content\/uploads\/2023\/11\/xankendi.jpg",300,250,false],"1536x1536":["https:\/\/arantv.az\/wp-content\/uploads\/2023\/11\/xankendi.jpg",300,250,false],"2048x2048":["https:\/\/arantv.az\/wp-content\/uploads\/2023\/11\/xankendi.jpg",300,250,false],"post-thumbnail":["https:\/\/arantv.az\/wp-content\/uploads\/2023\/11\/xankendi-240x172.jpg",240,172,true],"advps-thumb-one":["https:\/\/arantv.az\/wp-content\/uploads\/2023\/11\/xankendi.jpg",300,250,false]},"rttpg_author":{"display_name":"V\u00fcsal Rafiqo\u011flu","author_link":"https:\/\/arantv.az\/?author=2"},"rttpg_comment":0,"rttpg_category":"<a href=\"https:\/\/arantv.az\/?cat=19\" rel=\"category\">G\u00fcnd\u0259m<\/a>","rttpg_excerpt":"Az\u0259rbaycan Respublikas\u0131n\u0131n Prezidenti, Silahl\u0131 Q\u00fcvv\u0259l\u0259rin Ali Ba\u015f Komandan\u0131 \u0130lham \u018fliyevin r\u0259hb\u0259rliyi alt\u0131nda Az\u0259rbaycan Ordusu Erm\u0259nistan\u0131n ard\u0131c\u0131l t\u0259xribatlar\u0131n\u0131n v\u0259 yeni i\u015f\u011fal planlar\u0131n\u0131n qar\u015f\u0131s\u0131n\u0131 almaq, i\u015f\u011fal alt\u0131nda olan torpaqlar\u0131m\u0131z\u0131 azad etm\u0259k m\u0259qs\u0259dil\u0259 2020-ci il sentyabr\u0131n 27-d\u0259n etibar\u0259n ba\u015flad\u0131\u011f\u0131 z\u0259f\u0259r y\u00fcr\u00fc\u015f\u00fcnd\u0259 inan\u0131lmaz u\u011furlar \u0259ld\u0259 etdi 44 g\u00fcn s\u00fcr\u0259n h\u0259rbi \u0259m\u0259liyyatlar n\u0259tic\u0259sind\u0259 r\u0259\u015fad\u0259tli Az\u0259rbaycan Ordusu \u0259razil\u0259rimizi i\u015f\u011fal\u00e7\u0131lardan t\u0259mizl\u0259di. Az\u0259rbaycan&hellip;","_links":{"self":[{"href":"https:\/\/arantv.az\/index.php?rest_route=\/wp\/v2\/posts\/653951"}],"collection":[{"href":"https:\/\/arantv.az\/index.php?rest_route=\/wp\/v2\/posts"}],"about":[{"href":"https:\/\/arantv.az\/index.php?rest_route=\/wp\/v2\/types\/post"}],"author":[{"embeddable":true,"href":"https:\/\/arantv.az\/index.php?rest_route=\/wp\/v2\/users\/2"}],"replies":[{"embeddable":true,"href":"https:\/\/arantv.az\/index.php?rest_route=%2Fwp%2Fv2%2Fcomments&post=653951"}],"version-history":[{"count":0,"href":"https:\/\/arantv.az\/index.php?rest_route=\/wp\/v2\/posts\/653951\/revisions"}],"wp:featuredmedia":[{"embeddable":true,"href":"https:\/\/arantv.az\/index.php?rest_route=\/wp\/v2\/media\/653953"}],"wp:attachment":[{"href":"https:\/\/arantv.az\/index.php?rest_route=%2Fwp%2Fv2%2Fmedia&parent=653951"}],"wp:term":[{"taxonomy":"category","embeddable":true,"href":"https:\/\/arantv.az\/index.php?rest_route=%2Fwp%2Fv2%2Fcategories&post=653951"},{"taxonomy":"post_tag","embeddable":true,"href":"https:\/\/arantv.az\/index.php?rest_route=%2Fwp%2Fv2%2Ftags&post=653951"}],"curies":[{"name":"wp","href":"https:\/\/api.w.org\/{rel}","templated":true}]}}