{"id":653955,"date":"2023-11-07T14:55:04","date_gmt":"2023-11-07T10:55:04","guid":{"rendered":"https:\/\/arantv.az\/?p=653955"},"modified":"2023-11-07T14:55:04","modified_gmt":"2023-11-07T10:55:04","slug":"az%c9%99rbaycanin-maraqlarina-cavab-ver%c9%99n-n%c9%99tic%c9%99","status":"publish","type":"post","link":"https:\/\/arantv.az\/?p=653955","title":{"rendered":"Az\u0259rbaycan\u0131n maraqlar\u0131na cavab ver\u0259n n\u0259tic\u0259"},"content":{"rendered":"<p>Az\u0259rbaycan\u0131n parlaq Z\u0259f\u0259ri il\u0259 bit\u0259n 44 g\u00fcnl\u00fck V\u0259t\u0259n m\u00fcharib\u0259sinin sonunda\u00a0 Erm\u0259nistan\u0131n kapitulyasiyas\u0131n\u0131 t\u0259sdiql\u0259y\u0259n 10 noyabr 2020-ci il \u00dc\u00e7t\u0259r\u0259fli B\u0259yanat\u0131 imzaland\u0131. Erm\u0259nistan \u00f6z r\u00fcsvay\u00e7\u0131 m\u0259\u011flubiyy\u0259ti il\u0259 bar\u0131\u015fma\u011fa m\u0259cbur oldu. 10 noyabr 2020-ci ild\u0259 Az\u0259rbaycan Prezidenti, Rusiya Prezidenti v\u0259 Erm\u0259nistan\u0131n ba\u015f naziri \u00fc\u00e7t\u0259r\u0259fli raz\u0131la\u015fma imzalad\u0131lar. Raz\u0131la\u015fmada bir \u00e7ox vacib m\u00fcdd\u0259alar yer al\u0131rd\u0131. \u00a0\u00dc\u00e7t\u0259r\u0259fli raz\u0131la\u015fman\u0131n m\u00fcdd\u0259alar\u0131 Az\u0259rbaycan\u0131n maraqlar\u0131na tam cavab verirdi. \u018fn \u00f6n\u0259mli m\u0259qam is\u0259 bundan ibar\u0259t idi ki, 10 noyabr 2020-ci il \u00dc\u00e7t\u0259r\u0259fli B\u0259yanat\u0131n\u0131n imzalanmas\u0131 il\u0259 Erm\u0259nistan\u0131n v\u0259 onun havadarlar\u0131n\u0131n i\u015f\u011fala v\u0259 t\u0259dric\u0259n Az\u0259rbaycan \u0259razil\u0259rinin ilhaq\u0131na \u0259saslanan planlar\u0131 alt-\u00fcst oldu. M\u00fcz\u0259ff\u0259r Ali Ba\u015f Komandan C\u0259nab \u0130lham \u018fliyevin q\u0259tiyy\u0259ti v\u0259 ordumuzun \u015f\u00fcca\u0259ti say\u0259sind\u0259 m\u00fcq\u0259dd\u0259s V\u0259t\u0259n torpaqlar\u0131m\u0131z ya\u011f\u0131 tapda\u011f\u0131ndan azad olundu. B\u00fct\u00fcn d\u00fcnya Az\u0259rbaycan xalq\u0131n\u0131n sars\u0131lmaz irad\u0259y\u0259 sahib oldu\u011funa bir daha \u015fahidlik etdi. R\u0259smi \u0130r\u0259van\u0131n uzun ill\u0259r \u0259rzind\u0259 ordu haqq\u0131nda b\u0259sl\u0259diyi mif pu\u00e7 oldu.<\/p>\n<p>10 noyabr 2020-ci il \u00dc\u00e7t\u0259r\u0259fli B\u0259yanat\u0131n imzalanmas\u0131 il\u0259 \u00f6lk\u0259mizin siyasi, diplomatik v\u0259 iqtisadi sah\u0259l\u0259rd\u0259 n\u00f6vb\u0259ti u\u011furlar\u0131n\u0131n \u0259sas\u0131 qoyulmu\u015f oldu. Siyasi u\u011furlardan dan\u0131\u015fark\u0259n ilk n\u00f6vb\u0259d\u0259 A\u011fdam, La\u00e7\u0131n, K\u0259lb\u0259c\u0259r rayonlar\u0131n\u0131n, La\u00e7\u0131n \u015f\u0259h\u0259rinin, Zabux v\u0259 Sus k\u0259ndl\u0259rinin qan t\u00f6k\u00fclm\u0259d\u0259n qaytar\u0131lmas\u0131n\u0131 qeyd etm\u0259liyik. Bundan \u0259lav\u025915 iyun 2021-ci ild\u0259 \u015eu\u015fa B\u0259yannam\u0259sinin imzalanmas\u0131 Az\u0259rbaycan d\u00f6vl\u0259ti il\u0259 T\u00fcrkiy\u0259 d\u00f6vl\u0259ti aras\u0131nda tarixi m\u00fcnasib\u0259tl\u0259rin yeni m\u0259rh\u0259l\u0259sinin \u0259sas\u0131n\u0131 qoydu. T\u00fcrkiy\u0259nin Az\u0259rbaycanla qarda\u015fl\u0131q \u0259laq\u0259l\u0259ri h\u0259r zaman y\u00fcks\u0259k s\u0259viyy\u0259d\u0259 olub, \u015eu\u015fa B\u0259yannam\u0259sinin imzalanmas\u0131 is\u0259 d\u00f6vl\u0259tl\u0259rimiz aras\u0131nda strateji m\u00fctt\u0259fiqlik m\u00fcnasib\u0259tl\u0259rini \u0259n \u00fcst s\u0259viyy\u0259y\u0259 qald\u0131rm\u0131\u015f oldu. H\u0259tta dey\u0259 bil\u0259rik ki, T\u00fcrkiy\u0259 Az\u0259rbaycan dostlu\u011funun, qarda\u015fl\u0131\u011f\u0131n\u0131n d\u00fcnyada analoqu yoxdur.<\/p>\n<p>\u00dc\u00e7t\u0259r\u0259fli B\u0259yanatda Az\u0259rbaycan \u00f6z t\u0259r\u0259find\u0259n s\u00fclh m\u00fcqavil\u0259si \u00fc\u00e7\u00fcn \u0259sas olan beyn\u0259lxalq h\u00fcququn be\u015f \u0259sas prinsipini ir\u0259li s\u00fcrd\u00fc. Bu prinsipl\u0259r \u00f6lk\u0259l\u0259rin \u0259razi b\u00fct\u00f6vl\u00fcy\u00fcn\u00fcn qar\u015f\u0131l\u0131ql\u0131 tan\u0131nmas\u0131n\u0131, g\u0259l\u0259c\u0259kd\u0259 \u0259razi iddialar\u0131ndan \u00e7\u0259kinm\u0259yi, g\u00fcc t\u0259tbiq etm\u0259m\u0259yi v\u0259 ya g\u00fcc t\u0259tbiq etm\u0259k h\u0259d\u0259sind\u0259n \u00e7\u0259kinm\u0259yi, d\u00f6vl\u0259t s\u0259rh\u0259dl\u0259rinin m\u00fc\u0259yy\u0259n edilm\u0259sini v\u0259 kommunikasiyalar\u0131n a\u00e7\u0131lmas\u0131n\u0131 \u00f6z\u00fcnd\u0259 ehtiva edirdi. Buraya s\u0259rh\u0259dl\u0259rin delimitasiyas\u0131 il\u0259 ba\u011fl\u0131 m\u00fcvafiq komissiyalar\u0131n yarad\u0131lmas\u0131 da daxil idi.<\/p>\n<p>Az\u0259rbaycan Respublikas\u0131n\u0131n \u0259sas diplomatik u\u011furu \u00f6lk\u0259 ba\u015f\u00e7\u0131m\u0131z C\u0259nab \u0130lham \u018fliyevin 6 oktyabr 2022-ci il tarixind\u0259 Praqada Avropa \u0130ttifaq\u0131 \u015euras\u0131n\u0131n Prezidenti, Fransa Prezidenti v\u0259 Erm\u0259nistan\u0131n ba\u015f naziri il\u0259 g\u00f6r\u00fc\u015fl\u0259rin n\u0259tic\u0259sind\u0259 imzalanm\u0131\u015f B\u0259yanatla Az\u0259rbaycan\u0131n \u0259razi b\u00fct\u00f6vl\u00fcy\u00fcn\u00fcn tan\u0131nmas\u0131 idi. Bel\u0259 bir s\u0259n\u0259din imzalanmas\u0131 g\u0259l\u0259c\u0259k perspektivd\u0259 C\u0259nubi Qafqazda qal\u0131c\u0131 s\u00fclh\u00fcn t\u0259min olunmas\u0131na ciddi \u0259saslar yarad\u0131rd\u0131.<\/p>\n<p>M\u00fcasir Az\u0259rbaycan d\u00f6vl\u0259tinin qar\u015f\u0131s\u0131nda duran m\u00fch\u00fcm v\u0259zif\u0259l\u0259rd\u0259n biri d\u0259 xalq\u0131m\u0131z\u0131n \u201cB\u00f6y\u00fck Qay\u0131d\u0131\u015f\u201d arzusunun, ideyas\u0131n\u0131n realla\u015fd\u0131r\u0131lmas\u0131d\u0131r. Az\u0259rbaycan Respublikas\u0131n\u0131n i\u015f\u011faldan azad edilmi\u015f \u0259razil\u0259rin\u0259 \u201cB\u00f6y\u00fck Qay\u0131d\u0131\u015f\u201da dair I D\u00f6vl\u0259t Proqram\u0131na i\u015f\u011faldan azad edil\u0259n \u015f\u0259h\u0259r v\u0259 k\u0259ndl\u0259rimizin yenid\u0259n qurulmas\u0131, \u00f6z yurd-yuvalar\u0131ndan did\u0259rgin d\u00fc\u015f\u0259n soyda\u015flar\u0131m\u0131z\u0131n evl\u0259rin\u0259 qaytar\u0131lmas\u0131 daxildir. Hal-haz\u0131rda \u201cB\u00f6y\u00fck Qay\u0131d\u0131\u015f\u201d d\u00f6vl\u0259timizin qar\u015f\u0131s\u0131nda duran \u0259sas prioritetl\u0259rd\u0259ndir.<\/p>\n<p><img src=\"https:\/\/ikisahil.az\/upload\/\/2023\/11\/07\/\/-48c34cb8169934946026353760910605165.jpg\" alt=\"\" \/><\/p>\n<p><strong>Vasif S\u0259fiyarov,<\/strong><\/p>\n<p><em>YAP Sumqay\u0131t \u015f\u0259h\u0259r t\u0259\u015fkilat\u0131n\u0131n m\u0259sl\u0259h\u0259t\u00e7isi<\/em><\/p>\n","protected":false},"excerpt":{"rendered":"<p>Az\u0259rbaycan\u0131n parlaq Z\u0259f\u0259ri il\u0259 bit\u0259n 44 g\u00fcnl\u00fck V\u0259t\u0259n m\u00fcharib\u0259sinin sonunda\u00a0 Erm\u0259nistan\u0131n kapitulyasiyas\u0131n\u0131 t\u0259sdiql\u0259y\u0259n 10 noyabr 2020-ci il \u00dc\u00e7t\u0259r\u0259fli B\u0259yanat\u0131 imzaland\u0131. Erm\u0259nistan \u00f6z r\u00fcsvay\u00e7\u0131 m\u0259\u011flubiyy\u0259ti il\u0259 bar\u0131\u015fma\u011fa m\u0259cbur oldu. 10 noyabr 2020-ci ild\u0259 Az\u0259rbaycan Prezidenti, Rusiya Prezidenti v\u0259 Erm\u0259nistan\u0131n ba\u015f naziri \u00fc\u00e7t\u0259r\u0259fli raz\u0131la\u015fma imzalad\u0131lar. Raz\u0131la\u015fmada bir \u00e7ox vacib m\u00fcdd\u0259alar yer al\u0131rd\u0131. \u00a0\u00dc\u00e7t\u0259r\u0259fli raz\u0131la\u015fman\u0131n m\u00fcdd\u0259alar\u0131 Az\u0259rbaycan\u0131n maraqlar\u0131na tam cavab verirdi. \u018fn \u00f6n\u0259mli m\u0259qam is\u0259 bundan ibar\u0259t idi ki, 10 noyabr 2020-ci il \u00dc\u00e7t\u0259r\u0259fli B\u0259yanat\u0131n\u0131n imzalanmas\u0131 il\u0259 Erm\u0259nistan\u0131n v\u0259 onun havadarlar\u0131n\u0131n i\u015f\u011fala v\u0259 t\u0259dric\u0259n Az\u0259rbaycan \u0259razil\u0259rinin ilhaq\u0131na \u0259saslanan planlar\u0131 alt-\u00fcst oldu. M\u00fcz\u0259ff\u0259r Ali&hellip;<\/p>\n","protected":false},"author":2,"featured_media":653958,"comment_status":"closed","ping_status":"closed","sticky":false,"template":"","format":"standard","meta":{"om_disable_all_campaigns":false,"_monsterinsights_skip_tracking":false,"_monsterinsights_sitenote_active":false,"_monsterinsights_sitenote_note":"","_monsterinsights_sitenote_category":0},"categories":[19],"tags":[],"aioseo_notices":[],"gutentor_comment":0,"rttpg_featured_image_url":{"full":["https:\/\/arantv.az\/wp-content\/uploads\/2023\/11\/7695ea76169934935717082795910815538.jpg",975,540,false],"landscape":["https:\/\/arantv.az\/wp-content\/uploads\/2023\/11\/7695ea76169934935717082795910815538.jpg",975,540,false],"portraits":["https:\/\/arantv.az\/wp-content\/uploads\/2023\/11\/7695ea76169934935717082795910815538.jpg",975,540,false],"thumbnail":["https:\/\/arantv.az\/wp-content\/uploads\/2023\/11\/7695ea76169934935717082795910815538-500x280.jpg",500,280,true],"medium":["https:\/\/arantv.az\/wp-content\/uploads\/2023\/11\/7695ea76169934935717082795910815538-660x365.jpg",660,365,true],"large":["https:\/\/arantv.az\/wp-content\/uploads\/2023\/11\/7695ea76169934935717082795910815538-840x465.jpg",640,354,true],"1536x1536":["https:\/\/arantv.az\/wp-content\/uploads\/2023\/11\/7695ea76169934935717082795910815538.jpg",975,540,false],"2048x2048":["https:\/\/arantv.az\/wp-content\/uploads\/2023\/11\/7695ea76169934935717082795910815538.jpg",975,540,false],"post-thumbnail":["https:\/\/arantv.az\/wp-content\/uploads\/2023\/11\/7695ea76169934935717082795910815538-240x172.jpg",240,172,true],"advps-thumb-one":["https:\/\/arantv.az\/wp-content\/uploads\/2023\/11\/7695ea76169934935717082795910815538.jpg",975,540,false]},"rttpg_author":{"display_name":"V\u00fcsal Rafiqo\u011flu","author_link":"https:\/\/arantv.az\/?author=2"},"rttpg_comment":0,"rttpg_category":"<a href=\"https:\/\/arantv.az\/?cat=19\" rel=\"category\">G\u00fcnd\u0259m<\/a>","rttpg_excerpt":"Az\u0259rbaycan\u0131n parlaq Z\u0259f\u0259ri il\u0259 bit\u0259n 44 g\u00fcnl\u00fck V\u0259t\u0259n m\u00fcharib\u0259sinin sonunda\u00a0 Erm\u0259nistan\u0131n kapitulyasiyas\u0131n\u0131 t\u0259sdiql\u0259y\u0259n 10 noyabr 2020-ci il \u00dc\u00e7t\u0259r\u0259fli B\u0259yanat\u0131 imzaland\u0131. Erm\u0259nistan \u00f6z r\u00fcsvay\u00e7\u0131 m\u0259\u011flubiyy\u0259ti il\u0259 bar\u0131\u015fma\u011fa m\u0259cbur oldu. 10 noyabr 2020-ci ild\u0259 Az\u0259rbaycan Prezidenti, Rusiya Prezidenti v\u0259 Erm\u0259nistan\u0131n ba\u015f naziri \u00fc\u00e7t\u0259r\u0259fli raz\u0131la\u015fma imzalad\u0131lar. Raz\u0131la\u015fmada bir \u00e7ox vacib m\u00fcdd\u0259alar yer al\u0131rd\u0131. \u00a0\u00dc\u00e7t\u0259r\u0259fli raz\u0131la\u015fman\u0131n m\u00fcdd\u0259alar\u0131 Az\u0259rbaycan\u0131n maraqlar\u0131na&hellip;","_links":{"self":[{"href":"https:\/\/arantv.az\/index.php?rest_route=\/wp\/v2\/posts\/653955"}],"collection":[{"href":"https:\/\/arantv.az\/index.php?rest_route=\/wp\/v2\/posts"}],"about":[{"href":"https:\/\/arantv.az\/index.php?rest_route=\/wp\/v2\/types\/post"}],"author":[{"embeddable":true,"href":"https:\/\/arantv.az\/index.php?rest_route=\/wp\/v2\/users\/2"}],"replies":[{"embeddable":true,"href":"https:\/\/arantv.az\/index.php?rest_route=%2Fwp%2Fv2%2Fcomments&post=653955"}],"version-history":[{"count":0,"href":"https:\/\/arantv.az\/index.php?rest_route=\/wp\/v2\/posts\/653955\/revisions"}],"wp:featuredmedia":[{"embeddable":true,"href":"https:\/\/arantv.az\/index.php?rest_route=\/wp\/v2\/media\/653958"}],"wp:attachment":[{"href":"https:\/\/arantv.az\/index.php?rest_route=%2Fwp%2Fv2%2Fmedia&parent=653955"}],"wp:term":[{"taxonomy":"category","embeddable":true,"href":"https:\/\/arantv.az\/index.php?rest_route=%2Fwp%2Fv2%2Fcategories&post=653955"},{"taxonomy":"post_tag","embeddable":true,"href":"https:\/\/arantv.az\/index.php?rest_route=%2Fwp%2Fv2%2Ftags&post=653955"}],"curies":[{"name":"wp","href":"https:\/\/api.w.org\/{rel}","templated":true}]}}