{"id":653957,"date":"2023-11-07T15:28:27","date_gmt":"2023-11-07T11:28:27","guid":{"rendered":"https:\/\/arantv.az\/?p=653957"},"modified":"2023-11-07T15:28:27","modified_gmt":"2023-11-07T11:28:27","slug":"cbc-nin-ir%c9%99vanda-c%c9%99kdiyi-s%c9%99n%c9%99dli-film-erm%c9%99nistanda-t%c9%99svis-yaradib-video","status":"publish","type":"post","link":"https:\/\/arantv.az\/?p=653957","title":{"rendered":"CBC-nin \u0130r\u0259vanda \u00e7\u0259kdiyi s\u0259n\u0259dli film Erm\u0259nistanda t\u0259\u015fvi\u015f yarad\u0131b &#8211; V\u0130DEO"},"content":{"rendered":"<article class=\"news\">\n<div class=\"news-inner\">\n<p>Az\u0259rbaycan\u0131n CBC telekanal\u0131n\u0131n \u00e7\u0259kili\u015f qrupu \u0130r\u0259van \u015f\u0259h\u0259rind\u0259 olub v\u0259 \u015f\u0259h\u0259rin Az\u0259rbaycan xalq\u0131na m\u0259xsus maddi-m\u0259d\u0259ni irsini lent\u0259 ala bilib.<\/p>\n<p>Bunu t\u0259sdiq ed\u0259n videos\u00fcjetd\u0259 qeyd olunur ki, telekanal\u0131n \u00e7\u0259kili\u015f hey\u0259ti P\u0259nah Xan Makinskinin o\u011flu \u018flixan\u0131n evini, \u0259vv\u0259ll\u0259r S\u0259rdar m\u0259scidinin yerl\u0259\u015fdiyi \u0259razini, \u0130r\u0259vandak\u0131 G\u00f6y m\u0259scidin son v\u0259ziyy\u0259tini \u00e7\u0259kib, h\u0259m\u00e7inin \u018fmir S\u0259\u0259din m\u0259qb\u0259r\u0259sinin yerl\u0259\u015fdiyi C\u0259f\u0259rabad (indiki ad\u0131 &#8211; \u018frg\u0259v\u0259nd) k\u0259ndind\u0259 olub.<\/p>\n<p>Apar\u0131lan \u00e7\u0259kili\u015f n\u0259tic\u0259sind\u0259 m\u0259lum olub ki, Erm\u0259nistanda Az\u0259rbaycan xalq\u0131n\u0131n m\u0259d\u0259ni irsin\u0259 aid obyektl\u0259r, \u0259sas\u0259n, da\u011f\u0131d\u0131l\u0131b, az sayda salamat qalanlar is\u0259 fars v\u0259 t\u00fcrkm\u0259n abid\u0259l\u0259ri kimi t\u0259qdim olunur.<\/p>\n<p>CBC telekanal\u0131n\u0131n \u00e7\u0259kili\u015f hey\u0259ti \u0130r\u0259van sakinl\u0259rinin b\u0259zisini dan\u0131\u015fd\u0131ra da bilib. Lakin onlar \u015f\u0259h\u0259rin k\u00f6kl\u00fc xalq\u0131 haqq\u0131nda m\u0259lumatlar\u0131 gizl\u0259tm\u0259y\u0259 \u00e7al\u0131\u015f\u0131blar.<\/p>\n<p>S\u0259n\u0259dli filmin efird\u0259 t\u0259qdimat\u0131ndan sonra Erm\u0259nistan\u0131n h\u00f6kum\u0259t qurumlar\u0131 az\u0259rbaycanl\u0131 \u00e7\u0259kili\u015f qrupunun \u0130r\u0259vana hans\u0131 formada s\u0259f\u0259r etdiyini ara\u015fd\u0131rma\u011fa ba\u015flay\u0131blar.<\/p>\n<p>M\u00fcxt\u0259lif b\u0259yanatlar s\u0259sl\u0259ndirilib, g\u00fcnahkar ovuna ba\u015flan\u0131l\u0131b.<\/p>\n<p>Daha \u0259trafl\u0131 videos\u00fcjetd\u0259:<\/p>\n<div><iframe loading=\"lazy\" title=\"YouTube video player\" src=\"https:\/\/www.youtube.com\/embed\/msrHPq3u8-Q?si=0aeiV8QTZneX1HBd\" width=\"560\" height=\"315\" frameborder=\"0\" allowfullscreen=\"allowfullscreen\" data-mce-fragment=\"1\"><\/iframe><\/div>\n<\/div>\n<\/article>\n","protected":false},"excerpt":{"rendered":"<p>Az\u0259rbaycan\u0131n CBC telekanal\u0131n\u0131n \u00e7\u0259kili\u015f qrupu \u0130r\u0259van \u015f\u0259h\u0259rind\u0259 olub v\u0259 \u015f\u0259h\u0259rin Az\u0259rbaycan xalq\u0131na m\u0259xsus maddi-m\u0259d\u0259ni irsini lent\u0259 ala bilib. Bunu t\u0259sdiq ed\u0259n videos\u00fcjetd\u0259 qeyd olunur ki, telekanal\u0131n \u00e7\u0259kili\u015f hey\u0259ti P\u0259nah Xan Makinskinin o\u011flu \u018flixan\u0131n evini, \u0259vv\u0259ll\u0259r S\u0259rdar m\u0259scidinin yerl\u0259\u015fdiyi \u0259razini, \u0130r\u0259vandak\u0131 G\u00f6y m\u0259scidin son v\u0259ziyy\u0259tini \u00e7\u0259kib, h\u0259m\u00e7inin \u018fmir S\u0259\u0259din m\u0259qb\u0259r\u0259sinin yerl\u0259\u015fdiyi C\u0259f\u0259rabad (indiki ad\u0131 &#8211; \u018frg\u0259v\u0259nd) k\u0259ndind\u0259 olub. Apar\u0131lan \u00e7\u0259kili\u015f n\u0259tic\u0259sind\u0259 m\u0259lum olub ki, Erm\u0259nistanda Az\u0259rbaycan xalq\u0131n\u0131n m\u0259d\u0259ni irsin\u0259 aid obyektl\u0259r, \u0259sas\u0259n, da\u011f\u0131d\u0131l\u0131b, az sayda salamat qalanlar is\u0259 fars v\u0259 t\u00fcrkm\u0259n abid\u0259l\u0259ri kimi t\u0259qdim olunur. CBC telekanal\u0131n\u0131n \u00e7\u0259kili\u015f hey\u0259ti \u0130r\u0259van sakinl\u0259rinin&hellip;<\/p>\n","protected":false},"author":2,"featured_media":653970,"comment_status":"closed","ping_status":"closed","sticky":false,"template":"","format":"standard","meta":{"om_disable_all_campaigns":false,"_monsterinsights_skip_tracking":false,"_monsterinsights_sitenote_active":false,"_monsterinsights_sitenote_note":"","_monsterinsights_sitenote_category":0},"categories":[4],"tags":[],"aioseo_notices":[],"gutentor_comment":0,"rttpg_featured_image_url":{"full":["https:\/\/arantv.az\/wp-content\/uploads\/2023\/11\/FotoJet-2023-11-07T151427.098.jpg",620,413,false],"landscape":["https:\/\/arantv.az\/wp-content\/uploads\/2023\/11\/FotoJet-2023-11-07T151427.098.jpg",620,413,false],"portraits":["https:\/\/arantv.az\/wp-content\/uploads\/2023\/11\/FotoJet-2023-11-07T151427.098.jpg",620,413,false],"thumbnail":["https:\/\/arantv.az\/wp-content\/uploads\/2023\/11\/FotoJet-2023-11-07T151427.098-500x280.jpg",500,280,true],"medium":["https:\/\/arantv.az\/wp-content\/uploads\/2023\/11\/FotoJet-2023-11-07T151427.098-548x365.jpg",548,365,true],"large":["https:\/\/arantv.az\/wp-content\/uploads\/2023\/11\/FotoJet-2023-11-07T151427.098.jpg",620,413,false],"1536x1536":["https:\/\/arantv.az\/wp-content\/uploads\/2023\/11\/FotoJet-2023-11-07T151427.098.jpg",620,413,false],"2048x2048":["https:\/\/arantv.az\/wp-content\/uploads\/2023\/11\/FotoJet-2023-11-07T151427.098.jpg",620,413,false],"post-thumbnail":["https:\/\/arantv.az\/wp-content\/uploads\/2023\/11\/FotoJet-2023-11-07T151427.098-240x172.jpg",240,172,true],"advps-thumb-one":["https:\/\/arantv.az\/wp-content\/uploads\/2023\/11\/FotoJet-2023-11-07T151427.098.jpg",620,413,false]},"rttpg_author":{"display_name":"V\u00fcsal Rafiqo\u011flu","author_link":"https:\/\/arantv.az\/?author=2"},"rttpg_comment":0,"rttpg_category":"<a href=\"https:\/\/arantv.az\/?cat=4\" rel=\"category\">Siyas\u0259t<\/a>","rttpg_excerpt":"Az\u0259rbaycan\u0131n CBC telekanal\u0131n\u0131n \u00e7\u0259kili\u015f qrupu \u0130r\u0259van \u015f\u0259h\u0259rind\u0259 olub v\u0259 \u015f\u0259h\u0259rin Az\u0259rbaycan xalq\u0131na m\u0259xsus maddi-m\u0259d\u0259ni irsini lent\u0259 ala bilib. Bunu t\u0259sdiq ed\u0259n videos\u00fcjetd\u0259 qeyd olunur ki, telekanal\u0131n \u00e7\u0259kili\u015f hey\u0259ti P\u0259nah Xan Makinskinin o\u011flu \u018flixan\u0131n evini, \u0259vv\u0259ll\u0259r S\u0259rdar m\u0259scidinin yerl\u0259\u015fdiyi \u0259razini, \u0130r\u0259vandak\u0131 G\u00f6y m\u0259scidin son v\u0259ziyy\u0259tini \u00e7\u0259kib, h\u0259m\u00e7inin \u018fmir S\u0259\u0259din m\u0259qb\u0259r\u0259sinin yerl\u0259\u015fdiyi C\u0259f\u0259rabad (indiki ad\u0131 &#8211; \u018frg\u0259v\u0259nd)&hellip;","_links":{"self":[{"href":"https:\/\/arantv.az\/index.php?rest_route=\/wp\/v2\/posts\/653957"}],"collection":[{"href":"https:\/\/arantv.az\/index.php?rest_route=\/wp\/v2\/posts"}],"about":[{"href":"https:\/\/arantv.az\/index.php?rest_route=\/wp\/v2\/types\/post"}],"author":[{"embeddable":true,"href":"https:\/\/arantv.az\/index.php?rest_route=\/wp\/v2\/users\/2"}],"replies":[{"embeddable":true,"href":"https:\/\/arantv.az\/index.php?rest_route=%2Fwp%2Fv2%2Fcomments&post=653957"}],"version-history":[{"count":0,"href":"https:\/\/arantv.az\/index.php?rest_route=\/wp\/v2\/posts\/653957\/revisions"}],"wp:featuredmedia":[{"embeddable":true,"href":"https:\/\/arantv.az\/index.php?rest_route=\/wp\/v2\/media\/653970"}],"wp:attachment":[{"href":"https:\/\/arantv.az\/index.php?rest_route=%2Fwp%2Fv2%2Fmedia&parent=653957"}],"wp:term":[{"taxonomy":"category","embeddable":true,"href":"https:\/\/arantv.az\/index.php?rest_route=%2Fwp%2Fv2%2Fcategories&post=653957"},{"taxonomy":"post_tag","embeddable":true,"href":"https:\/\/arantv.az\/index.php?rest_route=%2Fwp%2Fv2%2Ftags&post=653957"}],"curies":[{"name":"wp","href":"https:\/\/api.w.org\/{rel}","templated":true}]}}