{"id":653960,"date":"2023-11-07T15:04:57","date_gmt":"2023-11-07T11:04:57","guid":{"rendered":"https:\/\/arantv.az\/?p=653960"},"modified":"2023-11-07T15:04:57","modified_gmt":"2023-11-07T11:04:57","slug":"prezident-ilham-%c9%99liyev-v%c9%99-birinci-vitse-prezident-mehriban-%c9%99liyeva-susaya-s%c9%99f%c9%99r-edibl%c9%99r","status":"publish","type":"post","link":"https:\/\/arantv.az\/?p=653960","title":{"rendered":"Prezident \u0130lham \u018fliyev v\u0259 Birinci vitse-prezident Mehriban \u018fliyeva \u015eu\u015faya s\u0259f\u0259r edibl\u0259r"},"content":{"rendered":"<p>Az\u0259rbaycan Respublikas\u0131n\u0131n Prezidenti\u00a0<strong>\u0130lham \u018fliyev\u00a0<\/strong>v\u0259 Birinci vitse-prezident\u00a0<strong>Mehriban \u018fliyeva<\/strong>\u00a0noyabr\u0131n 7-d\u0259 \u015eu\u015faya g\u0259libl\u0259r.<\/p>\n<p><a href=\"https:\/\/azertag.az\/xeber\/azerbaycan_prezidenti_ilham_eliyev_ve_birinci_xanim_mehriban_eliyeva_susaya_sefer_edibler_yenilenecek-2817511\" target=\"_blank\" rel=\"noopener\">AZ\u018fRTAC<\/a>\u00a0x\u0259b\u0259r verir ki, d\u00f6vl\u0259timizin ba\u015f\u00e7\u0131s\u0131 v\u0259 Birinci vitse-prezident \u015eu\u015fa \u015f\u0259h\u0259rind\u0259 23 binadan ibar\u0259t ya\u015fay\u0131\u015f kompleksind\u0259 apar\u0131lan tikinti i\u015fl\u0259ri v\u0259 \u201cQ\u0131zlar Gimnaziyas\u0131\u201d tarixi abid\u0259 binas\u0131nda h\u0259yata ke\u00e7iril\u0259c\u0259k i\u015fl\u0259rl\u0259 tan\u0131\u015f olublar.<\/p>\n<p>Sonra Prezident \u0130lham \u018fliyev v\u0259 Birinci vitse-prezident Mehriban \u018fliyeva Qala divar\u0131na v\u0259 \u0259traf \u0259raziy\u0259 bax\u0131b, Heyd\u0259r \u018fliyev Fondu t\u0259r\u0259find\u0259n P\u0259nah\u0259li xan k\u00fc\u00e7\u0259sind\u0259 yerl\u0259\u015f\u0259n bir s\u0131ra binalarda apar\u0131lacaq b\u0259rpa v\u0259 yenid\u0259nqurma layih\u0259l\u0259ri il\u0259 tan\u0131\u015f olub, \u201cYas\u0259m\u0259n\u201d hotelinin a\u00e7\u0131l\u0131\u015f\u0131nda i\u015ftirak edibl\u0259r.<\/p>\n","protected":false},"excerpt":{"rendered":"<p>Az\u0259rbaycan Respublikas\u0131n\u0131n Prezidenti\u00a0\u0130lham \u018fliyev\u00a0v\u0259 Birinci vitse-prezident\u00a0Mehriban \u018fliyeva\u00a0noyabr\u0131n 7-d\u0259 \u015eu\u015faya g\u0259libl\u0259r. AZ\u018fRTAC\u00a0x\u0259b\u0259r verir ki, d\u00f6vl\u0259timizin ba\u015f\u00e7\u0131s\u0131 v\u0259 Birinci vitse-prezident \u015eu\u015fa \u015f\u0259h\u0259rind\u0259 23 binadan ibar\u0259t ya\u015fay\u0131\u015f kompleksind\u0259 apar\u0131lan tikinti i\u015fl\u0259ri v\u0259 \u201cQ\u0131zlar Gimnaziyas\u0131\u201d tarixi abid\u0259 binas\u0131nda h\u0259yata ke\u00e7iril\u0259c\u0259k i\u015fl\u0259rl\u0259 tan\u0131\u015f olublar. Sonra Prezident \u0130lham \u018fliyev v\u0259 Birinci vitse-prezident Mehriban \u018fliyeva Qala divar\u0131na v\u0259 \u0259traf \u0259raziy\u0259 bax\u0131b, Heyd\u0259r \u018fliyev Fondu t\u0259r\u0259find\u0259n P\u0259nah\u0259li xan k\u00fc\u00e7\u0259sind\u0259 yerl\u0259\u015f\u0259n bir s\u0131ra binalarda apar\u0131lacaq b\u0259rpa v\u0259 yenid\u0259nqurma layih\u0259l\u0259ri il\u0259 tan\u0131\u015f olub, \u201cYas\u0259m\u0259n\u201d hotelinin a\u00e7\u0131l\u0131\u015f\u0131nda i\u015ftirak edibl\u0259r.<\/p>\n","protected":false},"author":2,"featured_media":653961,"comment_status":"closed","ping_status":"closed","sticky":false,"template":"","format":"standard","meta":{"om_disable_all_campaigns":false,"_monsterinsights_skip_tracking":false,"_monsterinsights_sitenote_active":false,"_monsterinsights_sitenote_note":"","_monsterinsights_sitenote_category":0},"categories":[4],"tags":[],"aioseo_notices":[],"gutentor_comment":0,"rttpg_featured_image_url":{"full":["https:\/\/arantv.az\/wp-content\/uploads\/2023\/11\/007.jpg",620,413,false],"landscape":["https:\/\/arantv.az\/wp-content\/uploads\/2023\/11\/007.jpg",620,413,false],"portraits":["https:\/\/arantv.az\/wp-content\/uploads\/2023\/11\/007.jpg",620,413,false],"thumbnail":["https:\/\/arantv.az\/wp-content\/uploads\/2023\/11\/007-500x280.jpg",500,280,true],"medium":["https:\/\/arantv.az\/wp-content\/uploads\/2023\/11\/007-548x365.jpg",548,365,true],"large":["https:\/\/arantv.az\/wp-content\/uploads\/2023\/11\/007.jpg",620,413,false],"1536x1536":["https:\/\/arantv.az\/wp-content\/uploads\/2023\/11\/007.jpg",620,413,false],"2048x2048":["https:\/\/arantv.az\/wp-content\/uploads\/2023\/11\/007.jpg",620,413,false],"post-thumbnail":["https:\/\/arantv.az\/wp-content\/uploads\/2023\/11\/007-240x172.jpg",240,172,true],"advps-thumb-one":["https:\/\/arantv.az\/wp-content\/uploads\/2023\/11\/007.jpg",620,413,false]},"rttpg_author":{"display_name":"V\u00fcsal Rafiqo\u011flu","author_link":"https:\/\/arantv.az\/?author=2"},"rttpg_comment":0,"rttpg_category":"<a href=\"https:\/\/arantv.az\/?cat=4\" rel=\"category\">Siyas\u0259t<\/a>","rttpg_excerpt":"Az\u0259rbaycan Respublikas\u0131n\u0131n Prezidenti\u00a0\u0130lham \u018fliyev\u00a0v\u0259 Birinci vitse-prezident\u00a0Mehriban \u018fliyeva\u00a0noyabr\u0131n 7-d\u0259 \u015eu\u015faya g\u0259libl\u0259r. AZ\u018fRTAC\u00a0x\u0259b\u0259r verir ki, d\u00f6vl\u0259timizin ba\u015f\u00e7\u0131s\u0131 v\u0259 Birinci vitse-prezident \u015eu\u015fa \u015f\u0259h\u0259rind\u0259 23 binadan ibar\u0259t ya\u015fay\u0131\u015f kompleksind\u0259 apar\u0131lan tikinti i\u015fl\u0259ri v\u0259 \u201cQ\u0131zlar Gimnaziyas\u0131\u201d tarixi abid\u0259 binas\u0131nda h\u0259yata ke\u00e7iril\u0259c\u0259k i\u015fl\u0259rl\u0259 tan\u0131\u015f olublar. Sonra Prezident \u0130lham \u018fliyev v\u0259 Birinci vitse-prezident Mehriban \u018fliyeva Qala divar\u0131na v\u0259 \u0259traf \u0259raziy\u0259 bax\u0131b, Heyd\u0259r&hellip;","_links":{"self":[{"href":"https:\/\/arantv.az\/index.php?rest_route=\/wp\/v2\/posts\/653960"}],"collection":[{"href":"https:\/\/arantv.az\/index.php?rest_route=\/wp\/v2\/posts"}],"about":[{"href":"https:\/\/arantv.az\/index.php?rest_route=\/wp\/v2\/types\/post"}],"author":[{"embeddable":true,"href":"https:\/\/arantv.az\/index.php?rest_route=\/wp\/v2\/users\/2"}],"replies":[{"embeddable":true,"href":"https:\/\/arantv.az\/index.php?rest_route=%2Fwp%2Fv2%2Fcomments&post=653960"}],"version-history":[{"count":0,"href":"https:\/\/arantv.az\/index.php?rest_route=\/wp\/v2\/posts\/653960\/revisions"}],"wp:featuredmedia":[{"embeddable":true,"href":"https:\/\/arantv.az\/index.php?rest_route=\/wp\/v2\/media\/653961"}],"wp:attachment":[{"href":"https:\/\/arantv.az\/index.php?rest_route=%2Fwp%2Fv2%2Fmedia&parent=653960"}],"wp:term":[{"taxonomy":"category","embeddable":true,"href":"https:\/\/arantv.az\/index.php?rest_route=%2Fwp%2Fv2%2Fcategories&post=653960"},{"taxonomy":"post_tag","embeddable":true,"href":"https:\/\/arantv.az\/index.php?rest_route=%2Fwp%2Fv2%2Ftags&post=653960"}],"curies":[{"name":"wp","href":"https:\/\/api.w.org\/{rel}","templated":true}]}}