{"id":653966,"date":"2023-11-07T15:10:31","date_gmt":"2023-11-07T11:10:31","guid":{"rendered":"https:\/\/arantv.az\/?p=653966"},"modified":"2023-11-07T15:10:31","modified_gmt":"2023-11-07T11:10:31","slug":"ilham-%c9%99liyev-v%c9%99-mehriban-%c9%99liyeva-k%c9%99lb%c9%99c%c9%99r-rayonunun-v%c9%99ngli-k%c9%99ndind%c9%99-olublar","status":"publish","type":"post","link":"https:\/\/arantv.az\/?p=653966","title":{"rendered":"\u0130lham \u018fliyev v\u0259 Mehriban \u018fliyeva K\u0259lb\u0259c\u0259r rayonunun V\u0259ngli k\u0259ndind\u0259 olublar"},"content":{"rendered":"<p>Az\u0259rbaycan Respublikas\u0131n\u0131n Prezidenti\u00a0<strong>\u0130lham \u018fliyev<\/strong>, Birinci vitse-prezident\u00a0<strong>Mehriban \u018fliyeva<\/strong>\u00a0v\u0259 o\u011fullar\u0131\u00a0<strong>Heyd\u0259r \u018fliyev\u00a0<\/strong>noyabr\u0131n 7-d\u0259 K\u0259lb\u0259c\u0259r rayonunun V\u0259ngli k\u0259ndind\u0259 olublar.<\/p>\n<p>Bu bar\u0259d\u0259<a href=\"https:\/\/azertag.az\/xeber\/prezident_ilham_eliyev_ve_birinci_xanim_mehriban_eliyeva_kelbecer_rayonunun_vengli_kendinde_olublar_yenilenecek-2817493\" target=\"_blank\" rel=\"noopener\">\u00a0AZ\u018fRTAC<\/a>\u00a0x\u0259b\u0259r verir.<\/p>\n<p>Qeyd ed\u0259k ki, i\u015f\u011fal d\u00f6vr\u00fcnd\u0259 erm\u0259nil\u0259r n\u00f6vb\u0259ti vandall\u0131q akt\u0131 n\u00fcmayi\u015f etdir\u0259r\u0259k, az\u0259rbaycanl\u0131lar\u0131n \u015f\u0259xsi avtomobill\u0259rinin n\u00f6mr\u0259l\u0259rind\u0259n l\u00f6vh\u0259 d\u00fcz\u0259ltmi\u015fdil\u0259r.<\/p>\n<p>Prezident \u0130lham \u018fliyev l\u00f6vh\u0259nin s\u00f6k\u00fclm\u0259si il\u0259 ba\u011fl\u0131 tap\u015f\u0131r\u0131q verib.<\/p>\n","protected":false},"excerpt":{"rendered":"<p>Az\u0259rbaycan Respublikas\u0131n\u0131n Prezidenti\u00a0\u0130lham \u018fliyev, Birinci vitse-prezident\u00a0Mehriban \u018fliyeva\u00a0v\u0259 o\u011fullar\u0131\u00a0Heyd\u0259r \u018fliyev\u00a0noyabr\u0131n 7-d\u0259 K\u0259lb\u0259c\u0259r rayonunun V\u0259ngli k\u0259ndind\u0259 olublar. Bu bar\u0259d\u0259\u00a0AZ\u018fRTAC\u00a0x\u0259b\u0259r verir. Qeyd ed\u0259k ki, i\u015f\u011fal d\u00f6vr\u00fcnd\u0259 erm\u0259nil\u0259r n\u00f6vb\u0259ti vandall\u0131q akt\u0131 n\u00fcmayi\u015f etdir\u0259r\u0259k, az\u0259rbaycanl\u0131lar\u0131n \u015f\u0259xsi avtomobill\u0259rinin n\u00f6mr\u0259l\u0259rind\u0259n l\u00f6vh\u0259 d\u00fcz\u0259ltmi\u015fdil\u0259r. Prezident \u0130lham \u018fliyev l\u00f6vh\u0259nin s\u00f6k\u00fclm\u0259si il\u0259 ba\u011fl\u0131 tap\u015f\u0131r\u0131q verib.<\/p>\n","protected":false},"author":2,"featured_media":653967,"comment_status":"closed","ping_status":"closed","sticky":false,"template":"","format":"standard","meta":{"om_disable_all_campaigns":false,"_monsterinsights_skip_tracking":false,"_monsterinsights_sitenote_active":false,"_monsterinsights_sitenote_note":"","_monsterinsights_sitenote_category":0},"categories":[4],"tags":[],"aioseo_notices":[],"gutentor_comment":0,"rttpg_featured_image_url":{"full":["https:\/\/arantv.az\/wp-content\/uploads\/2023\/11\/15686233051729437639_1000x669.jpg",620,413,false],"landscape":["https:\/\/arantv.az\/wp-content\/uploads\/2023\/11\/15686233051729437639_1000x669.jpg",620,413,false],"portraits":["https:\/\/arantv.az\/wp-content\/uploads\/2023\/11\/15686233051729437639_1000x669.jpg",620,413,false],"thumbnail":["https:\/\/arantv.az\/wp-content\/uploads\/2023\/11\/15686233051729437639_1000x669-500x280.jpg",500,280,true],"medium":["https:\/\/arantv.az\/wp-content\/uploads\/2023\/11\/15686233051729437639_1000x669-548x365.jpg",548,365,true],"large":["https:\/\/arantv.az\/wp-content\/uploads\/2023\/11\/15686233051729437639_1000x669.jpg",620,413,false],"1536x1536":["https:\/\/arantv.az\/wp-content\/uploads\/2023\/11\/15686233051729437639_1000x669.jpg",620,413,false],"2048x2048":["https:\/\/arantv.az\/wp-content\/uploads\/2023\/11\/15686233051729437639_1000x669.jpg",620,413,false],"post-thumbnail":["https:\/\/arantv.az\/wp-content\/uploads\/2023\/11\/15686233051729437639_1000x669-240x172.jpg",240,172,true],"advps-thumb-one":["https:\/\/arantv.az\/wp-content\/uploads\/2023\/11\/15686233051729437639_1000x669.jpg",620,413,false]},"rttpg_author":{"display_name":"V\u00fcsal Rafiqo\u011flu","author_link":"https:\/\/arantv.az\/?author=2"},"rttpg_comment":0,"rttpg_category":"<a href=\"https:\/\/arantv.az\/?cat=4\" rel=\"category\">Siyas\u0259t<\/a>","rttpg_excerpt":"Az\u0259rbaycan Respublikas\u0131n\u0131n Prezidenti\u00a0\u0130lham \u018fliyev, Birinci vitse-prezident\u00a0Mehriban \u018fliyeva\u00a0v\u0259 o\u011fullar\u0131\u00a0Heyd\u0259r \u018fliyev\u00a0noyabr\u0131n 7-d\u0259 K\u0259lb\u0259c\u0259r rayonunun V\u0259ngli k\u0259ndind\u0259 olublar. Bu bar\u0259d\u0259\u00a0AZ\u018fRTAC\u00a0x\u0259b\u0259r verir. Qeyd ed\u0259k ki, i\u015f\u011fal d\u00f6vr\u00fcnd\u0259 erm\u0259nil\u0259r n\u00f6vb\u0259ti vandall\u0131q akt\u0131 n\u00fcmayi\u015f etdir\u0259r\u0259k, az\u0259rbaycanl\u0131lar\u0131n \u015f\u0259xsi avtomobill\u0259rinin n\u00f6mr\u0259l\u0259rind\u0259n l\u00f6vh\u0259 d\u00fcz\u0259ltmi\u015fdil\u0259r. Prezident \u0130lham \u018fliyev l\u00f6vh\u0259nin s\u00f6k\u00fclm\u0259si il\u0259 ba\u011fl\u0131 tap\u015f\u0131r\u0131q verib.","_links":{"self":[{"href":"https:\/\/arantv.az\/index.php?rest_route=\/wp\/v2\/posts\/653966"}],"collection":[{"href":"https:\/\/arantv.az\/index.php?rest_route=\/wp\/v2\/posts"}],"about":[{"href":"https:\/\/arantv.az\/index.php?rest_route=\/wp\/v2\/types\/post"}],"author":[{"embeddable":true,"href":"https:\/\/arantv.az\/index.php?rest_route=\/wp\/v2\/users\/2"}],"replies":[{"embeddable":true,"href":"https:\/\/arantv.az\/index.php?rest_route=%2Fwp%2Fv2%2Fcomments&post=653966"}],"version-history":[{"count":0,"href":"https:\/\/arantv.az\/index.php?rest_route=\/wp\/v2\/posts\/653966\/revisions"}],"wp:featuredmedia":[{"embeddable":true,"href":"https:\/\/arantv.az\/index.php?rest_route=\/wp\/v2\/media\/653967"}],"wp:attachment":[{"href":"https:\/\/arantv.az\/index.php?rest_route=%2Fwp%2Fv2%2Fmedia&parent=653966"}],"wp:term":[{"taxonomy":"category","embeddable":true,"href":"https:\/\/arantv.az\/index.php?rest_route=%2Fwp%2Fv2%2Fcategories&post=653966"},{"taxonomy":"post_tag","embeddable":true,"href":"https:\/\/arantv.az\/index.php?rest_route=%2Fwp%2Fv2%2Ftags&post=653966"}],"curies":[{"name":"wp","href":"https:\/\/api.w.org\/{rel}","templated":true}]}}