{"id":653974,"date":"2023-11-07T15:33:17","date_gmt":"2023-11-07T11:33:17","guid":{"rendered":"https:\/\/arantv.az\/?p=653974"},"modified":"2023-11-07T15:33:17","modified_gmt":"2023-11-07T11:33:17","slug":"prezidentin-general-mayor-ali-h%c9%99rbi-rutb%c9%99sin%c9%99-layiq-gorduyu-h%c9%99rbcil%c9%99r-dosye","status":"publish","type":"post","link":"https:\/\/arantv.az\/?p=653974","title":{"rendered":"Prezidentin \u201cgeneral-mayor\u201d ali h\u0259rbi r\u00fctb\u0259sin\u0259 layiq g\u00f6rd\u00fcy\u00fc h\u0259rb\u00e7il\u0259r &#8211; DOSYE"},"content":{"rendered":"<p>Prezident\u00a0<strong>\u0130lham \u018fliyevin<\/strong>\u00a0s\u0259r\u0259ncam\u0131 il\u0259 Az\u0259rbaycan Respublikas\u0131 M\u00fcdafi\u0259 Nazirliyinin \u00fc\u00e7 h\u0259rbi qulluq\u00e7usuna \u201cgeneral-mayor\u201d ali h\u0259rbi r\u00fctb\u0259si verilib.<\/p>\n<p>S\u0259r\u0259ncamda qeyd edil\u0259n h\u0259rb\u00e7il\u0259r polkovnik F\u0259rid \u018flibaba o\u011flu \u018fliyev, polkovnik Namiq S\u00fcleyman o\u011flu Bayramov, polkovnik M\u00fc\u015ffiq X\u0131d\u0131r o\u011flu M\u0259mm\u0259dovdur.<\/p>\n<p><strong>ARANTV.AZ<\/strong>-\u0131n m\u0259lumat\u0131na g\u00f6r\u0259, polkovnik F\u0259rid \u018flibaba o\u011flu \u018fliyev bundan \u00f6nc\u0259 D\u00f6vl\u0259t G\u00f6mr\u00fck Komit\u0259sinin G\u00f6mr\u00fck Riskl\u0259rinin \u0130dar\u0259olunmas\u0131 v\u0259 Audit Ba\u015f \u0130dar\u0259sinin r\u0259isi v\u0259zif\u0259sind\u0259 \u00e7al\u0131\u015f\u0131b.<\/p>\n<p>Polkovnik bu ilin yanvar ay\u0131nda v\u0259zif\u0259sind\u0259n istefa verib. F. \u018fliyev qeyd edil\u0259n v\u0259zif\u0259y\u0259 2018-ci ild\u0259 t\u0259yin olunub, 36 ya\u015f\u0131 var.<\/p>\n<p>M\u0259lumata \u0259sas\u0259n, F\u0259rid \u018fliyev Sabun\u00e7u Rayonu \u0130cra hakimiyy\u0259tinin ke\u00e7mi\u015f ba\u015f\u00e7\u0131s\u0131 \u018flibaba \u018fliyevin o\u011fludur. O, haz\u0131rda Az\u0259rbaycan Respublikas\u0131 Prezidentinin Administrasiyas\u0131n\u0131n \u018frazi-t\u0259\u015fkilat m\u0259s\u0259l\u0259l\u0259ri \u015f\u00f6b\u0259sind\u0259 sektor m\u00fcdiri v\u0259zif\u0259sind\u0259 \u00e7al\u0131\u015f\u0131r.<\/p>\n<p>Prezidentin general-mayor\u201d ali h\u0259rbi r\u00fctb\u0259sin\u0259 layiq g\u00f6rd\u00fcy\u00fc \u00fc\u00e7 n\u0259f\u0259rd\u0259n biri &#8211; M\u00fc\u015ffiq M\u0259mm\u0259dov is\u0259 Az\u0259rbaycan\u0131n Ankaradak\u0131 s\u0259firliyinin h\u0259rbi atta\u015fesidir. O,\u00a0h\u0259m\u00e7inin Az\u0259rbaycan Respublikas\u0131 Silahl\u0131 Q\u00fcvv\u0259l\u0259rinin Bolqar\u0131stan Respublikas\u0131nda akkredit\u0259 olunmu\u015f h\u0259rbi atta\u015fesi v\u0259zif\u0259sini icra edir. O, 2020-ci ild\u0259 \u201cV\u0259t\u0259n u\u011frunda\u201d medal\u0131 il\u0259 t\u0259ltif edilib.<\/p>\n<p>Dig\u0259r zabitimiz Namiq Bayramov is\u0259\u00a02015-ci ild\u0259 \u201cV\u0259t\u0259n u\u011frunda\u201d medal\u0131 il\u0259 t\u0259ltif edilib. O,\u00a0Nax\u00e7\u0131van \u018flahidd\u0259 \u00dcmumqo\u015fun Ordusunda Hava H\u00fccumundan M\u00fcdafi\u0259 \u0130dar\u0259sind\u0259 q\u0259rargah r\u0259isi v\u0259zif\u0259sini icra edib.<\/p>\n","protected":false},"excerpt":{"rendered":"<p>Prezident\u00a0\u0130lham \u018fliyevin\u00a0s\u0259r\u0259ncam\u0131 il\u0259 Az\u0259rbaycan Respublikas\u0131 M\u00fcdafi\u0259 Nazirliyinin \u00fc\u00e7 h\u0259rbi qulluq\u00e7usuna \u201cgeneral-mayor\u201d ali h\u0259rbi r\u00fctb\u0259si verilib. S\u0259r\u0259ncamda qeyd edil\u0259n h\u0259rb\u00e7il\u0259r polkovnik F\u0259rid \u018flibaba o\u011flu \u018fliyev, polkovnik Namiq S\u00fcleyman o\u011flu Bayramov, polkovnik M\u00fc\u015ffiq X\u0131d\u0131r o\u011flu M\u0259mm\u0259dovdur. ARANTV.AZ-\u0131n m\u0259lumat\u0131na g\u00f6r\u0259, polkovnik F\u0259rid \u018flibaba o\u011flu \u018fliyev bundan \u00f6nc\u0259 D\u00f6vl\u0259t G\u00f6mr\u00fck Komit\u0259sinin G\u00f6mr\u00fck Riskl\u0259rinin \u0130dar\u0259olunmas\u0131 v\u0259 Audit Ba\u015f \u0130dar\u0259sinin r\u0259isi v\u0259zif\u0259sind\u0259 \u00e7al\u0131\u015f\u0131b. Polkovnik bu ilin yanvar ay\u0131nda v\u0259zif\u0259sind\u0259n istefa verib. F. \u018fliyev qeyd edil\u0259n v\u0259zif\u0259y\u0259 2018-ci ild\u0259 t\u0259yin olunub, 36 ya\u015f\u0131 var. M\u0259lumata \u0259sas\u0259n, F\u0259rid \u018fliyev Sabun\u00e7u Rayonu \u0130cra hakimiyy\u0259tinin ke\u00e7mi\u015f ba\u015f\u00e7\u0131s\u0131 \u018flibaba \u018fliyevin o\u011fludur.&hellip;<\/p>\n","protected":false},"author":2,"featured_media":653975,"comment_status":"closed","ping_status":"closed","sticky":false,"template":"","format":"standard","meta":{"om_disable_all_campaigns":false,"_monsterinsights_skip_tracking":false,"_monsterinsights_sitenote_active":false,"_monsterinsights_sitenote_note":"","_monsterinsights_sitenote_category":0},"categories":[4],"tags":[],"aioseo_notices":[],"gutentor_comment":0,"rttpg_featured_image_url":{"full":["https:\/\/arantv.az\/wp-content\/uploads\/2023\/11\/FotoJet-47.jpg",620,413,false],"landscape":["https:\/\/arantv.az\/wp-content\/uploads\/2023\/11\/FotoJet-47.jpg",620,413,false],"portraits":["https:\/\/arantv.az\/wp-content\/uploads\/2023\/11\/FotoJet-47.jpg",620,413,false],"thumbnail":["https:\/\/arantv.az\/wp-content\/uploads\/2023\/11\/FotoJet-47-500x280.jpg",500,280,true],"medium":["https:\/\/arantv.az\/wp-content\/uploads\/2023\/11\/FotoJet-47-548x365.jpg",548,365,true],"large":["https:\/\/arantv.az\/wp-content\/uploads\/2023\/11\/FotoJet-47.jpg",620,413,false],"1536x1536":["https:\/\/arantv.az\/wp-content\/uploads\/2023\/11\/FotoJet-47.jpg",620,413,false],"2048x2048":["https:\/\/arantv.az\/wp-content\/uploads\/2023\/11\/FotoJet-47.jpg",620,413,false],"post-thumbnail":["https:\/\/arantv.az\/wp-content\/uploads\/2023\/11\/FotoJet-47-240x172.jpg",240,172,true],"advps-thumb-one":["https:\/\/arantv.az\/wp-content\/uploads\/2023\/11\/FotoJet-47.jpg",620,413,false]},"rttpg_author":{"display_name":"V\u00fcsal Rafiqo\u011flu","author_link":"https:\/\/arantv.az\/?author=2"},"rttpg_comment":0,"rttpg_category":"<a href=\"https:\/\/arantv.az\/?cat=4\" rel=\"category\">Siyas\u0259t<\/a>","rttpg_excerpt":"Prezident\u00a0\u0130lham \u018fliyevin\u00a0s\u0259r\u0259ncam\u0131 il\u0259 Az\u0259rbaycan Respublikas\u0131 M\u00fcdafi\u0259 Nazirliyinin \u00fc\u00e7 h\u0259rbi qulluq\u00e7usuna \u201cgeneral-mayor\u201d ali h\u0259rbi r\u00fctb\u0259si verilib. S\u0259r\u0259ncamda qeyd edil\u0259n h\u0259rb\u00e7il\u0259r polkovnik F\u0259rid \u018flibaba o\u011flu \u018fliyev, polkovnik Namiq S\u00fcleyman o\u011flu Bayramov, polkovnik M\u00fc\u015ffiq X\u0131d\u0131r o\u011flu M\u0259mm\u0259dovdur. ARANTV.AZ-\u0131n m\u0259lumat\u0131na g\u00f6r\u0259, polkovnik F\u0259rid \u018flibaba o\u011flu \u018fliyev bundan \u00f6nc\u0259 D\u00f6vl\u0259t G\u00f6mr\u00fck Komit\u0259sinin G\u00f6mr\u00fck Riskl\u0259rinin \u0130dar\u0259olunmas\u0131 v\u0259 Audit Ba\u015f \u0130dar\u0259sinin r\u0259isi&hellip;","_links":{"self":[{"href":"https:\/\/arantv.az\/index.php?rest_route=\/wp\/v2\/posts\/653974"}],"collection":[{"href":"https:\/\/arantv.az\/index.php?rest_route=\/wp\/v2\/posts"}],"about":[{"href":"https:\/\/arantv.az\/index.php?rest_route=\/wp\/v2\/types\/post"}],"author":[{"embeddable":true,"href":"https:\/\/arantv.az\/index.php?rest_route=\/wp\/v2\/users\/2"}],"replies":[{"embeddable":true,"href":"https:\/\/arantv.az\/index.php?rest_route=%2Fwp%2Fv2%2Fcomments&post=653974"}],"version-history":[{"count":0,"href":"https:\/\/arantv.az\/index.php?rest_route=\/wp\/v2\/posts\/653974\/revisions"}],"wp:featuredmedia":[{"embeddable":true,"href":"https:\/\/arantv.az\/index.php?rest_route=\/wp\/v2\/media\/653975"}],"wp:attachment":[{"href":"https:\/\/arantv.az\/index.php?rest_route=%2Fwp%2Fv2%2Fmedia&parent=653974"}],"wp:term":[{"taxonomy":"category","embeddable":true,"href":"https:\/\/arantv.az\/index.php?rest_route=%2Fwp%2Fv2%2Fcategories&post=653974"},{"taxonomy":"post_tag","embeddable":true,"href":"https:\/\/arantv.az\/index.php?rest_route=%2Fwp%2Fv2%2Ftags&post=653974"}],"curies":[{"name":"wp","href":"https:\/\/api.w.org\/{rel}","templated":true}]}}