{"id":653978,"date":"2023-11-07T15:47:26","date_gmt":"2023-11-07T11:47:26","guid":{"rendered":"https:\/\/arantv.az\/?p=653978"},"modified":"2023-11-07T15:47:26","modified_gmt":"2023-11-07T11:47:26","slug":"lopinion-qarabag-boyuk-qayidis-az%c9%99rbaycanin-umummilli-arzusu","status":"publish","type":"post","link":"https:\/\/arantv.az\/?p=653978","title":{"rendered":"\u201cL&#8217;Opinion\u201d: \u201cQaraba\u011f: B\u00f6y\u00fck Qay\u0131d\u0131\u015f &#8211; Az\u0259rbaycan\u0131n \u00fcmummilli arzusu\u201d"},"content":{"rendered":"<p>\u201cErm\u0259nil\u0259rin Qaraba\u011f\u0131 t\u0259rk etm\u0259sind\u0259n bir ne\u00e7\u0259 h\u0259ft\u0259 sonra hadis\u0259l\u0259rin Fransada nadir hallarda e\u015fidil\u0259n Az\u0259rbaycan variant\u0131n\u0131 dinl\u0259m\u0259y\u0259 getdik\u201d.<\/p>\n<p><strong>ARANTV.AZ<\/strong>-\u0131n m\u0259lumat\u0131na g\u00f6r\u0259, bu bar\u0259d\u0259 tan\u0131nm\u0131\u015f jurnalist Jan-Dominik Mer\u015fenin Fransan\u0131n n\u00fcfuzlu\u00a0<a href=\"https:\/\/www.lopinion.fr\/international\/karabakh-le-grand-retour-reve-national-de-lazerbaidjan#:~:text=La%20%C2%AB%20F%C3%AAte%20de%20la%20Victoire%20%C2%BB%20comm%C3%A9more%20la%20seconde%20guerre%20du,des%20Azerba%C3%AFdjanais%20dans%20le%20Karabakh.\" target=\"_blank\" rel=\"noopener\"><strong>\u201cL&#8217;Opinion\u201d q\u0259zetind\u0259<\/strong><\/a>\u00a0Az\u0259rbaycana, Z\u0259f\u0259r G\u00fcn\u00fcn\u0259 v\u0259 \u201cB\u00f6y\u00fck Qay\u0131d\u0131\u015f\u201da h\u0259sr olunan m\u0259qal\u0259sind\u0259 bildirilir.<\/p>\n<p>M\u00fc\u0259llif bir m\u00fcdd\u0259t \u0259vv\u0259l \u00f6lk\u0259mizd\u0259 s\u0259f\u0259rd\u0259 olub, Az\u0259rbaycan Prezidentinin k\u00f6m\u0259k\u00e7isi,\u00a0Prezident Administrasiyas\u0131n\u0131n Xarici siyas\u0259t m\u0259s\u0259l\u0259l\u0259ri \u015f\u00f6b\u0259sinin m\u00fcdiri Hikm\u0259t Hac\u0131yevl\u0259, Az\u0259rbaycan Prezidentinin x\u00fcsusi tap\u015f\u0131r\u0131qlar \u00fczr\u0259 n\u00fcmay\u0259nd\u0259si El\u00e7in \u018fmirb\u0259yovla, h\u0259m\u00e7inin Qa\u00e7q\u0131nlar\u0131n v\u0259 M\u0259cburi K\u00f6\u00e7k\u00fcnl\u0259rin \u0130\u015fl\u0259ri \u00fczr\u0259 D\u00f6vl\u0259t Komit\u0259sinin s\u0259dri R\u00f6v\u015f\u0259n Rzayevl\u0259 g\u00f6r\u00fc\u015f\u00fcb.<\/p>\n<p>J.D.Mer\u015fe m\u0259qal\u0259sind\u0259 Qaraba\u011fda 30 il \u0259rzind\u0259 n\u0259l\u0259r ba\u015f verdiyi, 44 g\u00fcnl\u00fck m\u00fcharib\u0259 v\u0259 lokal antiterror t\u0259dbirl\u0259ri bar\u0259d\u0259 m\u0259lumat verib:<\/p>\n<p>\u201cAz\u0259rbaycan Prezidenti\u00a0<strong>\u0130lham \u018fliyev<\/strong>\u00a0\u00e7\u0259r\u015f\u0259nb\u0259 g\u00fcn\u00fc, noyabr\u0131n 8-d\u0259 Qaraba\u011fda, Xank\u0259ndi \u015f\u0259h\u0259rind\u0259 Z\u0259f\u0259r G\u00fcn\u00fcnd\u0259 i\u015ftirak ed\u0259c\u0259k. Buradak\u0131 erm\u0259ni\u0259silli sakinl\u0259r sentyabrdak\u0131 h\u0259rbi m\u0259\u011flubiyy\u0259td\u0259n sonra \u0259razini k\u00f6n\u00fcll\u00fc \u015f\u0259kild\u0259 t\u0259rk edibl\u0259r. Bu bayram 2020-ci ild\u0259 44 g\u00fcnl\u00fck m\u00fcharib\u0259y\u0259 h\u0259sr olunub. Az\u0259rbaycan 30 ild\u0259n art\u0131q, erm\u0259ni separat\u00e7\u0131lar\u0131 t\u0259r\u0259find\u0259n i\u015f\u011fal olunmu\u015f \u0259razil\u0259r azad edildikd\u0259n sonra \u00f6z \u0259razi b\u00fct\u00f6vl\u00fcy\u00fcn\u00fc b\u0259rpa edib\u201d.<\/p>\n<p>M\u00fc\u0259llif \u201cQafqaz\u0131n Xirosimas\u0131\u201d hesab edil\u0259n A\u011fdamda olub v\u0259 m\u0259qal\u0259sind\u0259 orada erm\u0259ni i\u015f\u011fal\u0131 d\u00f6vr\u00fcnd\u0259 yaranan xarabal\u0131qdan d\u0259h\u015f\u0259tl\u0259 b\u0259hs edib.<\/p>\n<p>\u201c\u0130nzibati binalar\u0131n, evl\u0259rin xarabal\u0131qlar\u0131n\u0131, k\u00f6hn\u0259 teatr\u0131n s\u00fctunlar\u0131n\u0131 g\u00f6r\u0259 bil\u0259rik. Vaxtil\u0259 \u0259sas k\u00fc\u00e7\u0259 olan \u0259razinin h\u0259r iki t\u0259r\u0259find\u0259 bitki \u00f6rt\u00fcy\u00fc xarabal\u0131\u011f\u0131 z\u0259bt edib. A\u011fdam\u0131n yenid\u0259n qurulmas\u0131 \u00fcz\u0259rind\u0259 i\u015fl\u0259y\u0259n qruplar istisna olmaqla, \u015f\u0259h\u0259r tamamil\u0259 bo\u015fdur\u201d, &#8211; dey\u0259 o, v\u0259ziyy\u0259ti t\u0259svir edib.<\/p>\n<p>J.D.Mer\u015fenin s\u00f6zl\u0259rin\u0259 g\u00f6r\u0259, t\u0259kc\u0259 A\u011fdamda son \u00fc\u00e7 ild\u0259 21 min piyada \u0259leyhin\u0259, tank \u0259leyhin\u0259 mina v\u0259 partlamam\u0131\u015f h\u0259rbi sursat tap\u0131l\u0131b.<\/p>\n<p>M\u00fc\u0259llif \u015f\u0259h\u0259rd\u0259 g\u00f6r\u00fcl\u0259n quruculuq i\u015fl\u0259rin\u0259 d\u0259 toxunub.<\/p>\n<p>\u201c\u015e\u0259h\u0259rin xarabal\u0131qlar\u0131n\u0131n ortas\u0131nda T\u00fcrkiy\u0259nin d\u0259 d\u0259st\u0259yi il\u0259 tikil\u0259n m\u00fcasir binalar v\u0259 konqres m\u0259rk\u0259zi var. \u018fvv\u0259ll\u0259r erm\u0259ni sakinl\u0259r t\u0259r\u0259find\u0259n in\u0259k v\u0259 donuzlar \u00fc\u00e7\u00fcn t\u00f6vl\u0259 kimi istifad\u0259 olunan q\u0259dim m\u0259scid Avstriya \u015firk\u0259ti t\u0259r\u0259find\u0259n b\u0259rpa olunur. Vaxtil\u0259 erm\u0259ni h\u0259rb\u00e7il\u0259ri \u00fc\u00e7\u00fcn m\u00fc\u015fahid\u0259 m\u0259nt\u0259q\u0259si olan bu ibad\u0259t oca\u011f\u0131n\u0131n qo\u015fa minar\u0259si d\u0259 qorunub saxlan\u0131l\u0131b\u201d, &#8211; dey\u0259 m\u00fc\u0259llif qeyd edib.<\/p>\n<p>M\u0259qal\u0259d\u0259 A\u011fdam\u0131n ya\u015f\u0131l enerji zonas\u0131 v\u0259 \u201ca\u011f\u0131ll\u0131\u201d \u015f\u0259h\u0259r olaca\u011f\u0131 il\u0259 ba\u011fl\u0131 da m\u0259lumatlar verilir, bildirilir ki, Az\u0259rbaycan\u0131n bir s\u0131ra iri \u015firk\u0259tl\u0259ri bu layih\u0259y\u0259 s\u0259f\u0259rb\u0259r olunub.<\/p>\n<p>J.D.Mer\u015fe Az\u0259rbaycan\u0131n \u00fcmummilli arzusu olan \u201cB\u00f6y\u00fck Qay\u0131d\u0131\u015f\u201d bar\u0259d\u0259 d\u0259 b\u0259hs edib v\u0259 m\u00fcv\u0259qq\u0259ti k\u00f6\u00e7k\u00fcnl\u0259rimizin \u00f6z \u0259razil\u0259rin\u0259 qay\u0131tmas\u0131 bar\u0259d\u0259 dan\u0131\u015f\u0131b.<\/p>\n<p>\u201cS\u0259lahiyy\u0259tlil\u0259rin fikrinc\u0259, b\u0259lk\u0259 d\u0259 2040-c\u0131 ild\u0259 orada 100 000-\u0259 q\u0259d\u0259r sakin ya\u015fayacaq. Art\u0131q magistral\u0131n bir hiss\u0259si tikilib. Paytaxt Bak\u0131 avtomobill\u0259 d\u00f6rdsaatl\u0131q m\u0259saf\u0259d\u0259dir\u201d, &#8211; dey\u0259 o\u00a0bildirib.<\/p>\n<p>M\u0259qal\u0259nin sonunda m\u00fc\u0259llif Az\u0259rbaycan\u0131n ikinci m\u00fcst\u0259qilliyini \u0259ld\u0259 etdikd\u0259n 32 il sonra yenid\u0259n \u0259razi b\u00fct\u00f6vl\u00fcy\u00fcn\u00fc v\u0259 milli suverenliyini b\u0259rpa etdiyini bildirib v\u0259 vur\u011fulay\u0131b ki, Bak\u0131 \u00fc\u00e7\u00fcn Qaraba\u011fda yenid\u0259n ya\u015fay\u0131\u015f\u0131n b\u0259rpas\u0131 \u0259sas strateji m\u0259s\u0259l\u0259dir.<\/p>\n","protected":false},"excerpt":{"rendered":"<p>\u201cErm\u0259nil\u0259rin Qaraba\u011f\u0131 t\u0259rk etm\u0259sind\u0259n bir ne\u00e7\u0259 h\u0259ft\u0259 sonra hadis\u0259l\u0259rin Fransada nadir hallarda e\u015fidil\u0259n Az\u0259rbaycan variant\u0131n\u0131 dinl\u0259m\u0259y\u0259 getdik\u201d. ARANTV.AZ-\u0131n m\u0259lumat\u0131na g\u00f6r\u0259, bu bar\u0259d\u0259 tan\u0131nm\u0131\u015f jurnalist Jan-Dominik Mer\u015fenin Fransan\u0131n n\u00fcfuzlu\u00a0\u201cL&#8217;Opinion\u201d q\u0259zetind\u0259\u00a0Az\u0259rbaycana, Z\u0259f\u0259r G\u00fcn\u00fcn\u0259 v\u0259 \u201cB\u00f6y\u00fck Qay\u0131d\u0131\u015f\u201da h\u0259sr olunan m\u0259qal\u0259sind\u0259 bildirilir. M\u00fc\u0259llif bir m\u00fcdd\u0259t \u0259vv\u0259l \u00f6lk\u0259mizd\u0259 s\u0259f\u0259rd\u0259 olub, Az\u0259rbaycan Prezidentinin k\u00f6m\u0259k\u00e7isi,\u00a0Prezident Administrasiyas\u0131n\u0131n Xarici siyas\u0259t m\u0259s\u0259l\u0259l\u0259ri \u015f\u00f6b\u0259sinin m\u00fcdiri Hikm\u0259t Hac\u0131yevl\u0259, Az\u0259rbaycan Prezidentinin x\u00fcsusi tap\u015f\u0131r\u0131qlar \u00fczr\u0259 n\u00fcmay\u0259nd\u0259si El\u00e7in \u018fmirb\u0259yovla, h\u0259m\u00e7inin Qa\u00e7q\u0131nlar\u0131n v\u0259 M\u0259cburi K\u00f6\u00e7k\u00fcnl\u0259rin \u0130\u015fl\u0259ri \u00fczr\u0259 D\u00f6vl\u0259t Komit\u0259sinin s\u0259dri R\u00f6v\u015f\u0259n Rzayevl\u0259 g\u00f6r\u00fc\u015f\u00fcb. J.D.Mer\u015fe m\u0259qal\u0259sind\u0259 Qaraba\u011fda 30 il \u0259rzind\u0259 n\u0259l\u0259r ba\u015f verdiyi, 44 g\u00fcnl\u00fck m\u00fcharib\u0259 v\u0259&hellip;<\/p>\n","protected":false},"author":2,"featured_media":653980,"comment_status":"closed","ping_status":"closed","sticky":false,"template":"","format":"standard","meta":{"om_disable_all_campaigns":false,"_monsterinsights_skip_tracking":false,"_monsterinsights_sitenote_active":false,"_monsterinsights_sitenote_note":"","_monsterinsights_sitenote_category":0},"categories":[4],"tags":[],"aioseo_notices":[],"gutentor_comment":0,"rttpg_featured_image_url":{"full":["https:\/\/arantv.az\/wp-content\/uploads\/2023\/11\/D\u00a1D\u00bdD\u00b8D\u00bcD\u00beDo-N_DoN_D\u00b0D\u00bdD\u00b0-2023-11-07-153214.jpg",620,413,false],"landscape":["https:\/\/arantv.az\/wp-content\/uploads\/2023\/11\/D\u00a1D\u00bdD\u00b8D\u00bcD\u00beDo-N_DoN_D\u00b0D\u00bdD\u00b0-2023-11-07-153214.jpg",620,413,false],"portraits":["https:\/\/arantv.az\/wp-content\/uploads\/2023\/11\/D\u00a1D\u00bdD\u00b8D\u00bcD\u00beDo-N_DoN_D\u00b0D\u00bdD\u00b0-2023-11-07-153214.jpg",620,413,false],"thumbnail":["https:\/\/arantv.az\/wp-content\/uploads\/2023\/11\/D\u00a1D\u00bdD\u00b8D\u00bcD\u00beDo-N_DoN_D\u00b0D\u00bdD\u00b0-2023-11-07-153214-500x280.jpg",500,280,true],"medium":["https:\/\/arantv.az\/wp-content\/uploads\/2023\/11\/D\u00a1D\u00bdD\u00b8D\u00bcD\u00beDo-N_DoN_D\u00b0D\u00bdD\u00b0-2023-11-07-153214-548x365.jpg",548,365,true],"large":["https:\/\/arantv.az\/wp-content\/uploads\/2023\/11\/D\u00a1D\u00bdD\u00b8D\u00bcD\u00beDo-N_DoN_D\u00b0D\u00bdD\u00b0-2023-11-07-153214.jpg",620,413,false],"1536x1536":["https:\/\/arantv.az\/wp-content\/uploads\/2023\/11\/D\u00a1D\u00bdD\u00b8D\u00bcD\u00beDo-N_DoN_D\u00b0D\u00bdD\u00b0-2023-11-07-153214.jpg",620,413,false],"2048x2048":["https:\/\/arantv.az\/wp-content\/uploads\/2023\/11\/D\u00a1D\u00bdD\u00b8D\u00bcD\u00beDo-N_DoN_D\u00b0D\u00bdD\u00b0-2023-11-07-153214.jpg",620,413,false],"post-thumbnail":["https:\/\/arantv.az\/wp-content\/uploads\/2023\/11\/D\u00a1D\u00bdD\u00b8D\u00bcD\u00beDo-N_DoN_D\u00b0D\u00bdD\u00b0-2023-11-07-153214-240x172.jpg",240,172,true],"advps-thumb-one":["https:\/\/arantv.az\/wp-content\/uploads\/2023\/11\/D\u00a1D\u00bdD\u00b8D\u00bcD\u00beDo-N_DoN_D\u00b0D\u00bdD\u00b0-2023-11-07-153214.jpg",620,413,false]},"rttpg_author":{"display_name":"V\u00fcsal Rafiqo\u011flu","author_link":"https:\/\/arantv.az\/?author=2"},"rttpg_comment":0,"rttpg_category":"<a href=\"https:\/\/arantv.az\/?cat=4\" rel=\"category\">Siyas\u0259t<\/a>","rttpg_excerpt":"\u201cErm\u0259nil\u0259rin Qaraba\u011f\u0131 t\u0259rk etm\u0259sind\u0259n bir ne\u00e7\u0259 h\u0259ft\u0259 sonra hadis\u0259l\u0259rin Fransada nadir hallarda e\u015fidil\u0259n Az\u0259rbaycan variant\u0131n\u0131 dinl\u0259m\u0259y\u0259 getdik\u201d. ARANTV.AZ-\u0131n m\u0259lumat\u0131na g\u00f6r\u0259, bu bar\u0259d\u0259 tan\u0131nm\u0131\u015f jurnalist Jan-Dominik Mer\u015fenin Fransan\u0131n n\u00fcfuzlu\u00a0\u201cL&#8217;Opinion\u201d q\u0259zetind\u0259\u00a0Az\u0259rbaycana, Z\u0259f\u0259r G\u00fcn\u00fcn\u0259 v\u0259 \u201cB\u00f6y\u00fck Qay\u0131d\u0131\u015f\u201da h\u0259sr olunan m\u0259qal\u0259sind\u0259 bildirilir. M\u00fc\u0259llif bir m\u00fcdd\u0259t \u0259vv\u0259l \u00f6lk\u0259mizd\u0259 s\u0259f\u0259rd\u0259 olub, Az\u0259rbaycan Prezidentinin k\u00f6m\u0259k\u00e7isi,\u00a0Prezident Administrasiyas\u0131n\u0131n Xarici siyas\u0259t m\u0259s\u0259l\u0259l\u0259ri \u015f\u00f6b\u0259sinin m\u00fcdiri Hikm\u0259t&hellip;","_links":{"self":[{"href":"https:\/\/arantv.az\/index.php?rest_route=\/wp\/v2\/posts\/653978"}],"collection":[{"href":"https:\/\/arantv.az\/index.php?rest_route=\/wp\/v2\/posts"}],"about":[{"href":"https:\/\/arantv.az\/index.php?rest_route=\/wp\/v2\/types\/post"}],"author":[{"embeddable":true,"href":"https:\/\/arantv.az\/index.php?rest_route=\/wp\/v2\/users\/2"}],"replies":[{"embeddable":true,"href":"https:\/\/arantv.az\/index.php?rest_route=%2Fwp%2Fv2%2Fcomments&post=653978"}],"version-history":[{"count":0,"href":"https:\/\/arantv.az\/index.php?rest_route=\/wp\/v2\/posts\/653978\/revisions"}],"wp:featuredmedia":[{"embeddable":true,"href":"https:\/\/arantv.az\/index.php?rest_route=\/wp\/v2\/media\/653980"}],"wp:attachment":[{"href":"https:\/\/arantv.az\/index.php?rest_route=%2Fwp%2Fv2%2Fmedia&parent=653978"}],"wp:term":[{"taxonomy":"category","embeddable":true,"href":"https:\/\/arantv.az\/index.php?rest_route=%2Fwp%2Fv2%2Fcategories&post=653978"},{"taxonomy":"post_tag","embeddable":true,"href":"https:\/\/arantv.az\/index.php?rest_route=%2Fwp%2Fv2%2Ftags&post=653978"}],"curies":[{"name":"wp","href":"https:\/\/api.w.org\/{rel}","templated":true}]}}