{"id":653982,"date":"2023-11-07T15:48:21","date_gmt":"2023-11-07T11:48:21","guid":{"rendered":"https:\/\/arantv.az\/?p=653982"},"modified":"2023-11-07T15:48:21","modified_gmt":"2023-11-07T11:48:21","slug":"sovetskid%c9%99-isl%c9%99r-niy%c9%99-yarimciq-qalib","status":"publish","type":"post","link":"https:\/\/arantv.az\/?p=653982","title":{"rendered":"\u201cSovetski\u201dd\u0259 i\u015fl\u0259r niy\u0259 yar\u0131m\u00e7\u0131q qal\u0131b?"},"content":{"rendered":"<p>\u201cSovetski\u201d \u0259razisind\u0259ki M\u0259rk\u0259zi Park\u0131n davam\u0131n\u0131n n\u0259 vaxt sal\u0131naca\u011f\u0131 il\u0259 ba\u011fl\u0131 m\u0259s\u0259l\u0259 \u00f6z aktuall\u0131\u011f\u0131n\u0131 saxlamaqdad\u0131r. S\u00f6hb\u0259t Abdulla \u015eaiq k\u00fc\u00e7\u0259si il\u0259 T\u0259z\u0259pir\u00a0m\u0259scidi aras\u0131ndak\u0131 \u0259razid\u0259n gedir. U\u00e7uq-s\u00f6k\u00fck m\u0259nz\u0259r\u0259si il\u0259 se\u00e7il\u0259n bo\u015f sah\u0259 sahibsiz itl\u0259rin, narkomanlar\u0131n v\u0259 k\u00fcl\u0259yin g\u0259tirdiyi m\u0259i\u015f\u0259t tullant\u0131lar\u0131n\u0131n m\u0259sk\u0259nin\u0259 \u00e7evrilib.<\/p>\n<p>Bak\u0131n\u0131n simas\u0131n\u0131 v\u0259 panoram\u0131n\u0131 \u0259ks etdir\u0259n \u0259razinin n\u0259 zaman abadla\u015fd\u0131r\u0131laca\u011f\u0131 v\u0259 bo\u015f sah\u0259d\u0259 t\u0259k-t\u00fck qalan gec\u0259qondular\u0131n s\u00f6k\u00fcl\u0259c\u0259yi h\u0259l\u0259 d\u0259 sual do\u011furur.<\/p>\n<p>Qeyd ed\u0259k ki, m\u0259s\u0259l\u0259 il\u0259 ba\u011fl\u0131 Yasamal Rayon \u0130cra Hakimiyy\u0259tinin \u018frazi idar\u0259etm\u0259 v\u0259 yerli \u00f6z\u00fcn\u00fcidar\u0259etm\u0259 orqanlar\u0131 il\u0259 i\u015f \u015f\u00f6b\u0259sinin ba\u015f m\u0259sl\u0259h\u0259t\u00e7isi Elnur Ta\u011f\u0131yev Bizim.media-ya a\u00e7\u0131qlamas\u0131nda bildirib ki, abadla\u015fd\u0131rma i\u015fl\u0259rin\u0259 ba\u015flan\u0131lmas\u0131 Maliyy\u0259 Nazirliyind\u0259n as\u0131l\u0131d\u0131r.<\/p>\n<p>Maliyy\u0259 Nazirliyinin \u0130ctimaiyy\u0259tl\u0259 \u0259laq\u0259l\u0259r v\u0259 v\u0259t\u0259nda\u015f m\u00fcraci\u0259tl\u0259ri il\u0259 i\u015f \u015f\u00f6b\u0259sinin m\u00fcdiri Mayis Piriyevin s\u00f6zl\u0259rin\u0259 g\u00f6r\u0259, Bak\u0131 \u015f\u0259h\u0259rinin Ba\u015f Plan\u0131na uy\u011fun olaraq Yasamal rayonunun ke\u00e7mi\u015f \u201cSovetski\u201d adlanan \u0259razisind\u0259 ya\u015fay\u0131\u015f v\u0259 qeyri-ya\u015fay\u0131\u015f obyektl\u0259rinin, o c\u00fcml\u0259d\u0259n evl\u0259rin sat\u0131n al\u0131nmas\u0131, k\u00f6\u00e7\u00fcr\u00fclm\u0259si Nazirl\u0259r Kabinetinin 16 fevral 2018-ci il tarixli 51 n\u00f6mr\u0259li Q\u0259rar\u0131 il\u0259 \u0259sas orqan kimi Yasamal Rayon \u0130cra Hakimiyy\u0259tin\u0259 h\u0259val\u0259 olunub.<\/p>\n<p>\u201cOna g\u00f6r\u0259 d\u0259 Maliyy\u0259 Nazirliyin\u0259 yox, aidiyy\u0259ti \u00fczr\u0259 Yasamal R\u0130H-\u0259 m\u00fcraci\u0259t etm\u0259yinizi t\u00f6vsiy\u0259 edirik. Bu prosesl\u0259r Yasamal Rayon \u0130cra Hakimiyy\u0259ti t\u0259r\u0259find\u0259n m\u00fcvafiq qaydada t\u0259\u015fkil edilmi\u015f \u201cDa\u015f\u0131nmaz \u0259mlak\u0131n al\u0131nmas\u0131 qrupu\u201d vasit\u0259sil\u0259 h\u0259yata ke\u00e7irilir\u201d, &#8211; dey\u0259 Mayis Piriyev \u0259lav\u0259 edib.<\/p>\n<p>Xat\u0131rladaq ki, Prezident\u00a0<strong>\u0130lham \u018fliyevin<\/strong>\u00a0\u201cBak\u0131 \u015f\u0259h\u0259rinin Yasamal rayonu \u0259razisind\u0259 F\u00fczuli meydan\u0131n\u0131n \u0259traf\u0131ndak\u0131 yol-n\u0259qliyyat infrastrukturunun yax\u015f\u0131la\u015fd\u0131r\u0131lmas\u0131 v\u0259 abadl\u0131q i\u015fl\u0259rinin apar\u0131lmas\u0131 il\u0259 ba\u011fl\u0131 b\u0259zi t\u0259dbirl\u0259r haqq\u0131nda\u201d 2016-c\u0131 il 4 avqust tarixli, el\u0259c\u0259 d\u0259 \u201cT\u0259z\u0259pir m\u0259scidi kompleksinin \u0259traf \u0259razisinin abadla\u015fd\u0131r\u0131lmas\u0131 il\u0259 \u0259laq\u0259dar t\u0259dbirl\u0259r haqq\u0131nda\u201d 2016-c\u0131 il 5 avqust tarixli s\u0259r\u0259ncamlar\u0131 var.<\/p>\n<p>H\u0259min s\u0259r\u0259ncamlara \u0259sas\u0259n, \u201cT\u0259z\u0259pir m\u0259scidi kompleksini ziyar\u0259t ed\u0259nl\u0259r \u00fc\u00e7\u00fcn parklama imkanlar\u0131n\u0131n yarad\u0131lmas\u0131 i\u015fl\u0259ri\u201d layih\u0259sinin II m\u0259rh\u0259l\u0259si tam yekunla\u015fd\u0131r\u0131lsa da, Abdulla \u015eaiq k\u00fc\u00e7\u0259si il\u0259 T\u0259z\u0259pir\u00a0m\u0259scidi aras\u0131ndak\u0131 \u0259razid\u0259 i\u015fl\u0259r h\u0259l\u0259\u00a0yar\u0131m\u00e7\u0131q qal\u0131b.<\/p>\n<p>H\u0259tta Bak\u0131 \u015f\u0259h\u0259rinin Ba\u015f Plan\u0131n\u0131n icras\u0131 il\u0259 \u0259laq\u0259dar Yasamal Rayon \u0130cra Hakimiyy\u0259ti t\u0259r\u0259find\u0259n \u201cSovetski\u201d adlanan \u0259razid\u0259 k\u00f6\u00e7\u00fcrm\u0259 v\u0259 da\u015f\u0131nmaz \u0259mlak\u0131n s\u00f6k\u00fclm\u0259si i\u015fl\u0259ri d\u0259 tam yekunla\u015fmay\u0131b.<\/p>\n<p>Onu da bildir\u0259k ki, \u00f6lk\u0259 ba\u015f\u00e7\u0131s\u0131n\u0131n g\u00f6st\u0259ri\u015fl\u0259rin\u0259 \u0259sas\u0259n, \u00fcmumilikd\u0259 26 hektar \u0259razini \u0259hat\u0259 ed\u0259n ke\u00e7mi\u015f \u201cSovetski\u201d adlanan \u0259razid\u0259 abadl\u0131q v\u0259 yenid\u0259nqurma i\u015fl\u0259rin\u0259 2013-c\u00fc ilin noyabr ay\u0131nda start verilib v\u0259 i\u015fl\u0259r m\u0259rh\u0259l\u0259li \u015f\u0259kild\u0259 icra olunur.<\/p>\n","protected":false},"excerpt":{"rendered":"<p>\u201cSovetski\u201d \u0259razisind\u0259ki M\u0259rk\u0259zi Park\u0131n davam\u0131n\u0131n n\u0259 vaxt sal\u0131naca\u011f\u0131 il\u0259 ba\u011fl\u0131 m\u0259s\u0259l\u0259 \u00f6z aktuall\u0131\u011f\u0131n\u0131 saxlamaqdad\u0131r. S\u00f6hb\u0259t Abdulla \u015eaiq k\u00fc\u00e7\u0259si il\u0259 T\u0259z\u0259pir\u00a0m\u0259scidi aras\u0131ndak\u0131 \u0259razid\u0259n gedir. U\u00e7uq-s\u00f6k\u00fck m\u0259nz\u0259r\u0259si il\u0259 se\u00e7il\u0259n bo\u015f sah\u0259 sahibsiz itl\u0259rin, narkomanlar\u0131n v\u0259 k\u00fcl\u0259yin g\u0259tirdiyi m\u0259i\u015f\u0259t tullant\u0131lar\u0131n\u0131n m\u0259sk\u0259nin\u0259 \u00e7evrilib. Bak\u0131n\u0131n simas\u0131n\u0131 v\u0259 panoram\u0131n\u0131 \u0259ks etdir\u0259n \u0259razinin n\u0259 zaman abadla\u015fd\u0131r\u0131laca\u011f\u0131 v\u0259 bo\u015f sah\u0259d\u0259 t\u0259k-t\u00fck qalan gec\u0259qondular\u0131n s\u00f6k\u00fcl\u0259c\u0259yi h\u0259l\u0259 d\u0259 sual do\u011furur. Qeyd ed\u0259k ki, m\u0259s\u0259l\u0259 il\u0259 ba\u011fl\u0131 Yasamal Rayon \u0130cra Hakimiyy\u0259tinin \u018frazi idar\u0259etm\u0259 v\u0259 yerli \u00f6z\u00fcn\u00fcidar\u0259etm\u0259 orqanlar\u0131 il\u0259 i\u015f \u015f\u00f6b\u0259sinin ba\u015f m\u0259sl\u0259h\u0259t\u00e7isi Elnur Ta\u011f\u0131yev Bizim.media-ya a\u00e7\u0131qlamas\u0131nda bildirib ki, abadla\u015fd\u0131rma i\u015fl\u0259rin\u0259 ba\u015flan\u0131lmas\u0131&hellip;<\/p>\n","protected":false},"author":2,"featured_media":653985,"comment_status":"closed","ping_status":"closed","sticky":false,"template":"","format":"standard","meta":{"om_disable_all_campaigns":false,"_monsterinsights_skip_tracking":false,"_monsterinsights_sitenote_active":false,"_monsterinsights_sitenote_note":"","_monsterinsights_sitenote_category":0},"categories":[1],"tags":[],"aioseo_notices":[],"gutentor_comment":0,"rttpg_featured_image_url":{"full":["https:\/\/arantv.az\/wp-content\/uploads\/2023\/11\/FotoJet-2-9.jpg",620,413,false],"landscape":["https:\/\/arantv.az\/wp-content\/uploads\/2023\/11\/FotoJet-2-9.jpg",620,413,false],"portraits":["https:\/\/arantv.az\/wp-content\/uploads\/2023\/11\/FotoJet-2-9.jpg",620,413,false],"thumbnail":["https:\/\/arantv.az\/wp-content\/uploads\/2023\/11\/FotoJet-2-9-500x280.jpg",500,280,true],"medium":["https:\/\/arantv.az\/wp-content\/uploads\/2023\/11\/FotoJet-2-9-548x365.jpg",548,365,true],"large":["https:\/\/arantv.az\/wp-content\/uploads\/2023\/11\/FotoJet-2-9.jpg",620,413,false],"1536x1536":["https:\/\/arantv.az\/wp-content\/uploads\/2023\/11\/FotoJet-2-9.jpg",620,413,false],"2048x2048":["https:\/\/arantv.az\/wp-content\/uploads\/2023\/11\/FotoJet-2-9.jpg",620,413,false],"post-thumbnail":["https:\/\/arantv.az\/wp-content\/uploads\/2023\/11\/FotoJet-2-9-240x172.jpg",240,172,true],"advps-thumb-one":["https:\/\/arantv.az\/wp-content\/uploads\/2023\/11\/FotoJet-2-9.jpg",620,413,false]},"rttpg_author":{"display_name":"V\u00fcsal Rafiqo\u011flu","author_link":"https:\/\/arantv.az\/?author=2"},"rttpg_comment":0,"rttpg_category":"<a href=\"https:\/\/arantv.az\/?cat=1\" rel=\"category\">C\u0259miyy\u0259t<\/a>","rttpg_excerpt":"\u201cSovetski\u201d \u0259razisind\u0259ki M\u0259rk\u0259zi Park\u0131n davam\u0131n\u0131n n\u0259 vaxt sal\u0131naca\u011f\u0131 il\u0259 ba\u011fl\u0131 m\u0259s\u0259l\u0259 \u00f6z aktuall\u0131\u011f\u0131n\u0131 saxlamaqdad\u0131r. S\u00f6hb\u0259t Abdulla \u015eaiq k\u00fc\u00e7\u0259si il\u0259 T\u0259z\u0259pir\u00a0m\u0259scidi aras\u0131ndak\u0131 \u0259razid\u0259n gedir. U\u00e7uq-s\u00f6k\u00fck m\u0259nz\u0259r\u0259si il\u0259 se\u00e7il\u0259n bo\u015f sah\u0259 sahibsiz itl\u0259rin, narkomanlar\u0131n v\u0259 k\u00fcl\u0259yin g\u0259tirdiyi m\u0259i\u015f\u0259t tullant\u0131lar\u0131n\u0131n m\u0259sk\u0259nin\u0259 \u00e7evrilib. Bak\u0131n\u0131n simas\u0131n\u0131 v\u0259 panoram\u0131n\u0131 \u0259ks etdir\u0259n \u0259razinin n\u0259 zaman abadla\u015fd\u0131r\u0131laca\u011f\u0131 v\u0259 bo\u015f sah\u0259d\u0259 t\u0259k-t\u00fck qalan gec\u0259qondular\u0131n&hellip;","_links":{"self":[{"href":"https:\/\/arantv.az\/index.php?rest_route=\/wp\/v2\/posts\/653982"}],"collection":[{"href":"https:\/\/arantv.az\/index.php?rest_route=\/wp\/v2\/posts"}],"about":[{"href":"https:\/\/arantv.az\/index.php?rest_route=\/wp\/v2\/types\/post"}],"author":[{"embeddable":true,"href":"https:\/\/arantv.az\/index.php?rest_route=\/wp\/v2\/users\/2"}],"replies":[{"embeddable":true,"href":"https:\/\/arantv.az\/index.php?rest_route=%2Fwp%2Fv2%2Fcomments&post=653982"}],"version-history":[{"count":0,"href":"https:\/\/arantv.az\/index.php?rest_route=\/wp\/v2\/posts\/653982\/revisions"}],"wp:featuredmedia":[{"embeddable":true,"href":"https:\/\/arantv.az\/index.php?rest_route=\/wp\/v2\/media\/653985"}],"wp:attachment":[{"href":"https:\/\/arantv.az\/index.php?rest_route=%2Fwp%2Fv2%2Fmedia&parent=653982"}],"wp:term":[{"taxonomy":"category","embeddable":true,"href":"https:\/\/arantv.az\/index.php?rest_route=%2Fwp%2Fv2%2Fcategories&post=653982"},{"taxonomy":"post_tag","embeddable":true,"href":"https:\/\/arantv.az\/index.php?rest_route=%2Fwp%2Fv2%2Ftags&post=653982"}],"curies":[{"name":"wp","href":"https:\/\/api.w.org\/{rel}","templated":true}]}}