{"id":653984,"date":"2023-11-07T15:48:31","date_gmt":"2023-11-07T11:48:31","guid":{"rendered":"https:\/\/arantv.az\/?p=653984"},"modified":"2023-11-07T15:48:31","modified_gmt":"2023-11-07T11:48:31","slug":"az%c9%99rbaycan-avropa-%c9%99laq%c9%99l%c9%99rinin-genisl%c9%99nm%c9%99si-v%c9%99-ai-r%c9%99hb%c9%99rl%c9%99rinin-f%c9%99rqli-movqeyi-s%c9%99rh-foto","status":"publish","type":"post","link":"https:\/\/arantv.az\/?p=653984","title":{"rendered":"Az\u0259rbaycan-Avropa \u0259laq\u0259l\u0259rinin geni\u015fl\u0259nm\u0259si v\u0259 A\u0130 r\u0259hb\u0259rl\u0259rinin f\u0259rqli m\u00f6vqeyi &#8211; \u015e\u018fRH + FOTO"},"content":{"rendered":"<p>Avropa \u0130ttifaq\u0131n\u0131n (A\u0130) h\u0259d\u0259fl\u0259rind\u0259n biri d\u0259 d\u00fcnyada g\u00fcc m\u0259rk\u0259zi olaraq \u00e7\u0131x\u0131\u015f etm\u0259kdir. \u0130kinci D\u00fcnya m\u00fcharib\u0259sind\u0259n sonra Almaniya v\u0259 Fransa kimi biri-birin\u0259 tarixi zidd q\u00fcvv\u0259nin ba\u015f\u00e7\u0131l\u0131\u011f\u0131 il\u0259 bu beyn\u0259lxalq birliyin t\u0259sis edilm\u0259si d\u0259 bunu t\u0259sdiql\u0259yir. Ancaq \u00f6t\u0259n ill\u0259r \u0259rzind\u0259 bu qurumun apar\u0131c\u0131 g\u00fcc\u00fc g\u00f6r\u00fcnm\u0259di.<\/p>\n<p>Bunun s\u0259b\u0259bl\u0259rind\u0259n biri, he\u00e7 \u015f\u00fcbh\u0259siz ki, idar\u0259\u00e7ilikl\u0259 ba\u011fl\u0131d\u0131r. M\u00f6vcud oldu\u011fu ill\u0259rd\u0259 ittifaqda bir s\u0131ra cinay\u0259tl\u0259r ba\u015f verib. Qanundank\u0259nar i\u015fl\u0259r daha \u00e7ox lobbi\u00e7ilik f\u0259aliyy\u0259ti il\u0259 ba\u011fl\u0131 olur. Avropa \u0130ttifaq\u0131 parlamenti s\u0259drinin m\u00fcavini Eva Kaylinin d\u0259 \u00fczv\u00fc oldu\u011fu cinay\u0259tkar qrupun t\u00f6r\u0259tdiyi \u0259m\u0259ll\u0259ri yada salmaq kifay\u0259t ed\u0259r.<\/p>\n<p>Avropa Parlamentind\u0259 Az\u0259rbaycan v\u0259 T\u00fcrkiy\u0259y\u0259 qar\u015f\u0131 korrupsiya il\u0259 m\u0259\u015f\u011ful olan erm\u0259ni lobbisi f\u0259aliyy\u0259t g\u00f6st\u0259rib.<\/p>\n<p><img src=\"https:\/\/cdn.oxu.az\/uploads\/W1siZiIsIjIwMjMvMTEvMDcvMTMvNTQvMzEvNmE5ZGQ4NTItMGI5Yy00M2QwLWFmM2MtOGNkNjQ1NWJhMDlmLzNkYzk1ODU4LWYyYTktMzlkZi05MTFkLTFlZWU5YjRjMWUwZC5qcGciXSxbInAiLCJlbmNvZGUiLCJqcGciLCItcXVhbGl0eSA4MCJdLFsicCIsInRodW1iIiwiNTkweDU5MFx1MDAzZSJdXQ?sha=ffb80a130dd72452\" alt=\"\" \/><\/p>\n<p>Avropa \u0130ttifaq\u0131 r\u0259hb\u0259rliyinin Az\u0259rbaycanla Erm\u0259nistan aras\u0131nda vasit\u0259\u00e7ilik c\u0259hdl\u0259rini d\u0259 u\u011furlu saymaq olmaz. \u0130spaniyan\u0131n Qranada \u015f\u0259h\u0259rind\u0259 oktyabr\u0131n 5-d\u0259 planla\u015fd\u0131r\u0131lan be\u015ft\u0259r\u0259fli g\u00f6r\u00fc\u015fd\u0259n r\u0259smi Bak\u0131n\u0131n imtina etm\u0259si buna \u00f6rn\u0259kdir. Buna s\u0259b\u0259b n\u0259z\u0259rd\u0259 tutulan be\u015ft\u0259r\u0259fli g\u00f6r\u00fc\u015fd\u0259 i\u015ftirak\u00e7\u0131 olan Fransan\u0131n destruktiv m\u00f6vqe tutmas\u0131, el\u0259c\u0259 d\u0259 Paris v\u0259 Berlinin T\u00fcrkiy\u0259nin g\u00f6r\u00fc\u015fd\u0259 i\u015ftirak etm\u0259si il\u0259 ba\u011fl\u0131 fikir ayr\u0131l\u0131\u011f\u0131 idi.<\/p>\n<p>Bu qurumun r\u0259hb\u0259rl\u0259ri \u00f6z \u00f6lk\u0259l\u0259rind\u0259 hakimiyy\u0259td\u0259 olduqlar\u0131 ill\u0259rd\u0259 d\u0259 probleml\u0259rin h\u0259llind\u0259 acizlik g\u00f6st\u0259ribl\u0259r. M\u0259s\u0259l\u0259n, Avropa \u0130ttifaq\u0131 \u015euras\u0131n\u0131n s\u0259dri \u015earl Mi\u015fel Bel\u00e7ikada ba\u015f nazir olark\u0259n h\u00f6kum\u0259ti antimiqrasiya siyas\u0259ti y\u00fcr\u00fcd\u00fcb. Bu d\u00fc\u015f\u00fcnc\u0259nin ittifaqa g\u0259tirilm\u0259diyin\u0259 \u015f\u00fcbh\u0259 yoxdur. Kompromis ustas\u0131 say\u0131lan Mi\u015fel Erm\u0259nistan-Az\u0259rbaycan m\u00fcnasib\u0259tl\u0259rinin normalla\u015fmas\u0131 istiqam\u0259tind\u0259 apar\u0131lan dan\u0131\u015f\u0131qlarda t\u0259r\u0259fli g\u00f6r\u00fcnd\u00fc. Bununla da diplomatik f\u0259aliyy\u0259t c\u0259hdi u\u011fursuz oldu.<\/p>\n<p>Xarici i\u015fl\u0259r v\u0259 t\u0259hl\u00fck\u0259sizlik siyas\u0259ti \u00fczr\u0259 Avropa \u0130ttifaq\u0131n\u0131n ali n\u00fcmay\u0259nd\u0259si Jozep Borreli d\u0259 u\u011furlu r\u0259hb\u0259r saymaq olmaz. \u0130spaniyada xarici i\u015fl\u0259r naziri i\u015fl\u0259y\u0259rk\u0259n krall\u0131\u011f\u0131n \u0259razi b\u00fct\u00f6vl\u00fcy\u00fc il\u0259 ba\u011fl\u0131 m\u0259s\u0259l\u0259nin h\u0259llin\u0259 yard\u0131m ed\u0259 bilm\u0259yib. \u018fksin\u0259, onun m\u00f6vqeyi etnik ehtiraslar\u0131n q\u0131z\u0131\u015fmas\u0131na s\u0259b\u0259b olub. Odur ki, Jozep Borrelin d\u00fcnyada ba\u015f ver\u0259n m\u00fcxt\u0259lif m\u00fcnaqi\u015f\u0259l\u0259r\u0259 m\u00fcnasib\u0259ti d\u0259 yar\u0131m\u00e7\u0131q g\u00f6r\u00fcn\u00fcr. Onun ba\u015f\u00e7\u0131l\u0131q etdiyi sah\u0259 vahid bazar v\u0259 ortaq pul toplusu sah\u0259sind\u0259 u\u011fur qazana bilm\u0259yib.<\/p>\n<p><img src=\"https:\/\/cdn.oxu.az\/uploads\/W1siZiIsIjIwMjMvMTEvMDcvMTMvNTQvMzEvYmM1ZWE4MmItYzE1Ny00NzNhLTlkOWUtOWFjZWExMjM5M2JmLzBlNmIzZDMyLTE1MDUtMzllNS04ODFjLWJlYzZjODNkM2Q5Ny5qcGciXSxbInAiLCJlbmNvZGUiLCJqcGciLCItcXVhbGl0eSA4MCJdLFsicCIsInRodW1iIiwiNTkweDU5MFx1MDAzZSJdXQ?sha=b4328ffe18ebbbd4\" alt=\"\" \/><\/p>\n<p>Avropa \u0130ttifaq\u0131 r\u0259hb\u0259rliyind\u0259 bel\u0259 yar\u0131m\u00e7\u0131q siyasi xadiml\u0259r f\u0259aliyy\u0259t g\u00f6st\u0259rs\u0259 d\u0259, quruma \u00fczv \u00f6lk\u0259l\u0259rl\u0259 Az\u0259rbaycan\u0131n iqtisadi-ticari, siyasi-dilplomatik v\u0259 m\u0259d\u0259ni \u0259laq\u0259l\u0259ri daha y\u00fcks\u0259k s\u0259viyy\u0259d\u0259dir.<\/p>\n<p>\u00d6t\u0259n g\u00fcn Xorvatiyan\u0131n Ba\u015f naziri Andrey Plenkovi\u00e7in Az\u0259rbaycana s\u0259f\u0259ri bunu t\u0259sdiql\u0259y\u0259n \u00e7oxsayl\u0131 faktlardand\u0131r.<\/p>\n<p>Az\u0259rbaycan Prezidenti\u00a0<strong>\u0130lham \u018fliyevin<\/strong>\u00a0Xorvatiyan\u0131n Ba\u015f naziri Andrey Plenkovi\u00e7 il\u0259 t\u0259kb\u0259t\u0259k g\u00f6r\u00fc\u015f\u00fc olub. G\u00f6r\u00fc\u015fd\u0259 iki \u00f6lk\u0259 aras\u0131nda iqtisadi-ticar\u0259t \u0259laq\u0259l\u0259rin geni\u015fl\u0259ndirilm\u0259si, energetika, turizm v\u0259 dig\u0259r sah\u0259l\u0259rd\u0259 \u0259m\u0259kda\u015fl\u0131q m\u0259s\u0259l\u0259l\u0259ri m\u00fczakir\u0259 olunub.<img src=\"https:\/\/cdn.oxu.az\/uploads\/W1siZiIsIjIwMjMvMTEvMDcvMTMvNTQvMzEvYTJkOWVkODQtZmU3Ni00NDAzLWFhOTUtMGEyZjVjNjFhMDAxL2M4YWM3ZGZhLWQ5ZGUtM2NiOS05YzA4LTE3Y2RjZmUwY2Y2YS5qcGciXSxbInAiLCJlbmNvZGUiLCJqcGciLCItcXVhbGl0eSA4MCJdLFsicCIsInRodW1iIiwiNTkweDU5MFx1MDAzZSJdXQ?sha=6e48511b082a9739\" alt=\"\" \/>\u00c7exiya, Rum\u0131niya, Bolqar\u0131stan, Pol\u015fa, Slovakiya, Sloveniya, Monteneqro, Macar\u0131stan, \u0130taliya, Niderland Krall\u0131\u011f\u0131 v\u0259 Avropa \u0130ttifaq\u0131na \u00fczv olan ba\u015fqa d\u00f6vl\u0259tl\u0259rin liderl\u0259rinin s\u0259f\u0259rl\u0259ri Az\u0259rbaycana mara\u011f\u0131n y\u00fcks\u0259k oldu\u011funu g\u00f6st\u0259rir. Son \u00fc\u00e7 ild\u0259 A\u0130 \u00f6lk\u0259l\u0259ri il\u0259 Az\u0259rbaycan aras\u0131nda ticar\u0259t d\u00f6vriyy\u0259si h\u0259cminin artmas\u0131 da buna s\u00fcbutdur.<\/p>\n<p>Az\u0259rbaycan\u0131n ittifaq \u00fczvl\u0259ri il\u0259 \u0259laq\u0259l\u0259ri v\u0259 \u0259m\u0259kda\u015fl\u0131\u011f\u0131 enerji t\u0259hl\u00fck\u0259sizliyi sah\u0259sind\u0259 d\u0259 \u00f6z\u00fcn\u00fc g\u00f6st\u0259rir. R\u0259smi Bak\u0131 ittifaq\u0131n bu istiqam\u0259td\u0259 \u0259n etibarl\u0131 t\u0259r\u0259fda\u015f\u0131 olaraq \u00e7\u0131x\u0131\u015f edir.<\/p>\n<p>A\u0130-y\u0259 \u00fczv \u00f6lk\u0259l\u0259rl\u0259 \u0259laq\u0259l\u0259rin geni\u015fl\u0259nm\u0259si, h\u0259min d\u00f6vl\u0259tl\u0259rin liderl\u0259rinin Bak\u0131ya s\u0259f\u0259rl\u0259ri onlar\u0131n Az\u0259rbaycan\u0131n \u0259razi b\u00fct\u00f6vl\u00fcy\u00fcn\u00fc tam b\u0259rpas\u0131na m\u00fcnasib\u0259tinin g\u00f6st\u0259ricisidir. \u015earl Mi\u015fel, Jozep Borrel kimi yar\u0131m\u00e7\u0131q v\u0259 t\u0259r\u0259fli r\u0259hb\u0259rl\u0259rind\u0259n f\u0259rqli olaraq, ittifaq\u0131n ayr\u0131-ayr\u0131 \u00fczvl\u0259ri Az\u0259rbaycan\u0131n \u0259razi b\u00fct\u00f6vl\u00fcy\u00fc, yaxud \u0130r\u0259van\u0131n \u0259sass\u0131z iddialar\u0131n\u0131 dan\u0131\u015f\u0131qlarda m\u00fczakir\u0259 etmirl\u0259r. Odur ki, ittifaq\u0131n erm\u0259nip\u0259r\u0259st, Yelisey saray\u0131n\u0131n g\u00f6st\u0259ri\u015fi il\u0259 f\u0259aliyy\u0259t g\u00f6st\u0259r\u0259n b\u0259zi r\u0259hb\u0259rl\u0259rind\u0259n f\u0259rqli olaraq, quruma \u00fczv d\u00f6vl\u0259t \u00fc\u00e7\u00fcn \u0259razi m\u0259s\u0259l\u0259si bitib. \u0130ndi yeni d\u00f6vr ba\u015flay\u0131b. Avropa \u0130ttifaq\u0131na \u00fczv \u00f6lk\u0259l\u0259r yeni d\u00f6vr v\u0259 \u015f\u0259rait \u00fc\u00e7\u00fcn siyas\u0259t qurur. Bak\u0131-Tbilisi-\u0130r\u0259van \u00fc\u00e7t\u0259r\u0259fli \u0259m\u0259kda\u015fl\u0131\u011f\u0131n perspektivini m\u00fczakir\u0259 edir, ittifaq\u0131n r\u0259hb\u0259rliyi is\u0259 h\u0259l\u0259 d\u0259 vasit\u0259\u00e7ilik missiyas\u0131 arzusundad\u0131r&#8230;<\/p>\n<p><strong>\u201cReport\u201d \u0130nformasiya Agentliyi<\/strong><\/p>\n","protected":false},"excerpt":{"rendered":"<p>Avropa \u0130ttifaq\u0131n\u0131n (A\u0130) h\u0259d\u0259fl\u0259rind\u0259n biri d\u0259 d\u00fcnyada g\u00fcc m\u0259rk\u0259zi olaraq \u00e7\u0131x\u0131\u015f etm\u0259kdir. \u0130kinci D\u00fcnya m\u00fcharib\u0259sind\u0259n sonra Almaniya v\u0259 Fransa kimi biri-birin\u0259 tarixi zidd q\u00fcvv\u0259nin ba\u015f\u00e7\u0131l\u0131\u011f\u0131 il\u0259 bu beyn\u0259lxalq birliyin t\u0259sis edilm\u0259si d\u0259 bunu t\u0259sdiql\u0259yir. Ancaq \u00f6t\u0259n ill\u0259r \u0259rzind\u0259 bu qurumun apar\u0131c\u0131 g\u00fcc\u00fc g\u00f6r\u00fcnm\u0259di. Bunun s\u0259b\u0259bl\u0259rind\u0259n biri, he\u00e7 \u015f\u00fcbh\u0259siz ki, idar\u0259\u00e7ilikl\u0259 ba\u011fl\u0131d\u0131r. M\u00f6vcud oldu\u011fu ill\u0259rd\u0259 ittifaqda bir s\u0131ra cinay\u0259tl\u0259r ba\u015f verib. Qanundank\u0259nar i\u015fl\u0259r daha \u00e7ox lobbi\u00e7ilik f\u0259aliyy\u0259ti il\u0259 ba\u011fl\u0131 olur. Avropa \u0130ttifaq\u0131 parlamenti s\u0259drinin m\u00fcavini Eva Kaylinin d\u0259 \u00fczv\u00fc oldu\u011fu cinay\u0259tkar qrupun t\u00f6r\u0259tdiyi \u0259m\u0259ll\u0259ri yada salmaq kifay\u0259t ed\u0259r. Avropa Parlamentind\u0259 Az\u0259rbaycan&hellip;<\/p>\n","protected":false},"author":2,"featured_media":653986,"comment_status":"closed","ping_status":"closed","sticky":false,"template":"","format":"standard","meta":{"om_disable_all_campaigns":false,"_monsterinsights_skip_tracking":false,"_monsterinsights_sitenote_active":false,"_monsterinsights_sitenote_note":"","_monsterinsights_sitenote_category":0},"categories":[4],"tags":[],"aioseo_notices":[],"gutentor_comment":0,"rttpg_featured_image_url":{"full":["https:\/\/arantv.az\/wp-content\/uploads\/2023\/11\/9b9f5dee-a15b-364a-a91c-7312ab1306f6_850.jpg",620,413,false],"landscape":["https:\/\/arantv.az\/wp-content\/uploads\/2023\/11\/9b9f5dee-a15b-364a-a91c-7312ab1306f6_850.jpg",620,413,false],"portraits":["https:\/\/arantv.az\/wp-content\/uploads\/2023\/11\/9b9f5dee-a15b-364a-a91c-7312ab1306f6_850.jpg",620,413,false],"thumbnail":["https:\/\/arantv.az\/wp-content\/uploads\/2023\/11\/9b9f5dee-a15b-364a-a91c-7312ab1306f6_850-500x280.jpg",500,280,true],"medium":["https:\/\/arantv.az\/wp-content\/uploads\/2023\/11\/9b9f5dee-a15b-364a-a91c-7312ab1306f6_850-548x365.jpg",548,365,true],"large":["https:\/\/arantv.az\/wp-content\/uploads\/2023\/11\/9b9f5dee-a15b-364a-a91c-7312ab1306f6_850.jpg",620,413,false],"1536x1536":["https:\/\/arantv.az\/wp-content\/uploads\/2023\/11\/9b9f5dee-a15b-364a-a91c-7312ab1306f6_850.jpg",620,413,false],"2048x2048":["https:\/\/arantv.az\/wp-content\/uploads\/2023\/11\/9b9f5dee-a15b-364a-a91c-7312ab1306f6_850.jpg",620,413,false],"post-thumbnail":["https:\/\/arantv.az\/wp-content\/uploads\/2023\/11\/9b9f5dee-a15b-364a-a91c-7312ab1306f6_850-240x172.jpg",240,172,true],"advps-thumb-one":["https:\/\/arantv.az\/wp-content\/uploads\/2023\/11\/9b9f5dee-a15b-364a-a91c-7312ab1306f6_850.jpg",620,413,false]},"rttpg_author":{"display_name":"V\u00fcsal Rafiqo\u011flu","author_link":"https:\/\/arantv.az\/?author=2"},"rttpg_comment":0,"rttpg_category":"<a href=\"https:\/\/arantv.az\/?cat=4\" rel=\"category\">Siyas\u0259t<\/a>","rttpg_excerpt":"Avropa \u0130ttifaq\u0131n\u0131n (A\u0130) h\u0259d\u0259fl\u0259rind\u0259n biri d\u0259 d\u00fcnyada g\u00fcc m\u0259rk\u0259zi olaraq \u00e7\u0131x\u0131\u015f etm\u0259kdir. \u0130kinci D\u00fcnya m\u00fcharib\u0259sind\u0259n sonra Almaniya v\u0259 Fransa kimi biri-birin\u0259 tarixi zidd q\u00fcvv\u0259nin ba\u015f\u00e7\u0131l\u0131\u011f\u0131 il\u0259 bu beyn\u0259lxalq birliyin t\u0259sis edilm\u0259si d\u0259 bunu t\u0259sdiql\u0259yir. Ancaq \u00f6t\u0259n ill\u0259r \u0259rzind\u0259 bu qurumun apar\u0131c\u0131 g\u00fcc\u00fc g\u00f6r\u00fcnm\u0259di. Bunun s\u0259b\u0259bl\u0259rind\u0259n biri, he\u00e7 \u015f\u00fcbh\u0259siz ki, idar\u0259\u00e7ilikl\u0259 ba\u011fl\u0131d\u0131r. M\u00f6vcud oldu\u011fu ill\u0259rd\u0259 ittifaqda&hellip;","_links":{"self":[{"href":"https:\/\/arantv.az\/index.php?rest_route=\/wp\/v2\/posts\/653984"}],"collection":[{"href":"https:\/\/arantv.az\/index.php?rest_route=\/wp\/v2\/posts"}],"about":[{"href":"https:\/\/arantv.az\/index.php?rest_route=\/wp\/v2\/types\/post"}],"author":[{"embeddable":true,"href":"https:\/\/arantv.az\/index.php?rest_route=\/wp\/v2\/users\/2"}],"replies":[{"embeddable":true,"href":"https:\/\/arantv.az\/index.php?rest_route=%2Fwp%2Fv2%2Fcomments&post=653984"}],"version-history":[{"count":0,"href":"https:\/\/arantv.az\/index.php?rest_route=\/wp\/v2\/posts\/653984\/revisions"}],"wp:featuredmedia":[{"embeddable":true,"href":"https:\/\/arantv.az\/index.php?rest_route=\/wp\/v2\/media\/653986"}],"wp:attachment":[{"href":"https:\/\/arantv.az\/index.php?rest_route=%2Fwp%2Fv2%2Fmedia&parent=653984"}],"wp:term":[{"taxonomy":"category","embeddable":true,"href":"https:\/\/arantv.az\/index.php?rest_route=%2Fwp%2Fv2%2Fcategories&post=653984"},{"taxonomy":"post_tag","embeddable":true,"href":"https:\/\/arantv.az\/index.php?rest_route=%2Fwp%2Fv2%2Ftags&post=653984"}],"curies":[{"name":"wp","href":"https:\/\/api.w.org\/{rel}","templated":true}]}}