{"id":653989,"date":"2023-11-07T15:49:55","date_gmt":"2023-11-07T11:49:55","guid":{"rendered":"https:\/\/arantv.az\/?p=653989"},"modified":"2023-11-07T15:49:55","modified_gmt":"2023-11-07T11:49:55","slug":"erm%c9%99nistanin-boyunu-asan-iddia-pasinyan-yen%c9%99-rusvay-oldu","status":"publish","type":"post","link":"https:\/\/arantv.az\/?p=653989","title":{"rendered":"Erm\u0259nistan\u0131n \u201cboyunu a\u015fan\u201d iddia \u2013 Pa\u015finyan yen\u0259 r\u00fcsvay oldu"},"content":{"rendered":"<p><strong>Qulaq h\u0259r g\u00fcn bir erm\u0259ni h\u0259yas\u0131zl\u0131\u011f\u0131 haqda e\u015fitm\u0259s\u0259, y\u0259qin ki, kar olar. Terror\u00e7ulara ucald\u0131lan heyk\u0259ll\u0259rin qoru\u011funa \u00e7evrilmi\u015f Erm\u0259nistandan n\u00f6vb\u0259ti heyr\u0259tamiz x\u0259b\u0259r g\u0259lib. \u00d6lk\u0259nin \u0130stintaq Komit\u0259si 44 g\u00fcnl\u00fck m\u00fcharib\u0259 il\u0259 ba\u011fl\u0131 \u201ccinay\u0259t i\u015fi\u201d \u00e7\u0259r\u00e7iv\u0259sind\u0259 d\u00fcnya h\u00fcquq elmini \u0259l\u0259 salan add\u0131m at\u0131b: Az\u0259rbaycan\u0131n h\u0259rbi-siyasi v\u0259 ordu r\u0259hb\u0259rliyinin 20 (!) n\u00fcmay\u0259nd\u0259sin\u0259 qar\u015f\u0131 \u201ccinay\u0259t i\u015fi\u201d a\u00e7\u0131b.<\/strong><\/p>\n<p>Burda deyibl\u0259r, \u201co\u011fru el\u0259 ba\u011f\u0131rd\u0131 ki&#8230;\u201d Yaxud \u201cqara m\u0259ni bas\u0131nca&#8230;\u201d<\/p>\n<p>S\u0131rt\u0131ql\u0131\u011fa bax, qon\u015fu \u00f6lk\u0259nin 20 faiz torpa\u011f\u0131n\u0131 30 il i\u015f\u011fal altda saxlayasan, BMT T\u015e-nin 4 m\u0259lum q\u0259tnam\u0259sini vecin\u0259 almay\u0131b orda etnik t\u0259mizl\u0259m\u0259l\u0259r, soyq\u0131r\u0131mlar\u0131, urbisid, ekosid h\u0259yata ke\u00e7ir\u0259s\u0259n, \u00fcst\u0259g\u0259l, 44 g\u00fcnl\u00fck m\u00fcharib\u0259 zaman\u0131 dinc Az\u0259rbaycan \u015f\u0259h\u0259rl\u0259rini raket ya\u011f\u0131s\u0131na tutasan v\u0259 b\u00fct\u00fcn bu b\u0259\u015f\u0259ri cinay\u0259tl\u0259r\u0259 g\u00f6r\u0259 cavab verm\u0259k \u0259v\u0259zin\u0259, bel\u0259 bir \u015feyi a\u011fla g\u0259tir\u0259s\u0259n! Ger\u00e7\u0259kd\u0259n, mayas\u0131 \u015feytan material\u0131ndand\u0131r bu m\u0259xluqlar\u0131n!..<\/p>\n<p>\u018fvv\u0259la, 44 g\u00fcnl\u00fck m\u00fcharib\u0259 Az\u0259rbaycan \u0259razisind\u0259 gedibs\u0259, s\u0259rh\u0259dl\u0259rimizd\u0259n k\u0259nara bir g\u00fcll\u0259 at\u0131lmay\u0131bsa, hans\u0131 m\u0259ntiql\u0259 Erm\u0259nistan \u0130stintaq Komit\u0259si bu c\u00fcr sarsaq q\u0259rar \u00e7\u0131xar\u0131r? Yoxsa Qaraba\u011f\u0131 h\u0259l\u0259 d\u0259 \u00f6zl\u0259rininki say\u0131rlar?<\/p>\n<p>Y\u0259qin ki. Yeri g\u0259lmi\u015fk\u0259n, kapitulyant \u00f6lk\u0259nin haz\u0131rk\u0131 konstitusiyas\u0131nda ke\u00e7mi\u015f DQMV Erm\u0259nistan hesab edilir. El\u0259dirs\u0259, \u00fczd\u0259niraq \u0130stintaq Komit\u0259sind\u0259n n\u0259 g\u00f6zl\u0259yirik ki? Y\u0259ni bir s\u0259rs\u0259mlik dig\u0259rini, bir qanunsuzluq ba\u015fqas\u0131n\u0131 do\u011furur v\u0259 bel\u0259c\u0259, z\u0259ncirvari \u015f\u0259kild\u0259 davam edirl\u0259r.<\/p>\n<p>T\u0259sad\u00fcfi deyil ki, 2-ci Qaraba\u011f sava\u015f\u0131ndak\u0131 r\u00fcsvay\u00e7\u0131 m\u0259\u011flubiyy\u0259t\u0259 g\u00f6r\u0259 Erm\u0259nistan\u0131n ovaxtk\u0131 m\u00fcdafi\u0259 naziri David Tonoyan ba\u015fda olmaqla, ne\u00e7\u0259-ne\u00e7\u0259 y\u00fcks\u0259k cinli h\u0259rb\u00e7i v\u0259 qeyri-h\u0259rb\u00e7i h\u0259bsd\u0259 yat\u0131r. Onlar\u0131n aras\u0131nda Qaraba\u011f do\u011fumlular da var. B\u0259s deyirdiniz Az\u0259rbaycanla vuru\u015fan \u201catrsax \u00f6z\u00fcn\u00fcm\u00fcdafi\u0259 ordusu\u201ddur, n\u0259 bilim, \u201cbu torpaq iddias\u0131 deyil, \u00f6z m\u00fcq\u0259dd\u0259rat\u0131n\u0131 t\u0259yinetm\u0259 davas\u0131d\u0131r\u201d, daha n\u0259l\u0259r, n\u0259l\u0259r. Han\u0131 b\u0259s?..<\/p>\n<p>Sadalananlar Erm\u0259nistan\u0131n i\u015f\u011fal\u00e7\u0131 mahiyy\u0259tini bir\u0259r-bir\u0259r t\u0259sdiql\u0259m\u0259kl\u0259 yana\u015f\u0131, onun Az\u0259rbaycana qar\u015f\u0131 torpaq iddias\u0131nda qald\u0131\u011f\u0131n\u0131 qabar\u0131q \u015f\u0259kild\u0259 ortaya qoyur. H\u0259m d\u0259 r\u0259sm\u0259n! \u00c7\u00fcnki Erm\u0259nistan \u0130stintaq Komit\u0259si mifik \u201cartsax institutu\u201d-zad\u0131 deyil, beyn\u0259lxalq birlik t\u0259r\u0259find\u0259n tan\u0131nm\u0131\u015f, BMT \u00fczv\u00fc olan bir d\u00f6vl\u0259tin qurumudur.<\/p>\n<p>Komit\u0259nin q\u0259rar\u0131n\u0131n dig\u0259r ad\u0131 is\u0259 h\u00fcquqi \u00f6z\u00fcn\u00fc-if\u015fad\u0131r. Az\u0259rbaycan y\u0259qin ki, beyn\u0259lxalq h\u00fcquqa meydan oxuyan bu q\u0259bil faktlar\u0131n ham\u0131s\u0131n\u0131 y\u0131\u011f\u0131b qar\u015f\u0131 t\u0259r\u0259f \u0259leyhin\u0259 \u0259lav\u0259 v\u0259 tutarl\u0131 d\u0259lill\u0259r\u0259 \u00e7evir\u0259 bil\u0259c\u0259k&#8230;<\/p>\n<p>H\u0259m\u00e7inin Bak\u0131da m\u0259hk\u0259m\u0259si ba\u015fa \u00e7atmaqda olan Me\u015f\u0259li h\u0259rbi canisi Vaqif Xa\u00e7atryanla ba\u011fl\u0131 Erm\u0259nistanda qald\u0131r\u0131lan hay-k\u00fcy bu x\u00fcsusda kar\u0131m\u0131za g\u0259l\u0259 bil\u0259r. Nec\u0259?<\/p>\n<p>Erm\u0259nil\u0259r ne\u00e7\u0259 vaxtd\u0131r utan\u0131b-q\u0131zarmadan bildirir ki, guya V.Xa\u00e7atryan o\u011furlanaraq Bak\u0131ya apar\u0131l\u0131b v\u0259 o, Az\u0259rbaycan yox, Erm\u0259nistan v\u0259t\u0259nda\u015f\u0131d\u0131r. Avropa \u0130nsan Haqlar\u0131 M\u0259hk\u0259m\u0259sin\u0259 bu itl\u0259 ba\u011fl\u0131 \u015fikay\u0259t d\u0259 el\u0259mi\u015fdil\u0259r &#8211; t\u0259bii ki, n\u0259tic\u0259 olmad\u0131.<\/p>\n<p>Yax\u015f\u0131, bu \u015f\u0259r\u0259fsiz Erm\u0259nistan v\u0259t\u0259nda\u015f\u0131d\u0131rsa v\u0259 ya idis\u0259, Az\u0259rbaycanda, Qaraba\u011fda n\u0259 \u00f6l\u00fcm\u00fc var idi? S\u0259rh\u0259dimizi qanunsuz \u015f\u0259kild\u0259 niy\u0259 v\u0259 nec\u0259 ke\u00e7mi\u015fdi? (H\u0259r\u00e7\u0259nd o, Az\u0259rbaycan SSR-in sakini olub). \u018fn m\u00fch\u00fcm\u00fc, cinay\u0259t \u0259m\u0259ll\u0259rini o harada t\u00f6r\u0259dib \u2013 Az\u0259rbaycanda, yoxsa Erm\u0259nistanda? Olmaya yen\u0259 Qaraba\u011f\u0131 \u00f6z\u00fcn\u00fcz\u00fcnk\u00fc say\u0131rs\u0131z? M\u00fcxt\u0259s\u0259ri, yen\u0259 h\u00fcquqi nihilizm m\u0259s\u0259l\u0259si&#8230;<\/p>\n<p>V\u0259 sonda. Ayd\u0131nd\u0131r ki, \u00f6lk\u0259nin \u015f\u0259riksiz r\u0259hb\u0259ri Nikol Pa\u015finyan\u0131n \u015fifahi g\u00f6st\u0259ri\u015fi olmadan Erm\u0259nistan \u0130stintaq Komit\u0259si \u00f6z\u00fcnd\u0259 bu c\u0259sar\u0259ti tapa bilm\u0259zdi. Dem\u0259k, \u0130r\u0259van\u0131n Bak\u0131 il\u0259 s\u00fclhd\u0259 maraql\u0131 olmad\u0131\u011f\u0131 bir daha t\u0259sdiqini tapm\u0131\u015f olur.<\/p>\n<p>Az \u00f6nc\u0259 Nikolun \u201cxeyir-duas\u0131\u201d il\u0259 h\u00f6kum\u0259tin, ard\u0131nca Erm\u0259nistan parlamentinin Beyn\u0259lxalq Cinay\u0259t M\u0259hk\u0259m\u0259sinin (BCM) Roma Statutunu (\u018fsasnam\u0259) t\u0259sdiql\u0259m\u0259si d\u0259 eyni m\u0259qs\u0259d\u0259 hesablan\u0131b: s\u00fclh m\u00fcqavil\u0259sin\u0259 z\u0259min yaradacaq etimad m\u00fchitini korlamaq. \u00c7\u00fcnki Statuta qo\u015fulmaqda \u0259sas h\u0259d\u0259f guya Az\u0259rbaycan\u0131n h\u0259rbi-siyasi r\u0259hb\u0259rliyin\u0259 daxil olan bir s\u0131ra \u015f\u0259xsl\u0259r\u0259 qar\u015f\u0131 cinay\u0259t t\u0259qibin\u0259 nail olmaqd\u0131r. Halbuki h\u0259r \u015fey q\u0131ra\u011fa, Az\u0259rbaycan bu Statuta qo\u015fulmay\u0131b, o s\u0259b\u0259b\u0259 BCM-nin q\u0259rarlar\u0131n\u0131n ona he\u00e7 bir d\u0259xli yoxdur, olmayacaq!<\/p>\n<p>Yerd\u0259 n\u0259 qald\u0131? O ki, c\u0259nab haylar, \u0259g\u0259r d\u00fcnyan\u0131n siyasi x\u0259rit\u0259sind\u0259 \u201cErm\u0259nistan\u201d ad\u0131nda d\u00f6vl\u0259tin simvolik d\u0259 olsa, qalmas\u0131n\u0131 ist\u0259yirsinizs\u0259, n\u0259 q\u0259d\u0259r gec deyil, a\u011fl\u0131n\u0131z\u0131 ba\u015f\u0131n\u0131za y\u0131\u011f\u0131n. Siz\u0259 yaln\u0131z b\u0259lalar g\u0259tirmi\u015f iddialardan, mif v\u0259 arzulardan, x\u0259bislikd\u0259n \u0259l \u00e7\u0259kin. Ax\u0131, bu, sizin &#8211; miskin bir \u00f6lk\u0259nin v\u0259 toplumun uda bil\u0259c\u0259yi \u201ctik\u0259\u201d deyil. H\u0259ddinizi v\u0259 yerinizi bilin!..<\/p>\n","protected":false},"excerpt":{"rendered":"<p>Qulaq h\u0259r g\u00fcn bir erm\u0259ni h\u0259yas\u0131zl\u0131\u011f\u0131 haqda e\u015fitm\u0259s\u0259, y\u0259qin ki, kar olar. Terror\u00e7ulara ucald\u0131lan heyk\u0259ll\u0259rin qoru\u011funa \u00e7evrilmi\u015f Erm\u0259nistandan n\u00f6vb\u0259ti heyr\u0259tamiz x\u0259b\u0259r g\u0259lib. \u00d6lk\u0259nin \u0130stintaq Komit\u0259si 44 g\u00fcnl\u00fck m\u00fcharib\u0259 il\u0259 ba\u011fl\u0131 \u201ccinay\u0259t i\u015fi\u201d \u00e7\u0259r\u00e7iv\u0259sind\u0259 d\u00fcnya h\u00fcquq elmini \u0259l\u0259 salan add\u0131m at\u0131b: Az\u0259rbaycan\u0131n h\u0259rbi-siyasi v\u0259 ordu r\u0259hb\u0259rliyinin 20 (!) n\u00fcmay\u0259nd\u0259sin\u0259 qar\u015f\u0131 \u201ccinay\u0259t i\u015fi\u201d a\u00e7\u0131b. Burda deyibl\u0259r, \u201co\u011fru el\u0259 ba\u011f\u0131rd\u0131 ki&#8230;\u201d Yaxud \u201cqara m\u0259ni bas\u0131nca&#8230;\u201d S\u0131rt\u0131ql\u0131\u011fa bax, qon\u015fu \u00f6lk\u0259nin 20 faiz torpa\u011f\u0131n\u0131 30 il i\u015f\u011fal altda saxlayasan, BMT T\u015e-nin 4 m\u0259lum q\u0259tnam\u0259sini vecin\u0259 almay\u0131b orda etnik t\u0259mizl\u0259m\u0259l\u0259r, soyq\u0131r\u0131mlar\u0131, urbisid, ekosid h\u0259yata ke\u00e7ir\u0259s\u0259n, \u00fcst\u0259g\u0259l,&hellip;<\/p>\n","protected":false},"author":2,"featured_media":653992,"comment_status":"closed","ping_status":"closed","sticky":false,"template":"","format":"standard","meta":{"om_disable_all_campaigns":false,"_monsterinsights_skip_tracking":false,"_monsterinsights_sitenote_active":false,"_monsterinsights_sitenote_note":"","_monsterinsights_sitenote_category":0},"categories":[19],"tags":[],"aioseo_notices":[],"gutentor_comment":0,"rttpg_featured_image_url":{"full":["https:\/\/arantv.az\/wp-content\/uploads\/2023\/11\/9964dbc2381b2398ce462dc4c48a466f.jpg",870,500,false],"landscape":["https:\/\/arantv.az\/wp-content\/uploads\/2023\/11\/9964dbc2381b2398ce462dc4c48a466f.jpg",870,500,false],"portraits":["https:\/\/arantv.az\/wp-content\/uploads\/2023\/11\/9964dbc2381b2398ce462dc4c48a466f.jpg",870,500,false],"thumbnail":["https:\/\/arantv.az\/wp-content\/uploads\/2023\/11\/9964dbc2381b2398ce462dc4c48a466f-500x280.jpg",500,280,true],"medium":["https:\/\/arantv.az\/wp-content\/uploads\/2023\/11\/9964dbc2381b2398ce462dc4c48a466f-635x365.jpg",635,365,true],"large":["https:\/\/arantv.az\/wp-content\/uploads\/2023\/11\/9964dbc2381b2398ce462dc4c48a466f-840x483.jpg",640,368,true],"1536x1536":["https:\/\/arantv.az\/wp-content\/uploads\/2023\/11\/9964dbc2381b2398ce462dc4c48a466f.jpg",870,500,false],"2048x2048":["https:\/\/arantv.az\/wp-content\/uploads\/2023\/11\/9964dbc2381b2398ce462dc4c48a466f.jpg",870,500,false],"post-thumbnail":["https:\/\/arantv.az\/wp-content\/uploads\/2023\/11\/9964dbc2381b2398ce462dc4c48a466f-240x172.jpg",240,172,true],"advps-thumb-one":["https:\/\/arantv.az\/wp-content\/uploads\/2023\/11\/9964dbc2381b2398ce462dc4c48a466f.jpg",870,500,false]},"rttpg_author":{"display_name":"V\u00fcsal Rafiqo\u011flu","author_link":"https:\/\/arantv.az\/?author=2"},"rttpg_comment":0,"rttpg_category":"<a href=\"https:\/\/arantv.az\/?cat=19\" rel=\"category\">G\u00fcnd\u0259m<\/a>","rttpg_excerpt":"Qulaq h\u0259r g\u00fcn bir erm\u0259ni h\u0259yas\u0131zl\u0131\u011f\u0131 haqda e\u015fitm\u0259s\u0259, y\u0259qin ki, kar olar. Terror\u00e7ulara ucald\u0131lan heyk\u0259ll\u0259rin qoru\u011funa \u00e7evrilmi\u015f Erm\u0259nistandan n\u00f6vb\u0259ti heyr\u0259tamiz x\u0259b\u0259r g\u0259lib. \u00d6lk\u0259nin \u0130stintaq Komit\u0259si 44 g\u00fcnl\u00fck m\u00fcharib\u0259 il\u0259 ba\u011fl\u0131 \u201ccinay\u0259t i\u015fi\u201d \u00e7\u0259r\u00e7iv\u0259sind\u0259 d\u00fcnya h\u00fcquq elmini \u0259l\u0259 salan add\u0131m at\u0131b: Az\u0259rbaycan\u0131n h\u0259rbi-siyasi v\u0259 ordu r\u0259hb\u0259rliyinin 20 (!) n\u00fcmay\u0259nd\u0259sin\u0259 qar\u015f\u0131 \u201ccinay\u0259t i\u015fi\u201d a\u00e7\u0131b. Burda deyibl\u0259r, \u201co\u011fru&hellip;","_links":{"self":[{"href":"https:\/\/arantv.az\/index.php?rest_route=\/wp\/v2\/posts\/653989"}],"collection":[{"href":"https:\/\/arantv.az\/index.php?rest_route=\/wp\/v2\/posts"}],"about":[{"href":"https:\/\/arantv.az\/index.php?rest_route=\/wp\/v2\/types\/post"}],"author":[{"embeddable":true,"href":"https:\/\/arantv.az\/index.php?rest_route=\/wp\/v2\/users\/2"}],"replies":[{"embeddable":true,"href":"https:\/\/arantv.az\/index.php?rest_route=%2Fwp%2Fv2%2Fcomments&post=653989"}],"version-history":[{"count":0,"href":"https:\/\/arantv.az\/index.php?rest_route=\/wp\/v2\/posts\/653989\/revisions"}],"wp:featuredmedia":[{"embeddable":true,"href":"https:\/\/arantv.az\/index.php?rest_route=\/wp\/v2\/media\/653992"}],"wp:attachment":[{"href":"https:\/\/arantv.az\/index.php?rest_route=%2Fwp%2Fv2%2Fmedia&parent=653989"}],"wp:term":[{"taxonomy":"category","embeddable":true,"href":"https:\/\/arantv.az\/index.php?rest_route=%2Fwp%2Fv2%2Fcategories&post=653989"},{"taxonomy":"post_tag","embeddable":true,"href":"https:\/\/arantv.az\/index.php?rest_route=%2Fwp%2Fv2%2Ftags&post=653989"}],"curies":[{"name":"wp","href":"https:\/\/api.w.org\/{rel}","templated":true}]}}