{"id":653996,"date":"2023-11-07T16:21:39","date_gmt":"2023-11-07T12:21:39","guid":{"rendered":"https:\/\/arantv.az\/?p=653996"},"modified":"2023-11-07T16:22:01","modified_gmt":"2023-11-07T12:22:01","slug":"fuzuli-lacin-v%c9%99-z%c9%99ngilanda-h%c9%99rbcil%c9%99rin-z%c9%99f%c9%99r-yurusl%c9%99ri-keciril%c9%99c%c9%99k","status":"publish","type":"post","link":"https:\/\/arantv.az\/?p=653996","title":{"rendered":"F\u00fczuli, La\u00e7\u0131n v\u0259 Z\u0259ngilanda h\u0259rb\u00e7il\u0259rin Z\u0259f\u0259r y\u00fcr\u00fc\u015fl\u0259ri ke\u00e7iril\u0259c\u0259k"},"content":{"rendered":"<p>8 Noyabr &#8211; Z\u0259f\u0259r G\u00fcn\u00fc il\u0259 \u0259laq\u0259dar paytaxt\u0131n m\u00fcxt\u0259lif k\u00fc\u00e7\u0259 v\u0259 prospektl\u0259rind\u0259, el\u0259c\u0259 d\u0259 G\u0259nc\u0259, B\u0259rd\u0259, F\u00fczuli, La\u00e7\u0131n \u015f\u0259h\u0259rl\u0259rind\u0259 v\u0259 Z\u0259ngilan rayonunda m\u00fc\u0259yy\u0259n edil\u0259n mar\u015frutlar \u00fczr\u0259 h\u0259rbi orkestrl\u0259rin m\u00fc\u015fayi\u0259ti il\u0259 h\u0259rbi qulluq\u00e7ular\u0131n y\u00fcr\u00fc\u015fl\u0259ri t\u0259\u015fkil olunacaq.<\/p>\n<p>Bu bar\u0259d\u0259 M\u00fcdafi\u0259 Nazirliyind\u0259n bildirilib.<\/p>\n<p>H\u0259rbi qulluq\u00e7ular h\u0259rbi orkestrl\u0259rin m\u00fc\u015fayi\u0259ti il\u0259 noyabr\u0131n 8-i saat 10:00-dan 12:00-d\u0259k Bak\u0131 \u015f\u0259h\u0259rind\u0259 a\u015fa\u011f\u0131dak\u0131 mar\u015frutlar \u00fczr\u0259 y\u00fcr\u00fc\u015f ed\u0259c\u0259kl\u0259r:<\/p>\n<p>&#8211; Heyd\u0259r \u018fliyev Saray\u0131 &#8211; B\u00fclb\u00fcl prospekti &#8211; Nizami Kino M\u0259rk\u0259zi &#8211; Neft\u00e7il\u0259r prospekti &#8211; Azadl\u0131q meydan\u0131 &#8211; \u201cAMAY\u201d Ticar\u0259t M\u0259rk\u0259zi;<\/p>\n<p>&#8211; \u015e\u0259hidl\u0259r Xiyaban\u0131 &#8211; \u201cAlov Q\u00fcll\u0259l\u0259ri\u201d Kompleksi &#8211; \u201c\u0130\u00e7\u0259ri\u015f\u0259h\u0259r\u201d metrosu &#8211; \u0130stiqlaliyy\u0259t k\u00fc\u00e7\u0259si &#8211; Azneft dair\u0259si &#8211; B\u0259hram Gur heyk\u0259li;<\/p>\n<p>&#8211; Musab\u0259yov park\u0131 &#8211; \u018fbd\u00fcrr\u0259him B\u0259y Haqverdiyev k\u00fc\u00e7\u0259si &#8211; H\u00fcseyn Cavid prospekti &#8211; H\u00fcseyn Cavid park\u0131 &#8211; Parlament prospekti &#8211; \u015e\u0259hidl\u0259r xiyaban\u0131;<\/p>\n<p>&#8211; \u201cOlimpik Star\u201d \u0130dman v\u0259 \u018fyl\u0259nc\u0259 M\u0259rk\u0259zi &#8211; S\u0259m\u0259d Vur\u011fun k\u00fc\u00e7\u0259si &#8211; Zabitl\u0259r park\u0131 &#8211; Bak\u0131 D\u00f6vl\u0259t Sirki &#8211; Heyd\u0259r \u018fliyev saray\u0131 &#8211; N\u0259simi heyk\u0259li &#8211; Neft\u00e7il\u0259r prospekti.<\/p>\n","protected":false},"excerpt":{"rendered":"<p>8 Noyabr &#8211; Z\u0259f\u0259r G\u00fcn\u00fc il\u0259 \u0259laq\u0259dar paytaxt\u0131n m\u00fcxt\u0259lif k\u00fc\u00e7\u0259 v\u0259 prospektl\u0259rind\u0259, el\u0259c\u0259 d\u0259 G\u0259nc\u0259, B\u0259rd\u0259, F\u00fczuli, La\u00e7\u0131n \u015f\u0259h\u0259rl\u0259rind\u0259 v\u0259 Z\u0259ngilan rayonunda m\u00fc\u0259yy\u0259n edil\u0259n mar\u015frutlar \u00fczr\u0259 h\u0259rbi orkestrl\u0259rin m\u00fc\u015fayi\u0259ti il\u0259 h\u0259rbi qulluq\u00e7ular\u0131n y\u00fcr\u00fc\u015fl\u0259ri t\u0259\u015fkil olunacaq. Bu bar\u0259d\u0259 M\u00fcdafi\u0259 Nazirliyind\u0259n bildirilib. H\u0259rbi qulluq\u00e7ular h\u0259rbi orkestrl\u0259rin m\u00fc\u015fayi\u0259ti il\u0259 noyabr\u0131n 8-i saat 10:00-dan 12:00-d\u0259k Bak\u0131 \u015f\u0259h\u0259rind\u0259 a\u015fa\u011f\u0131dak\u0131 mar\u015frutlar \u00fczr\u0259 y\u00fcr\u00fc\u015f ed\u0259c\u0259kl\u0259r: &#8211; Heyd\u0259r \u018fliyev Saray\u0131 &#8211; B\u00fclb\u00fcl prospekti &#8211; Nizami Kino M\u0259rk\u0259zi &#8211; Neft\u00e7il\u0259r prospekti &#8211; Azadl\u0131q meydan\u0131 &#8211; \u201cAMAY\u201d Ticar\u0259t M\u0259rk\u0259zi; &#8211; \u015e\u0259hidl\u0259r Xiyaban\u0131 &#8211; \u201cAlov Q\u00fcll\u0259l\u0259ri\u201d Kompleksi &#8211; \u201c\u0130\u00e7\u0259ri\u015f\u0259h\u0259r\u201d metrosu &#8211;&hellip;<\/p>\n","protected":false},"author":2,"featured_media":654001,"comment_status":"closed","ping_status":"closed","sticky":false,"template":"","format":"standard","meta":{"om_disable_all_campaigns":false,"_monsterinsights_skip_tracking":false,"_monsterinsights_sitenote_active":false,"_monsterinsights_sitenote_note":"","_monsterinsights_sitenote_category":0},"categories":[4],"tags":[],"aioseo_notices":[],"gutentor_comment":0,"rttpg_featured_image_url":{"full":["https:\/\/arantv.az\/wp-content\/uploads\/2023\/11\/1667397857_photo_445916.jpg",620,413,false],"landscape":["https:\/\/arantv.az\/wp-content\/uploads\/2023\/11\/1667397857_photo_445916.jpg",620,413,false],"portraits":["https:\/\/arantv.az\/wp-content\/uploads\/2023\/11\/1667397857_photo_445916.jpg",620,413,false],"thumbnail":["https:\/\/arantv.az\/wp-content\/uploads\/2023\/11\/1667397857_photo_445916-500x280.jpg",500,280,true],"medium":["https:\/\/arantv.az\/wp-content\/uploads\/2023\/11\/1667397857_photo_445916-548x365.jpg",548,365,true],"large":["https:\/\/arantv.az\/wp-content\/uploads\/2023\/11\/1667397857_photo_445916.jpg",620,413,false],"1536x1536":["https:\/\/arantv.az\/wp-content\/uploads\/2023\/11\/1667397857_photo_445916.jpg",620,413,false],"2048x2048":["https:\/\/arantv.az\/wp-content\/uploads\/2023\/11\/1667397857_photo_445916.jpg",620,413,false],"post-thumbnail":["https:\/\/arantv.az\/wp-content\/uploads\/2023\/11\/1667397857_photo_445916-240x172.jpg",240,172,true],"advps-thumb-one":["https:\/\/arantv.az\/wp-content\/uploads\/2023\/11\/1667397857_photo_445916.jpg",620,413,false]},"rttpg_author":{"display_name":"V\u00fcsal Rafiqo\u011flu","author_link":"https:\/\/arantv.az\/?author=2"},"rttpg_comment":0,"rttpg_category":"<a href=\"https:\/\/arantv.az\/?cat=4\" rel=\"category\">Siyas\u0259t<\/a>","rttpg_excerpt":"8 Noyabr &#8211; Z\u0259f\u0259r G\u00fcn\u00fc il\u0259 \u0259laq\u0259dar paytaxt\u0131n m\u00fcxt\u0259lif k\u00fc\u00e7\u0259 v\u0259 prospektl\u0259rind\u0259, el\u0259c\u0259 d\u0259 G\u0259nc\u0259, B\u0259rd\u0259, F\u00fczuli, La\u00e7\u0131n \u015f\u0259h\u0259rl\u0259rind\u0259 v\u0259 Z\u0259ngilan rayonunda m\u00fc\u0259yy\u0259n edil\u0259n mar\u015frutlar \u00fczr\u0259 h\u0259rbi orkestrl\u0259rin m\u00fc\u015fayi\u0259ti il\u0259 h\u0259rbi qulluq\u00e7ular\u0131n y\u00fcr\u00fc\u015fl\u0259ri t\u0259\u015fkil olunacaq. Bu bar\u0259d\u0259 M\u00fcdafi\u0259 Nazirliyind\u0259n bildirilib. H\u0259rbi qulluq\u00e7ular h\u0259rbi orkestrl\u0259rin m\u00fc\u015fayi\u0259ti il\u0259 noyabr\u0131n 8-i saat 10:00-dan 12:00-d\u0259k Bak\u0131 \u015f\u0259h\u0259rind\u0259 a\u015fa\u011f\u0131dak\u0131 mar\u015frutlar&hellip;","_links":{"self":[{"href":"https:\/\/arantv.az\/index.php?rest_route=\/wp\/v2\/posts\/653996"}],"collection":[{"href":"https:\/\/arantv.az\/index.php?rest_route=\/wp\/v2\/posts"}],"about":[{"href":"https:\/\/arantv.az\/index.php?rest_route=\/wp\/v2\/types\/post"}],"author":[{"embeddable":true,"href":"https:\/\/arantv.az\/index.php?rest_route=\/wp\/v2\/users\/2"}],"replies":[{"embeddable":true,"href":"https:\/\/arantv.az\/index.php?rest_route=%2Fwp%2Fv2%2Fcomments&post=653996"}],"version-history":[{"count":0,"href":"https:\/\/arantv.az\/index.php?rest_route=\/wp\/v2\/posts\/653996\/revisions"}],"wp:featuredmedia":[{"embeddable":true,"href":"https:\/\/arantv.az\/index.php?rest_route=\/wp\/v2\/media\/654001"}],"wp:attachment":[{"href":"https:\/\/arantv.az\/index.php?rest_route=%2Fwp%2Fv2%2Fmedia&parent=653996"}],"wp:term":[{"taxonomy":"category","embeddable":true,"href":"https:\/\/arantv.az\/index.php?rest_route=%2Fwp%2Fv2%2Fcategories&post=653996"},{"taxonomy":"post_tag","embeddable":true,"href":"https:\/\/arantv.az\/index.php?rest_route=%2Fwp%2Fv2%2Ftags&post=653996"}],"curies":[{"name":"wp","href":"https:\/\/api.w.org\/{rel}","templated":true}]}}