{"id":654004,"date":"2023-11-07T16:23:21","date_gmt":"2023-11-07T12:23:21","guid":{"rendered":"https:\/\/arantv.az\/?p=654004"},"modified":"2023-11-07T16:23:21","modified_gmt":"2023-11-07T12:23:21","slug":"q%c9%99rbin-d%c9%99hliz-oyunlari-region-olk%c9%99l%c9%99rinin-maraqlari-s%c9%99rh-foto","status":"publish","type":"post","link":"https:\/\/arantv.az\/?p=654004","title":{"rendered":"Q\u0259rbin d\u0259hliz oyunlar\u0131, region \u00f6lk\u0259l\u0259rinin maraqlar\u0131 &#8211; \u015e\u018fRH + FOTO"},"content":{"rendered":"<p>\u00d6t\u0259n h\u0259ft\u0259 sonu Almaniyan\u0131n xarici i\u015fl\u0259r naziri Annalena Berbok \u0259vv\u0259lc\u0259 Erm\u0259nistana, sonra is\u0259 Az\u0259rbaycana s\u0259f\u0259r edib. Xan\u0131m diplomat\u0131n s\u0259f\u0259rinin iki m\u0259qs\u0259di olub: iki \u00f6lk\u0259 aras\u0131nda ged\u0259n s\u00fclh dan\u0131\u015f\u0131qlar\u0131nda Q\u0259rb platformas\u0131n\u0131 aktivl\u0259\u015fdirm\u0259k v\u0259 qlobal kommunikasiya layih\u0259l\u0259rind\u0259 \u0130r\u0259van\u0131n i\u015ftirak\u0131n\u0131 t\u0259min etm\u0259k. Berbok \u0130r\u0259vanda ke\u00e7irdiyi g\u00f6r\u00fc\u015fl\u0259rd\u0259 b\u0259yan edib ki, \u201cGlobal Gateway\u201d proqram\u0131 iki \u00f6lk\u0259 aras\u0131nda s\u00fclh\u00fcn inki\u015faf\u0131na \u015f\u0259rait yaradacaq.<\/p>\n<p>Alman diplomat\u0131n ad\u0131n\u0131 halland\u0131rd\u0131\u011f\u0131 layih\u0259 A\u0130-nin yeni t\u0259\u015f\u0259bb\u00fcs\u00fcd\u00fcr v\u0259 Avropa Komissiyas\u0131n\u0131n r\u0259hb\u0259ri Ursula fon der Lyayen t\u0259r\u0259find\u0259n ortaya at\u0131l\u0131b. Avrasiya regionu \u00fc\u00e7\u00fcn bu t\u0259\u015f\u0259bb\u00fcs Rusiyadan yan ke\u00e7m\u0259kl\u0259 yeni yolun formala\u015fd\u0131r\u0131lmas\u0131d\u0131r v\u0259 \u00c7inin \u201cBir k\u0259m\u0259r, bir yol\u201d layih\u0259sin\u0259 alternativ kimi n\u0259z\u0259rd\u0259 tutulub. Sonuncu d\u0259f\u0259 \u201cGlobal Gateway\u201d 26-29 oktyabr tarixl\u0259rind\u0259 Br\u00fcsseld\u0259 m\u00fczakir\u0259 edilib v\u0259 b\u0259lli oldu\u011fu kimi, Az\u0259rbaycan bu t\u0259\u015f\u0259bb\u00fcs\u00fcn m\u00fczakir\u0259l\u0259rind\u0259 i\u015ftirak etm\u0259kd\u0259n imtina edib. Q\u0259rbd\u0259, x\u00fcsus\u0259n d\u0259 Fransa v\u0259 Almaniyada, d\u0259rk edirl\u0259r ki, Az\u0259rbaycan olmadan bu layih\u0259nin realla\u015fmas\u0131 fiziki c\u0259h\u0259td\u0259n m\u00fcmk\u00fcn deyil. Q\u0259rb r\u0259smi Bak\u0131ya alternativ olsayd\u0131, bu layih\u0259ni realla\u015fd\u0131rard\u0131, amma bu kontekstd\u0259 Az\u0259rbaycana alternativ yaln\u0131z Rusiya v\u0259 \u0130ran ola bil\u0259rdi ki, r\u0259smi Br\u00fcssel\u0259 bu variant q\u0259tiyy\u0259n \u0259lveri\u015fli deyil. El\u0259 bu s\u0259b\u0259bd\u0259n d\u0259 Almaniyan\u0131n X\u0130N ba\u015f\u00e7\u0131s\u0131 Az\u0259rbaycana, Fransa Prezidenti Emmanuel Makron is\u0259 M\u0259rk\u0259zi Asiyaya s\u0259f\u0259r edib. Bununla bel\u0259, b\u00fct\u00fcn t\u0259r\u0259fl\u0259r d\u0259rk edirl\u0259r ki, bizim i\u015ftirak\u0131m\u0131z olmadan bel\u0259 bir layih\u0259ni realla\u015fd\u0131rmaq q\u0259tiyy\u0259n m\u00fcmk\u00fcn deyil.<\/p>\n<p>Alman nazirin is\u0259 m\u0259qs\u0259di bu layih\u0259y\u0259 Erm\u0259nistan\u0131 da qo\u015fmaqd\u0131r. Onsuz da, r\u0259smi \u0130r\u0259van regiondak\u0131 b\u00fct\u00fcn layih\u0259l\u0259rd\u0259n k\u0259nar qal\u0131b. Bu layih\u0259d\u0259 i\u015ftirakla regional layih\u0259l\u0259r\u0259 qo\u015fula bil\u0259r v\u0259 yol onun \u0259razisind\u0259n ke\u00e7s\u0259, A\u0130 Az\u0259rbaycana t\u0259sir imkan\u0131 \u0259ld\u0259 ed\u0259 bil\u0259r. El\u0259 bu s\u0259b\u0259bd\u0259n d\u0259 r\u0259smi Bak\u0131 t\u0259r\u0259find\u0259n Z\u0259ng\u0259zur d\u0259hlizinin (s\u00f6hb\u0259t d\u0259hlizin Erm\u0259nistandan ke\u00e7\u0259n hiss\u0259sind\u0259n gedir) art\u0131q maraql\u0131 olmad\u0131\u011f\u0131 bar\u0259d\u0259 a\u00e7\u0131qlamalar s\u0259sl\u0259ndirilib. Ba\u015f nazir Nikol Pa\u015finyan is\u0259 xam x\u0259yala qap\u0131laraq \u201cS\u00fclh\u00fcn k\u0259si\u015fm\u0259si\u201d layih\u0259sini ortaya at\u0131r. Bu layih\u0259 is\u0259 he\u00e7 bir \u00f6lk\u0259 t\u0259r\u0259find\u0259n ciddi q\u0259bul edilmir. \u00c7\u00fcnki regionla ba\u011fl\u0131 b\u00fct\u00fcn beyn\u0259lxalq layih\u0259l\u0259rd\u0259 \u0259sas s\u00f6z sahibinin Az\u0259rbaycan oldu\u011fu art\u0131q g\u00fcn kimi ayd\u0131nd\u0131r.<\/p>\n<p><img src=\"https:\/\/cdn.oxu.az\/uploads\/W1siZiIsIjIwMjMvMTEvMDcvMTEvMDUvMTUvNjNiNjRmYjItZmU2Mi00OTUzLTliYmItZTMwYmJhMjU0NjNmLzgzNGNjYzk4LTY0MmYtM2ZmMS04MjQxLTY0MjRmYTYyNmU4ZC5qcGciXSxbInAiLCJlbmNvZGUiLCJqcGciLCItcXVhbGl0eSA4MCJdLFsicCIsInRodW1iIiwiNTkweDU5MFx1MDAzZSJdXQ?sha=a74d604b8228d6f7\" alt=\"\" \/><\/p>\n<p>Yuxar\u0131da da qeyd edildiyi kimi, Az\u0259rbaycan\u0131n i\u015ftirak\u0131 olmadan layih\u0259nin realla\u015fmas\u0131 q\u0259tiyy\u0259n m\u00fcmk\u00fcn deyil, n\u0259z\u0259rd\u0259 tutulan v\u0259 tikintisi ged\u0259n layih\u0259y\u0259 tam n\u0259zar\u0259t is\u0259 Az\u0259rbaycan v\u0259 trans-X\u0259z\u0259r \u00f6lk\u0259l\u0259ri, y\u0259ni region \u00f6lk\u0259l\u0259ri t\u0259r\u0259find\u0259n h\u0259yata ke\u00e7irilib. Bu m\u0259s\u0259l\u0259d\u0259 is\u0259 \u0130ran\u0131n m\u00f6vqeyini unutmaq olmaz. \u0130ran q\u0259ti sur\u0259td\u0259 Q\u0259rbin Erm\u0259nistanda i\u015ftirak\u0131na qar\u015f\u0131d\u0131r v\u0259 yolun ondan ke\u00e7m\u0259sini ist\u0259yir. Bu s\u0259b\u0259bd\u0259n d\u0259 Az\u0259rbaycanla imzalanm\u0131\u015f m\u00fcqavil\u0259y\u0259 ciddi yana\u015f\u0131r. Tehran\u0131n ritorikas\u0131n\u0131n d\u0259yi\u015fm\u0259si m\u0259tbuat\u0131ndan da hiss edilir. Son bir ay \u0259rzind\u0259 \u0130ran K\u0130V-i m\u0259s\u0259l\u0259 il\u0259 ba\u011fl\u0131 kifay\u0259t m\u00fcsb\u0259t yana\u015fma t\u0259qdim edib.<\/p>\n<p>Qon\u015fu \u0130randa da g\u00f6z\u0259l anlay\u0131rlar ki, s\u00f6z\u00fcged\u0259n layih\u0259 il\u0259 ba\u011fl\u0131 fundamental m\u0259s\u0259l\u0259 odur ki, n\u0259 Erm\u0259nistan, n\u0259 d\u0259 Rusiyan\u0131n m\u00f6vqel\u0259ri o q\u0259d\u0259r d\u0259 \u015f\u0259ffaf deyil. Az\u0259rbaycan\u0131n m\u00f6vqeyin\u0259 \u0259sas\u0259n, d\u0259hliz beyn\u0259lxalq d\u0259hlizdir, Erm\u0259nistan is\u0259 d\u0259hliz \u00fcz\u0259rind\u0259 \u00f6z suverenliyini h\u0259yata ke\u00e7irm\u0259k niyy\u0259tind\u0259dir. R\u0259smi Moskvan\u0131n ekspertl\u0259ri v\u0259 siyasi m\u0259murlar\u0131 d\u0259hlizin tikintisind\u0259 maraql\u0131 olduqlar\u0131n\u0131 dil\u0259 g\u0259tiribl\u0259r. Rusiyan\u0131n Ukraynada m\u00fcharib\u0259 aparmas\u0131 v\u0259 Avropaya \u00e7\u0131x\u0131\u015f\u0131n\u0131n m\u0259hdud olmas\u0131 s\u0259b\u0259bind\u0259n d\u0259hlizin i\u015f\u0259 sal\u0131nmas\u0131 Kremlin maraq dair\u0259sind\u0259dir. T\u00fcrkiy\u0259nin d\u0259 m\u00f6vqeyi tam ayd\u0131nd\u0131r, d\u0259hliz i\u015f\u0259 sal\u0131nmal\u0131d\u0131r. B\u0259zi \u0130ran ekspertl\u0259ri s\u00f6z\u00fcged\u0259n layih\u0259nin Ankara il\u0259 Bak\u0131 aras\u0131nda quru yolu oldu\u011funu d\u00fc\u015f\u00fcns\u0259l\u0259r d\u0259, bu d\u00fc\u015f\u00fcnc\u0259 k\u00f6k\u00fcnd\u0259n yanl\u0131\u015fd\u0131r. Z\u0259ng\u0259zur d\u0259hlizi olmadan da T\u00fcrkiy\u0259 Qars-Tbilisi-Bak\u0131 d\u0259miryol x\u0259tti il\u0259 Az\u0259rbaycana v\u0259 M\u0259rk\u0259zi Asiyaya quru \u00e7\u0131x\u0131\u015f\u0131 \u0259ld\u0259 edib. Sad\u0259c\u0259, d\u0259hlizin realla\u015fmas\u0131 bu \u0259laq\u0259ni daha da asanla\u015fd\u0131ra bil\u0259r. R\u0259smi Tehran da g\u00f6z\u0259l anlay\u0131r ki, Erm\u0259nistan\u0131n Az\u0259rbaycan v\u0259 T\u00fcrkiy\u0259 il\u0259 m\u00fcnasib\u0259tl\u0259rinin normalla\u015fmas\u0131 v\u0259 kommunikasiyalar\u0131n i\u015f\u0259 sal\u0131nmas\u0131 qaz idxal\u0131nda maraql\u0131 olan \u0130ran \u00fc\u00e7\u00fcn alternativl\u0259rin yaranmas\u0131na s\u0259b\u0259b olacaq. Tehran\u0131n ritorikas\u0131n\u0131n d\u0259yi\u015fm\u0259sinin dig\u0259r s\u0259b\u0259bi d\u0259 \u0130r\u0259van vasit\u0259sil\u0259 Avropa v\u0259 d\u00fcnyan\u0131n dig\u0259r b\u00f6lg\u0259l\u0259rin\u0259 \u00e7atmaq m\u0259s\u0259l\u0259sidir. Bu i\u015fd\u0259 \u0130ran iqtisadiyyat\u0131 el\u0259 d\u0259 b\u00f6y\u00fck u\u011fur qazana bilmir. \u00c7\u00fcnki Erm\u0259nistandan G\u00fcrc\u00fcstana, oradan da Qara d\u0259nizd\u0259n ke\u00e7ib T\u00fcrkiy\u0259y\u0259 \u00e7ata bil\u0259r. Bu is\u0259 ist\u0259nil\u0259n halda \u0130ran\u0131n T\u00fcrkiy\u0259d\u0259n as\u0131l\u0131 olmas\u0131 dem\u0259kdir. Bu s\u0259b\u0259bd\u0259n d\u0259 Ankaran\u0131n ciddi mara\u011f\u0131 oldu\u011fu layih\u0259y\u0259 mane\u0259 yaratma\u011f\u0131n Tehran \u00fc\u00e7\u00fcn he\u00e7 bir fayda g\u0259tirm\u0259y\u0259c\u0259yini \u0130slam Respublikas\u0131nda g\u00f6z\u0259l d\u0259rk edirl\u0259r.<\/p>\n<p>2020-ci il m\u00fcharib\u0259sind\u0259n sonra T\u00fcrkiy\u0259 v\u0259 Az\u0259rbaycan aras\u0131nda imzalanan \u015eu\u015fa B\u0259yannam\u0259si il\u0259 Z\u0259ng\u0259zur d\u0259hlizinin a\u00e7\u0131lmas\u0131 q\u0259rar\u0131 uzun ill\u0259r dayand\u0131r\u0131lm\u0131\u015f v\u0259 bloklanm\u0131\u015f \u0259n q\u0131sa v\u0259 avantajl\u0131 qlobal ticar\u0259t \u015f\u0259b\u0259k\u0259sinin yenid\u0259n qurulmas\u0131 dem\u0259kdir. C\u0259nub-\u015eimal v\u0259 \u015e\u0259rq-Q\u0259rb ticar\u0259t yollar\u0131n\u0131n k\u0259si\u015fm\u0259sind\u0259 olan Z\u0259ng\u0259zur d\u0259hlizi il\u0259 Az\u0259rbaycan\u0131n Nax\u00e7\u0131van regionu il\u0259 birba\u015fa quru yolunun \u0259ld\u0259 edilm\u0259si il\u0259 yana\u015f\u0131, T\u00fcrkiy\u0259nin X\u0259z\u0259r d\u0259nizi vasit\u0259sil\u0259 m\u00f6vcud olan \u015eimal \u0259laq\u0259si il\u0259 birlikd\u0259 yeni C\u0259nub \u0259laq\u0259sinin d\u0259 qurulmas\u0131 g\u00fcnd\u0259md\u0259dir. T\u00fcrkiy\u0259 Prezidenti R\u0259c\u0259b Tayyip \u018frdo\u011fan\u0131n 25 sentyabr tarixind\u0259 Nax\u00e7\u0131vana s\u0259f\u0259ri zaman\u0131 planla\u015fd\u0131r\u0131lan \u0130\u011fd\u0131r-Nax\u00e7\u0131van qaz x\u0259tti layih\u0259sinin g\u00fcnd\u0259m\u0259 g\u0259lm\u0259si d\u0259 Z\u0259ng\u0259zur d\u0259hlizinin enerji t\u0259hl\u00fck\u0259sizliyi c\u0259h\u0259td\u0259n d\u0259st\u0259kl\u0259ndiyini g\u00f6st\u0259rir. Bununla yana\u015f\u0131, Z\u0259ng\u0259zur d\u0259hlizinin Qafqaz v\u0259 M\u0259rk\u0259zi Asiya \u0259laq\u0259sinin g\u00fccl\u0259ndirilm\u0259si il\u0259 ortaya \u00e7\u0131xacaq potensial\u0131 Az\u0259rbaycan Prezidenti\u00a0<strong>\u0130lham \u018fliyevin\u00a0<\/strong>M\u0259rk\u0259zi Asiya s\u0259f\u0259rl\u0259ri, t\u00fcrkdilli \u00f6lk\u0259l\u0259rin d\u00f6vl\u0259t ba\u015f\u00e7\u0131lar\u0131n\u0131n zirv\u0259 g\u00f6r\u00fc\u015f\u00fcnd\u0259 i\u015ftirak\u0131 il\u0259 bir daha \u00fcz\u0259 \u00e7\u0131xd\u0131. S\u0259m\u0259rq\u0259nd B\u0259yannam\u0259sind\u0259 Z\u0259ng\u0259zur d\u0259hlizinin a\u00e7\u0131lmas\u0131n\u0131n t\u00fcrk d\u00fcnyas\u0131 \u00fc\u00e7\u00fcn \u0259h\u0259miyy\u0259tinin vur\u011fulanmas\u0131, beyn\u0259lxalq quru yollar\u0131n\u0131n inki\u015faf\u0131 bar\u0259d\u0259 raz\u0131l\u0131q \u0259ld\u0259 edilm\u0259si d\u0259 t\u0259sad\u00fcfi deyildi.<\/p>\n<p>Z\u0259ng\u0259zur d\u0259hlizinin i\u015f\u0259 sal\u0131nmas\u0131, eyni zamanda, Orta D\u0259hlizin d\u0259 i\u015fini asanla\u015fd\u0131racaq. Bu mar\u015frut vasit\u0259sil\u0259 Az\u0259rbaycan\u0131n Orta D\u0259hlizd\u0259n g\u0259l\u0259n y\u00fckl\u0259ri a\u015f\u0131rmaq imkanlar\u0131 daha da geni\u015fl\u0259n\u0259c\u0259k v\u0259 bu da \u00f6z n\u00f6vb\u0259sind\u0259 region \u00f6lk\u0259l\u0259rinin inki\u015faf\u0131na m\u00fcsb\u0259t t\u0259sir ed\u0259c\u0259k. Orta D\u0259hliz Transx\u0259z\u0259r Beyn\u0259lxalq N\u0259qliyyat D\u0259hlizi kimi d\u0259 tan\u0131n\u0131r v\u0259 2014-c\u00fc ild\u0259 Az\u0259rbaycan, Qazax\u0131stan v\u0259 G\u00fcrc\u00fcstan\u0131n i\u015ftirak\u0131 il\u0259 yarad\u0131l\u0131b. \u00c7in-Qazax\u0131stan s\u0259rh\u0259dind\u0259n ba\u015flayan d\u0259hliz Avropaya q\u0259d\u0259r uzan\u0131r v\u0259 Avropa il\u0259 Asiyan\u0131 birl\u0259\u015fdir\u0259n \u0259n q\u0131sa v\u0259 rahat mar\u015frut say\u0131l\u0131r. Art\u0131q Avropan\u0131n bir s\u0131ra d\u00f6vl\u0259tl\u0259ri d\u0259 bu layih\u0259y\u0259 qo\u015fulub. Rusiya-Ukrayna m\u00fcharib\u0259si \u015eimal D\u0259hlizi il\u0259 y\u00fckl\u0259rin da\u015f\u0131nmas\u0131n\u0131 m\u0259hdudla\u015fd\u0131r\u0131b. Bu yola alternativ is\u0259 Orta D\u0259hliz say\u0131l\u0131r. \u00c7ind\u0259n Avropaya ged\u0259n y\u00fck qatar\u0131 bu yol vasit\u0259sil\u0259 on min yox, yeddi min km yol q\u0259t edir. Eyni qatar C\u0259nub D\u0259hlizi v\u0259 S\u00fcvey\u015f kanal\u0131ndan g\u0259mi vasit\u0259sil\u0259 20 min km yol q\u0259t edir. Qloballa\u015fan d\u00fcnyada bel\u0259 bir alternativ is\u0259 ist\u0259nil\u0259n d\u00f6vl\u0259t \u00fc\u00e7\u00fcn daha \u0259lveri\u015fli say\u0131l\u0131r. Qeyd etm\u0259k yerin\u0259 d\u00fc\u015f\u0259r ki, Bak\u0131-Tbilisi-Qars d\u0259mir yolu da Orta D\u0259hlizin bir hiss\u0259sin\u0259 \u00e7evrilib.<\/p>\n<p><img src=\"https:\/\/cdn.oxu.az\/uploads\/W1siZiIsIjIwMjMvMTEvMDcvMTEvMDUvMTUvODliMGM1MDktZDY0Mi00YTY1LTgxNjItMTgxNWQyZTQ1NzgxL2FiNGRkMmYwLWNjYjQtMzJmNC1hNzQ2LTExYzIzMTJmODI4Ny5qcGciXSxbInAiLCJlbmNvZGUiLCJqcGciLCItcXVhbGl0eSA4MCJdLFsicCIsInRodW1iIiwiNTkweDU5MFx1MDAzZSJdXQ?sha=3e6d4ca227a65bc3\" alt=\"\" \/><\/p>\n<p>Yuxar\u0131da sadalananlardan da g\u00f6r\u00fcn\u00fcr ki, Orta D\u0259hliz\u0259 mara\u011f\u0131n artmas\u0131nda Az\u0259rbaycan m\u00fcst\u0259sna rola malikdir. Az\u0259rbaycan bu mar\u015frutun \u0259n \u00f6n\u0259mli halqalar\u0131ndan birini t\u0259\u015fkil edir v\u0259 Z\u0259ng\u0259zur d\u0259hlizinin i\u015f\u0259 sal\u0131nmas\u0131 bu d\u0259hlizin \u0259h\u0259miyy\u0259tini daha da art\u0131racaq, y\u00fckl\u0259rin da\u015f\u0131nmas\u0131n\u0131 s\u00fcr\u0259tl\u0259ndir\u0259c\u0259k. Bundan \u0259lav\u0259, \u015e\u0259rq-Q\u0259rb v\u0259 \u015eimal-C\u0259nub kimi beyn\u0259lxalq s\u0259viyy\u0259li mar\u015frutlar da Az\u0259rbaycandan ke\u00e7ir. Orta D\u0259hliz vasit\u0259sil\u0259 da\u015f\u0131nan y\u00fckl\u0259r \u00f6lk\u0259 \u0259razisind\u0259 s\u00f6z\u00fcged\u0259n d\u0259hlizl\u0259r\u0259 inteqrasiya edilmi\u015f yollar vasit\u0259sil\u0259 da\u015f\u0131na bil\u0259r. Eyni zamanda, bu layih\u0259nin realla\u015fmas\u0131, Z\u0259ng\u0259zur d\u0259hlizinin i\u015f\u0259 sal\u0131nmas\u0131 Az\u0259rbaycan\u0131n \u015e\u0259rqi Z\u0259ng\u0259zur regionunun da inki\u015faf\u0131na b\u00f6y\u00fck t\u0259kan ver\u0259 bil\u0259r.<\/p>\n<p>Yuxar\u0131da sadalananlardan da m\u0259lum olur ki, son g\u00fcnl\u0259r Q\u0259rb r\u0259smil\u0259rinin Az\u0259rbaycana v\u0259 M\u0259rk\u0259zi Asiyaya s\u0259f\u0259rl\u0259rinin k\u00f6k\u00fcnd\u0259 m\u0259hz d\u0259hliz maraqlar\u0131 durur. Q\u0259rb art\u0131q regionda s\u00f6z\u00fcged\u0259n beyn\u0259lxalq layih\u0259l\u0259rd\u0259 \u0259sas s\u00f6z sahibinin Az\u0259rbaycan oldu\u011funu g\u00f6z\u0259l d\u0259rk edir. Bu s\u0259b\u0259bd\u0259n d\u0259 m\u00fcnasib\u0259tl\u0259ri yax\u015f\u0131la\u015fd\u0131rmaq, layih\u0259l\u0259rin realla\u015fmas\u0131na yard\u0131m\u00e7\u0131 olmaq niyy\u0259tind\u0259dir. \u00c7\u00fcnki Az\u0259rbaycan \u0259razisind\u0259n ke\u00e7\u0259n beyn\u0259lxalq layih\u0259l\u0259r vasit\u0259sil\u0259, \u0259sas\u0259n, Avropaya da\u015f\u0131nmalar h\u0259yata ke\u00e7irilir.<\/p>\n<p><strong>\u201cReport\u201d \u0130nformasiya Agentliyi<\/strong><\/p>\n","protected":false},"excerpt":{"rendered":"<p>\u00d6t\u0259n h\u0259ft\u0259 sonu Almaniyan\u0131n xarici i\u015fl\u0259r naziri Annalena Berbok \u0259vv\u0259lc\u0259 Erm\u0259nistana, sonra is\u0259 Az\u0259rbaycana s\u0259f\u0259r edib. Xan\u0131m diplomat\u0131n s\u0259f\u0259rinin iki m\u0259qs\u0259di olub: iki \u00f6lk\u0259 aras\u0131nda ged\u0259n s\u00fclh dan\u0131\u015f\u0131qlar\u0131nda Q\u0259rb platformas\u0131n\u0131 aktivl\u0259\u015fdirm\u0259k v\u0259 qlobal kommunikasiya layih\u0259l\u0259rind\u0259 \u0130r\u0259van\u0131n i\u015ftirak\u0131n\u0131 t\u0259min etm\u0259k. Berbok \u0130r\u0259vanda ke\u00e7irdiyi g\u00f6r\u00fc\u015fl\u0259rd\u0259 b\u0259yan edib ki, \u201cGlobal Gateway\u201d proqram\u0131 iki \u00f6lk\u0259 aras\u0131nda s\u00fclh\u00fcn inki\u015faf\u0131na \u015f\u0259rait yaradacaq. Alman diplomat\u0131n ad\u0131n\u0131 halland\u0131rd\u0131\u011f\u0131 layih\u0259 A\u0130-nin yeni t\u0259\u015f\u0259bb\u00fcs\u00fcd\u00fcr v\u0259 Avropa Komissiyas\u0131n\u0131n r\u0259hb\u0259ri Ursula fon der Lyayen t\u0259r\u0259find\u0259n ortaya at\u0131l\u0131b. Avrasiya regionu \u00fc\u00e7\u00fcn bu t\u0259\u015f\u0259bb\u00fcs Rusiyadan yan ke\u00e7m\u0259kl\u0259 yeni yolun formala\u015fd\u0131r\u0131lmas\u0131d\u0131r v\u0259 \u00c7inin \u201cBir k\u0259m\u0259r,&hellip;<\/p>\n","protected":false},"author":2,"featured_media":654005,"comment_status":"closed","ping_status":"closed","sticky":false,"template":"","format":"standard","meta":{"om_disable_all_campaigns":false,"_monsterinsights_skip_tracking":false,"_monsterinsights_sitenote_active":false,"_monsterinsights_sitenote_note":"","_monsterinsights_sitenote_category":0},"categories":[4],"tags":[],"aioseo_notices":[],"gutentor_comment":0,"rttpg_featured_image_url":{"full":["https:\/\/arantv.az\/wp-content\/uploads\/2023\/11\/05bd0e37-5a8a-3140-9cf9-e7095daaff95_850.jpg",620,413,false],"landscape":["https:\/\/arantv.az\/wp-content\/uploads\/2023\/11\/05bd0e37-5a8a-3140-9cf9-e7095daaff95_850.jpg",620,413,false],"portraits":["https:\/\/arantv.az\/wp-content\/uploads\/2023\/11\/05bd0e37-5a8a-3140-9cf9-e7095daaff95_850.jpg",620,413,false],"thumbnail":["https:\/\/arantv.az\/wp-content\/uploads\/2023\/11\/05bd0e37-5a8a-3140-9cf9-e7095daaff95_850-500x280.jpg",500,280,true],"medium":["https:\/\/arantv.az\/wp-content\/uploads\/2023\/11\/05bd0e37-5a8a-3140-9cf9-e7095daaff95_850-548x365.jpg",548,365,true],"large":["https:\/\/arantv.az\/wp-content\/uploads\/2023\/11\/05bd0e37-5a8a-3140-9cf9-e7095daaff95_850.jpg",620,413,false],"1536x1536":["https:\/\/arantv.az\/wp-content\/uploads\/2023\/11\/05bd0e37-5a8a-3140-9cf9-e7095daaff95_850.jpg",620,413,false],"2048x2048":["https:\/\/arantv.az\/wp-content\/uploads\/2023\/11\/05bd0e37-5a8a-3140-9cf9-e7095daaff95_850.jpg",620,413,false],"post-thumbnail":["https:\/\/arantv.az\/wp-content\/uploads\/2023\/11\/05bd0e37-5a8a-3140-9cf9-e7095daaff95_850-240x172.jpg",240,172,true],"advps-thumb-one":["https:\/\/arantv.az\/wp-content\/uploads\/2023\/11\/05bd0e37-5a8a-3140-9cf9-e7095daaff95_850.jpg",620,413,false]},"rttpg_author":{"display_name":"V\u00fcsal Rafiqo\u011flu","author_link":"https:\/\/arantv.az\/?author=2"},"rttpg_comment":0,"rttpg_category":"<a href=\"https:\/\/arantv.az\/?cat=4\" rel=\"category\">Siyas\u0259t<\/a>","rttpg_excerpt":"\u00d6t\u0259n h\u0259ft\u0259 sonu Almaniyan\u0131n xarici i\u015fl\u0259r naziri Annalena Berbok \u0259vv\u0259lc\u0259 Erm\u0259nistana, sonra is\u0259 Az\u0259rbaycana s\u0259f\u0259r edib. Xan\u0131m diplomat\u0131n s\u0259f\u0259rinin iki m\u0259qs\u0259di olub: iki \u00f6lk\u0259 aras\u0131nda ged\u0259n s\u00fclh dan\u0131\u015f\u0131qlar\u0131nda Q\u0259rb platformas\u0131n\u0131 aktivl\u0259\u015fdirm\u0259k v\u0259 qlobal kommunikasiya layih\u0259l\u0259rind\u0259 \u0130r\u0259van\u0131n i\u015ftirak\u0131n\u0131 t\u0259min etm\u0259k. Berbok \u0130r\u0259vanda ke\u00e7irdiyi g\u00f6r\u00fc\u015fl\u0259rd\u0259 b\u0259yan edib ki, \u201cGlobal Gateway\u201d proqram\u0131 iki \u00f6lk\u0259 aras\u0131nda s\u00fclh\u00fcn inki\u015faf\u0131na \u015f\u0259rait&hellip;","_links":{"self":[{"href":"https:\/\/arantv.az\/index.php?rest_route=\/wp\/v2\/posts\/654004"}],"collection":[{"href":"https:\/\/arantv.az\/index.php?rest_route=\/wp\/v2\/posts"}],"about":[{"href":"https:\/\/arantv.az\/index.php?rest_route=\/wp\/v2\/types\/post"}],"author":[{"embeddable":true,"href":"https:\/\/arantv.az\/index.php?rest_route=\/wp\/v2\/users\/2"}],"replies":[{"embeddable":true,"href":"https:\/\/arantv.az\/index.php?rest_route=%2Fwp%2Fv2%2Fcomments&post=654004"}],"version-history":[{"count":0,"href":"https:\/\/arantv.az\/index.php?rest_route=\/wp\/v2\/posts\/654004\/revisions"}],"wp:featuredmedia":[{"embeddable":true,"href":"https:\/\/arantv.az\/index.php?rest_route=\/wp\/v2\/media\/654005"}],"wp:attachment":[{"href":"https:\/\/arantv.az\/index.php?rest_route=%2Fwp%2Fv2%2Fmedia&parent=654004"}],"wp:term":[{"taxonomy":"category","embeddable":true,"href":"https:\/\/arantv.az\/index.php?rest_route=%2Fwp%2Fv2%2Fcategories&post=654004"},{"taxonomy":"post_tag","embeddable":true,"href":"https:\/\/arantv.az\/index.php?rest_route=%2Fwp%2Fv2%2Ftags&post=654004"}],"curies":[{"name":"wp","href":"https:\/\/api.w.org\/{rel}","templated":true}]}}