{"id":654010,"date":"2023-11-07T16:24:06","date_gmt":"2023-11-07T12:24:06","guid":{"rendered":"https:\/\/arantv.az\/?p=654010"},"modified":"2023-11-07T16:24:06","modified_gmt":"2023-11-07T12:24:06","slug":"ilham-%c9%99liyev-v%c9%99-mehriban-%c9%99liyeva-susada-isa-bulaginda-olublar","status":"publish","type":"post","link":"https:\/\/arantv.az\/?p=654010","title":{"rendered":"\u0130lham \u018fliyev v\u0259 Mehriban \u018fliyeva \u015eu\u015fada \u0130sa bula\u011f\u0131nda olublar"},"content":{"rendered":"<p>Az\u0259rbaycan Respublikas\u0131n\u0131n Prezidenti\u00a0<strong>\u0130lham \u018fliyev<\/strong>\u00a0v\u0259 Birinci vitse-prezident\u00a0<strong>Mehriban \u018fliyeva\u00a0<\/strong>noyabr\u0131n 7-d\u0259 \u015eu\u015fada \u0130sa bula\u011f\u0131nda olublar.<\/p>\n<p>Bu bar\u0259d\u0259\u00a0<a href=\"https:\/\/azertag.az\/xeber\/prezident_ilham_eliyev_ve_birinci_xanim_mehriban_eliyeva_susada_isa_bulaginda_olublar_yenilenecek-2817715\" target=\"_blank\" rel=\"noopener\">AZ\u018fRTAC<\/a>\u00a0x\u0259b\u0259r verir.<\/p>\n","protected":false},"excerpt":{"rendered":"<p>Az\u0259rbaycan Respublikas\u0131n\u0131n Prezidenti\u00a0\u0130lham \u018fliyev\u00a0v\u0259 Birinci vitse-prezident\u00a0Mehriban \u018fliyeva\u00a0noyabr\u0131n 7-d\u0259 \u015eu\u015fada \u0130sa bula\u011f\u0131nda olublar. Bu bar\u0259d\u0259\u00a0AZ\u018fRTAC\u00a0x\u0259b\u0259r verir.<\/p>\n","protected":false},"author":2,"featured_media":654011,"comment_status":"closed","ping_status":"closed","sticky":false,"template":"","format":"standard","meta":{"om_disable_all_campaigns":false,"_monsterinsights_skip_tracking":false,"_monsterinsights_sitenote_active":false,"_monsterinsights_sitenote_note":"","_monsterinsights_sitenote_category":0},"categories":[4],"tags":[],"aioseo_notices":[],"gutentor_comment":0,"rttpg_featured_image_url":{"full":["https:\/\/arantv.az\/wp-content\/uploads\/2023\/11\/9de6bd18-58a0-46a3-b038-a6fea8ec3375.jpg",620,413,false],"landscape":["https:\/\/arantv.az\/wp-content\/uploads\/2023\/11\/9de6bd18-58a0-46a3-b038-a6fea8ec3375.jpg",620,413,false],"portraits":["https:\/\/arantv.az\/wp-content\/uploads\/2023\/11\/9de6bd18-58a0-46a3-b038-a6fea8ec3375.jpg",620,413,false],"thumbnail":["https:\/\/arantv.az\/wp-content\/uploads\/2023\/11\/9de6bd18-58a0-46a3-b038-a6fea8ec3375-500x280.jpg",500,280,true],"medium":["https:\/\/arantv.az\/wp-content\/uploads\/2023\/11\/9de6bd18-58a0-46a3-b038-a6fea8ec3375-548x365.jpg",548,365,true],"large":["https:\/\/arantv.az\/wp-content\/uploads\/2023\/11\/9de6bd18-58a0-46a3-b038-a6fea8ec3375.jpg",620,413,false],"1536x1536":["https:\/\/arantv.az\/wp-content\/uploads\/2023\/11\/9de6bd18-58a0-46a3-b038-a6fea8ec3375.jpg",620,413,false],"2048x2048":["https:\/\/arantv.az\/wp-content\/uploads\/2023\/11\/9de6bd18-58a0-46a3-b038-a6fea8ec3375.jpg",620,413,false],"post-thumbnail":["https:\/\/arantv.az\/wp-content\/uploads\/2023\/11\/9de6bd18-58a0-46a3-b038-a6fea8ec3375-240x172.jpg",240,172,true],"advps-thumb-one":["https:\/\/arantv.az\/wp-content\/uploads\/2023\/11\/9de6bd18-58a0-46a3-b038-a6fea8ec3375.jpg",620,413,false]},"rttpg_author":{"display_name":"V\u00fcsal Rafiqo\u011flu","author_link":"https:\/\/arantv.az\/?author=2"},"rttpg_comment":0,"rttpg_category":"<a href=\"https:\/\/arantv.az\/?cat=4\" rel=\"category\">Siyas\u0259t<\/a>","rttpg_excerpt":"Az\u0259rbaycan Respublikas\u0131n\u0131n Prezidenti\u00a0\u0130lham \u018fliyev\u00a0v\u0259 Birinci vitse-prezident\u00a0Mehriban \u018fliyeva\u00a0noyabr\u0131n 7-d\u0259 \u015eu\u015fada \u0130sa bula\u011f\u0131nda olublar. Bu bar\u0259d\u0259\u00a0AZ\u018fRTAC\u00a0x\u0259b\u0259r verir.","_links":{"self":[{"href":"https:\/\/arantv.az\/index.php?rest_route=\/wp\/v2\/posts\/654010"}],"collection":[{"href":"https:\/\/arantv.az\/index.php?rest_route=\/wp\/v2\/posts"}],"about":[{"href":"https:\/\/arantv.az\/index.php?rest_route=\/wp\/v2\/types\/post"}],"author":[{"embeddable":true,"href":"https:\/\/arantv.az\/index.php?rest_route=\/wp\/v2\/users\/2"}],"replies":[{"embeddable":true,"href":"https:\/\/arantv.az\/index.php?rest_route=%2Fwp%2Fv2%2Fcomments&post=654010"}],"version-history":[{"count":0,"href":"https:\/\/arantv.az\/index.php?rest_route=\/wp\/v2\/posts\/654010\/revisions"}],"wp:featuredmedia":[{"embeddable":true,"href":"https:\/\/arantv.az\/index.php?rest_route=\/wp\/v2\/media\/654011"}],"wp:attachment":[{"href":"https:\/\/arantv.az\/index.php?rest_route=%2Fwp%2Fv2%2Fmedia&parent=654010"}],"wp:term":[{"taxonomy":"category","embeddable":true,"href":"https:\/\/arantv.az\/index.php?rest_route=%2Fwp%2Fv2%2Fcategories&post=654010"},{"taxonomy":"post_tag","embeddable":true,"href":"https:\/\/arantv.az\/index.php?rest_route=%2Fwp%2Fv2%2Ftags&post=654010"}],"curies":[{"name":"wp","href":"https:\/\/api.w.org\/{rel}","templated":true}]}}