{"id":654012,"date":"2023-11-07T16:24:42","date_gmt":"2023-11-07T12:24:42","guid":{"rendered":"https:\/\/arantv.az\/?p=654012"},"modified":"2023-11-07T16:24:42","modified_gmt":"2023-11-07T12:24:42","slug":"multikulturalizm-m%c9%99rk%c9%99zind%c9%99-z%c9%99f%c9%99r-gunu-t%c9%99dbiri-kecirilib-foto","status":"publish","type":"post","link":"https:\/\/arantv.az\/?p=654012","title":{"rendered":"Multikulturalizm M\u0259rk\u0259zind\u0259 Z\u0259f\u0259r G\u00fcn\u00fc t\u0259dbiri ke\u00e7irilib &#8211; FOTO"},"content":{"rendered":"<p>Bak\u0131 Beyn\u0259lxalq Multikulturalizm M\u0259rk\u0259zind\u0259 (BBMM) 8 Noyabr &#8211; Z\u0259f\u0259r G\u00fcn\u00fcn\u0259 h\u0259sr edil\u0259n t\u0259dbir ke\u00e7irilib. Az\u0259rbaycan Respublikas\u0131n\u0131n D\u00f6vl\u0259t Himninin s\u0259sl\u0259ndirilm\u0259si il\u0259 ba\u015flayan t\u0259dbird\u0259 V\u0259t\u0259n u\u011frunda can\u0131ndan ke\u00e7mi\u015f \u015f\u0259hidl\u0259rimizin xatir\u0259si bir d\u0259qiq\u0259lik s\u00fckutla yad edilib. BBMM t\u0259r\u0259find\u0259n haz\u0131rlanan \u201cBiz birlikd\u0259 g\u00fccl\u00fcy\u00fck\u201d s\u0259n\u0259dli filmi n\u00fcmayi\u015f olunub.<\/p>\n<p>Bu bar\u0259d\u0259 Bak\u0131 Beyn\u0259lxalq Multikulturalizm M\u0259rk\u0259zinin M\u0259tbuat Xidm\u0259ti m\u0259lumat yay\u0131b.<\/p>\n<p>T\u0259dbiri giri\u015f s\u00f6z\u00fc il\u0259 a\u00e7an BBMM-in icra\u00e7\u0131 direktoru R\u0259van H\u0259s\u0259nov bildirib ki, 44 g\u00fcnl\u00fck V\u0259t\u0259n m\u00fcharib\u0259sind\u0259 qazan\u0131lan Z\u0259f\u0259r d\u00f6vl\u0259t\u00e7ilik tariximizin \u0259n \u015fanl\u0131 s\u0259hif\u0259l\u0259rind\u0259n biridir:<\/p>\n<p>\u201cM\u00fcz\u0259ff\u0259r Ali Ba\u015f Komandan, Prezident\u00a0<strong>\u0130lham \u018fliyevin<\/strong>\u00a0liderliyi il\u0259 son 200 ilin \u0259n b\u00f6y\u00fck q\u0259l\u0259b\u0259sini qazand\u0131q. Bu Q\u0259l\u0259b\u0259 h\u0259r bir az\u0259rbaycanl\u0131 \u00fc\u00e7\u00fcn sonsuz q\u00fcrur m\u0259nb\u0259yidir v\u0259 tariximizd\u0259 \u0259b\u0259di qalacaq. Z\u0259f\u0259r G\u00fcn\u00fc Az\u0259rbaycan\u0131n d\u00f6vl\u0259t m\u00fcst\u0259qilliyinin, suverenliyinin, g\u00fcc\u00fcn\u00fcn v\u0259 q\u00fcdr\u0259tinin r\u0259mzidir\u201d.<\/p>\n<p>R\u0259van H\u0259s\u0259nov diqq\u0259t\u0259 \u00e7atd\u0131r\u0131b ki, V\u0259t\u0259n m\u00fcharib\u0259sind\u0259ki Z\u0259f\u0259rimizin arxas\u0131nda duran ideya birlik, qarda\u015fl\u0131q idi. \u00c7\u00fcnki torpaqlar\u0131m\u0131z\u0131n azadl\u0131\u011f\u0131, \u00f6lk\u0259mizin \u0259razi b\u00fct\u00f6vl\u00fcy\u00fc v\u0259 suverenliyi u\u011frunda m\u00fcbariz\u0259d\u0259 dinind\u0259n, dilind\u0259n, m\u0259d\u0259niyy\u0259tind\u0259n as\u0131l\u0131 olmayaraq, h\u0259r k\u0259s \u201cD\u0259mir yumruq\u201d \u0259traf\u0131nda birl\u0259\u015fdi.<\/p>\n<p>Daha sonra \u00e7\u0131x\u0131\u015f ed\u0259n Qafqaz M\u00fcs\u0259lmanlar\u0131 \u0130dar\u0259si s\u0259drinin m\u00fcavini Fuad Nurullayev, Bak\u0131 Da\u011f Y\u0259hudil\u0259ri Dini \u0130cmas\u0131n\u0131n r\u0259hb\u0259ri Milix Yevdayev, AMEA F\u0259ls\u0259f\u0259 v\u0259 Sosiologiya \u0130nstitutunun apar\u0131c\u0131 elmi i\u015f\u00e7isi, \u0130kinci Qaraba\u011f m\u00fcharib\u0259si qazisi Radif Mustafayev, Az\u0259rbaycan \u0130lahiyyat \u0130nstitutunun Elm v\u0259 \u0130nnovasiyalar \u00fczr\u0259 prorektoru Mirniyaz M\u00fcrs\u0259lov, Az\u0259rbaycanda Katolik Kils\u0259sinin Apostol Prefekti Yepiskop Vladimir Fekete, Az\u0259rbaycan Silahl\u0131 Q\u00fcvv\u0259l\u0259rinin kapitan\u0131, \u0130kinci Qaraba\u011f m\u00fcharib\u0259sinin i\u015ftirak\u00e7\u0131s\u0131, V\u0259t\u0259n M\u00fcharib\u0259si Q\u0259hr\u0259man\u0131 Ramazan Hudulov, Rus Pravoslav Kils\u0259sinin Bak\u0131 Yeparxiya \u0130dar\u0259sinin katibi protoiyerey Mefodi Elnur \u018ff\u0259ndiyev, Avropa Y\u0259hudil\u0259rinin Bak\u0131 dini icmas\u0131n\u0131n s\u0259dri \u015eneor Seqal, Alban-Udi Xristian Dini \u0130cmas\u0131n\u0131n s\u0259dri Robert Mobili, G\u00fcrc\u00fc y\u0259hudil\u0259ri icmas\u0131n\u0131n ravvini Zamir \u0130sayev, \u201cSamur\u201d L\u0259zgi Milli M\u0259rk\u0259zinin s\u0259dri \u0130mran Rzayev, Tal\u0131\u015f icmas\u0131n\u0131n a\u011fsaqqal\u0131 \u0130mamverdi H\u0259midov, \u201cAz\u0259rbaycan-Avar\u201d \u0130ctimai Birliyinin s\u0259dri M\u0259h\u0259mm\u0259d Nooyev v\u0259 Qazi \u0130smail Hetayev Az\u0259rbaycanda ya\u015fayan milli-dini icmalar\u0131n n\u00fcmay\u0259nd\u0259l\u0259rinin bir yerd\u0259 v\u0259 h\u0259mr\u0259y olduqlar\u0131n\u0131 vur\u011fulay\u0131blar.<\/p>\n<p>Qeyd olunub ki, Az\u0259rbaycan d\u00f6vl\u0259ti \u00f6z siyas\u0259tind\u0259 multikultural d\u0259y\u0259rl\u0259ri h\u0259r zaman \u0259sas g\u00f6t\u00fcr\u00fcb.<\/p>\n<p>&nbsp;<\/p>\n<div class=\"gallery\">\n<div class=\"gallery-i\"><img src=\"https:\/\/cdn.oxu.az\/uploads\/W1siZiIsIjIwMjMvMTEvMDcvMTMvNDkvMDEvOTEwODhkMGMtMWQ0MC00NTBiLWE5YzItMjM4N2Y2NGU5ZGRjLzgzNzM1NTIyLTAwZWQtNGU0OS1iZDNhLTIzMzJhODVmM2UzNy5qcGVnIl0sWyJwIiwiZW5jb2RlIiwianBnIiwiLXF1YWxpdHkgODAiXSxbInAiLCJ0aHVtYiIsIjU5MHg1OTBcdTAwM2UiXV0?sha=139e6e38e77215d3\" alt=\"\" \/><\/p>\n<div class=\"gallery-i-caption\"><\/div>\n<\/div>\n<div class=\"gallery-i\"><img src=\"https:\/\/cdn.oxu.az\/uploads\/W1siZiIsIjIwMjMvMTEvMDcvMTMvNDkvMDEvYmNiZGIwOTctOTY0Zi00M2RhLTliNjgtMWEyMDBhNGE3NmJjL2MzMDQ5MGZiLTg1MmItNDYyYi1iM2VkLWNjZmZmNDAyYTZmZC5qcGVnIl0sWyJwIiwiZW5jb2RlIiwianBnIiwiLXF1YWxpdHkgODAiXSxbInAiLCJ0aHVtYiIsIjU5MHg1OTBcdTAwM2UiXV0?sha=64cd17a078f3791a\" alt=\"\" \/><\/p>\n<div class=\"gallery-i-caption\"><\/div>\n<\/div>\n<div class=\"gallery-i\"><img src=\"https:\/\/cdn.oxu.az\/uploads\/W1siZiIsIjIwMjMvMTEvMDcvMTMvNDkvMDEvODA1N2U0ZWYtMWE4NS00ZWYxLTk4YzUtOWRmMmVlYWJlMzE0LzZjMTQzYTMxLTVmNzUtNGQ4My04MWI3LWFlMjQ0NzIxYzJjMS5qcGVnIl0sWyJwIiwiZW5jb2RlIiwianBnIiwiLXF1YWxpdHkgODAiXSxbInAiLCJ0aHVtYiIsIjU5MHg1OTBcdTAwM2UiXV0?sha=b7b164df4baf895a\" alt=\"\" \/><\/p>\n<div class=\"gallery-i-caption\"><\/div>\n<\/div>\n<div class=\"gallery-i\"><img src=\"https:\/\/cdn.oxu.az\/uploads\/W1siZiIsIjIwMjMvMTEvMDcvMTMvNDkvMDEvMzUzOGEwMmItYTcwYy00NDliLThhMmEtZjhhZWMyYzVkY2E3LzhiYTUzZTE1LWU1ZWYtNGQ2ZC1iMWY0LTliNjdkZDQ1YTkyNy5qcGVnIl0sWyJwIiwiZW5jb2RlIiwianBnIiwiLXF1YWxpdHkgODAiXSxbInAiLCJ0aHVtYiIsIjU5MHg1OTBcdTAwM2UiXV0?sha=977f31b5b8f45843\" alt=\"\" \/><\/div>\n<\/div>\n","protected":false},"excerpt":{"rendered":"<p>Bak\u0131 Beyn\u0259lxalq Multikulturalizm M\u0259rk\u0259zind\u0259 (BBMM) 8 Noyabr &#8211; Z\u0259f\u0259r G\u00fcn\u00fcn\u0259 h\u0259sr edil\u0259n t\u0259dbir ke\u00e7irilib. Az\u0259rbaycan Respublikas\u0131n\u0131n D\u00f6vl\u0259t Himninin s\u0259sl\u0259ndirilm\u0259si il\u0259 ba\u015flayan t\u0259dbird\u0259 V\u0259t\u0259n u\u011frunda can\u0131ndan ke\u00e7mi\u015f \u015f\u0259hidl\u0259rimizin xatir\u0259si bir d\u0259qiq\u0259lik s\u00fckutla yad edilib. BBMM t\u0259r\u0259find\u0259n haz\u0131rlanan \u201cBiz birlikd\u0259 g\u00fccl\u00fcy\u00fck\u201d s\u0259n\u0259dli filmi n\u00fcmayi\u015f olunub. Bu bar\u0259d\u0259 Bak\u0131 Beyn\u0259lxalq Multikulturalizm M\u0259rk\u0259zinin M\u0259tbuat Xidm\u0259ti m\u0259lumat yay\u0131b. T\u0259dbiri giri\u015f s\u00f6z\u00fc il\u0259 a\u00e7an BBMM-in icra\u00e7\u0131 direktoru R\u0259van H\u0259s\u0259nov bildirib ki, 44 g\u00fcnl\u00fck V\u0259t\u0259n m\u00fcharib\u0259sind\u0259 qazan\u0131lan Z\u0259f\u0259r d\u00f6vl\u0259t\u00e7ilik tariximizin \u0259n \u015fanl\u0131 s\u0259hif\u0259l\u0259rind\u0259n biridir: \u201cM\u00fcz\u0259ff\u0259r Ali Ba\u015f Komandan, Prezident\u00a0\u0130lham \u018fliyevin\u00a0liderliyi il\u0259 son 200 ilin \u0259n b\u00f6y\u00fck q\u0259l\u0259b\u0259sini&hellip;<\/p>\n","protected":false},"author":2,"featured_media":654015,"comment_status":"closed","ping_status":"closed","sticky":false,"template":"","format":"standard","meta":{"om_disable_all_campaigns":false,"_monsterinsights_skip_tracking":false,"_monsterinsights_sitenote_active":false,"_monsterinsights_sitenote_note":"","_monsterinsights_sitenote_category":0},"categories":[4],"tags":[],"aioseo_notices":[],"gutentor_comment":0,"rttpg_featured_image_url":{"full":["https:\/\/arantv.az\/wp-content\/uploads\/2023\/11\/c46c0ef5-9a82-4fa8-a4bd-5beea306c7e0.jpg",620,413,false],"landscape":["https:\/\/arantv.az\/wp-content\/uploads\/2023\/11\/c46c0ef5-9a82-4fa8-a4bd-5beea306c7e0.jpg",620,413,false],"portraits":["https:\/\/arantv.az\/wp-content\/uploads\/2023\/11\/c46c0ef5-9a82-4fa8-a4bd-5beea306c7e0.jpg",620,413,false],"thumbnail":["https:\/\/arantv.az\/wp-content\/uploads\/2023\/11\/c46c0ef5-9a82-4fa8-a4bd-5beea306c7e0-500x280.jpg",500,280,true],"medium":["https:\/\/arantv.az\/wp-content\/uploads\/2023\/11\/c46c0ef5-9a82-4fa8-a4bd-5beea306c7e0-548x365.jpg",548,365,true],"large":["https:\/\/arantv.az\/wp-content\/uploads\/2023\/11\/c46c0ef5-9a82-4fa8-a4bd-5beea306c7e0.jpg",620,413,false],"1536x1536":["https:\/\/arantv.az\/wp-content\/uploads\/2023\/11\/c46c0ef5-9a82-4fa8-a4bd-5beea306c7e0.jpg",620,413,false],"2048x2048":["https:\/\/arantv.az\/wp-content\/uploads\/2023\/11\/c46c0ef5-9a82-4fa8-a4bd-5beea306c7e0.jpg",620,413,false],"post-thumbnail":["https:\/\/arantv.az\/wp-content\/uploads\/2023\/11\/c46c0ef5-9a82-4fa8-a4bd-5beea306c7e0-240x172.jpg",240,172,true],"advps-thumb-one":["https:\/\/arantv.az\/wp-content\/uploads\/2023\/11\/c46c0ef5-9a82-4fa8-a4bd-5beea306c7e0.jpg",620,413,false]},"rttpg_author":{"display_name":"V\u00fcsal Rafiqo\u011flu","author_link":"https:\/\/arantv.az\/?author=2"},"rttpg_comment":0,"rttpg_category":"<a href=\"https:\/\/arantv.az\/?cat=4\" rel=\"category\">Siyas\u0259t<\/a>","rttpg_excerpt":"Bak\u0131 Beyn\u0259lxalq Multikulturalizm M\u0259rk\u0259zind\u0259 (BBMM) 8 Noyabr &#8211; Z\u0259f\u0259r G\u00fcn\u00fcn\u0259 h\u0259sr edil\u0259n t\u0259dbir ke\u00e7irilib. Az\u0259rbaycan Respublikas\u0131n\u0131n D\u00f6vl\u0259t Himninin s\u0259sl\u0259ndirilm\u0259si il\u0259 ba\u015flayan t\u0259dbird\u0259 V\u0259t\u0259n u\u011frunda can\u0131ndan ke\u00e7mi\u015f \u015f\u0259hidl\u0259rimizin xatir\u0259si bir d\u0259qiq\u0259lik s\u00fckutla yad edilib. BBMM t\u0259r\u0259find\u0259n haz\u0131rlanan \u201cBiz birlikd\u0259 g\u00fccl\u00fcy\u00fck\u201d s\u0259n\u0259dli filmi n\u00fcmayi\u015f olunub. Bu bar\u0259d\u0259 Bak\u0131 Beyn\u0259lxalq Multikulturalizm M\u0259rk\u0259zinin M\u0259tbuat Xidm\u0259ti m\u0259lumat yay\u0131b. T\u0259dbiri giri\u015f&hellip;","_links":{"self":[{"href":"https:\/\/arantv.az\/index.php?rest_route=\/wp\/v2\/posts\/654012"}],"collection":[{"href":"https:\/\/arantv.az\/index.php?rest_route=\/wp\/v2\/posts"}],"about":[{"href":"https:\/\/arantv.az\/index.php?rest_route=\/wp\/v2\/types\/post"}],"author":[{"embeddable":true,"href":"https:\/\/arantv.az\/index.php?rest_route=\/wp\/v2\/users\/2"}],"replies":[{"embeddable":true,"href":"https:\/\/arantv.az\/index.php?rest_route=%2Fwp%2Fv2%2Fcomments&post=654012"}],"version-history":[{"count":0,"href":"https:\/\/arantv.az\/index.php?rest_route=\/wp\/v2\/posts\/654012\/revisions"}],"wp:featuredmedia":[{"embeddable":true,"href":"https:\/\/arantv.az\/index.php?rest_route=\/wp\/v2\/media\/654015"}],"wp:attachment":[{"href":"https:\/\/arantv.az\/index.php?rest_route=%2Fwp%2Fv2%2Fmedia&parent=654012"}],"wp:term":[{"taxonomy":"category","embeddable":true,"href":"https:\/\/arantv.az\/index.php?rest_route=%2Fwp%2Fv2%2Fcategories&post=654012"},{"taxonomy":"post_tag","embeddable":true,"href":"https:\/\/arantv.az\/index.php?rest_route=%2Fwp%2Fv2%2Ftags&post=654012"}],"curies":[{"name":"wp","href":"https:\/\/api.w.org\/{rel}","templated":true}]}}