{"id":654068,"date":"2023-11-07T19:22:54","date_gmt":"2023-11-07T15:22:54","guid":{"rendered":"https:\/\/arantv.az\/?p=654068"},"modified":"2023-11-07T19:22:54","modified_gmt":"2023-11-07T15:22:54","slug":"qdi%c9%99t-parlament-m%c9%99clisinin-bas-katibi-prezident-ilham-%c9%99liyevi-t%c9%99brik-edib","status":"publish","type":"post","link":"https:\/\/arantv.az\/?p=654068","title":{"rendered":"QD\u0130\u018fT Parlament M\u0259clisinin Ba\u015f katibi Prezident \u0130lham \u018fliyevi t\u0259brik edib"},"content":{"rendered":"<p>Qara D\u0259niz \u0130qtisadi \u018fm\u0259kda\u015fl\u0131q T\u0259\u015fkilat\u0131n\u0131n Parlament M\u0259clisinin Ba\u015f katibi As\u0259f Hac\u0131yevd\u0259n Az\u0259rbaycan Prezidenti\u00a0<strong>\u0130lham \u018fliyev\u0259<\/strong>\u00a0t\u0259brik m\u0259ktubu g\u0259lib.<\/p>\n<p><a href=\"https:\/\/azertag.az\/xeber\/qara_deniz_iqtisadi_emekdasliq_teskilatinin_parlament_meclisinin_bas_katibi_asef_haciyevden-2818039\" target=\"_blank\" rel=\"noopener\">AZ\u018fRTAC<\/a>\u00a0x\u0259b\u0259r verir ki, m\u0259ktubda deyilir:<\/p>\n<p>\u201cM\u00f6ht\u0259r\u0259m c\u0259nab Prezident!<\/p>\n<p>Sizi tariximiz\u0259 q\u0131z\u0131l h\u0259rfl\u0259rl\u0259 yaz\u0131lm\u0131\u015f Z\u0259f\u0259r G\u00fcn\u00fc m\u00fcnasib\u0259til\u0259 \u00fcr\u0259kd\u0259n t\u0259brik edir, i\u015fl\u0259rinizd\u0259 u\u011furlar, m\u00f6hk\u0259m cansa\u011fl\u0131\u011f\u0131 arzulay\u0131ram.<\/p>\n<p>Bu g\u00fcn\u00fc Az\u0259rbaycan xalq\u0131 30 il h\u0259sr\u0259tl\u0259 g\u00f6zl\u0259yirdi. Sizin ard\u0131c\u0131l siyas\u0259tiniz, q\u0259tiyy\u0259tli add\u0131mlar\u0131n\u0131z n\u0259tic\u0259sind\u0259 m\u00fcz\u0259ff\u0259r ordumuz torpaqlar\u0131m\u0131z\u0131 i\u015f\u011faldan azad etdi v\u0259 \u00f6lk\u0259miz \u00f6z suverenliyini b\u0259rpa etdi. Az\u0259rbaycan d\u00fcnyada \u00e7ox az sayda olan \u00f6lk\u0259l\u0259rd\u0259ndir ki, torpaqlar\u0131n\u0131n 20 faizini itirdikd\u0259n sonra g\u00fcc\u00fcn\u00fc toplay\u0131b \u0259razi b\u00fct\u00f6vl\u00fcy\u00fcn\u00fc b\u0259rpa etdi. Bu, Sizin r\u0259hb\u0259rliyiniz alt\u0131nda m\u00fcmk\u00fcn oldu.<\/p>\n<p>Bu g\u00fcnl\u0259rd\u0259 Az\u0259rbaycan xalq\u0131 9 Noyabr &#8211;\u00a0D\u00f6vl\u0259t Bayra\u011f\u0131 G\u00fcn\u00fcn\u00fc, 12 Noyabr &#8211;\u00a0Konstitusiya G\u00fcn\u00fcn\u00fc, 17 Noyabr &#8211;\u00a0Milli Dir\u00e7\u0259li\u015f G\u00fcn\u00fcn\u00fc qeyd edir. He\u00e7 t\u0259sad\u00fcfi deyil ki, m\u0259hz bir ne\u00e7\u0259 g\u00fcn \u0259vv\u0259l Siz Xank\u0259ndid\u0259 Az\u0259rbaycan\u0131n D\u00f6vl\u0259t Bayra\u011f\u0131n\u0131 ucaltd\u0131n\u0131z v\u0259 \u00f6lk\u0259mizd\u0259 ya\u015fayan h\u0259r bir ail\u0259y\u0259 sevinc hissi b\u0259x\u015f etdiniz.<\/p>\n<p>C\u0259nab Prezident, Sizin xalq\u0131m\u0131z\u0131n milli d\u0259y\u0259rl\u0259rin\u0259 \u0259saslanan, Az\u0259rbaycan\u0131n b\u00fct\u00f6vl\u00fcy\u00fc u\u011frunda h\u0259yata ke\u00e7irdiyiniz siyas\u0259t xalq\u0131m\u0131z t\u0259r\u0259find\u0259n y\u00fcks\u0259k qiym\u0259tl\u0259ndirilir. Siz\u0259 cansa\u011fl\u0131\u011f\u0131, b\u00f6y\u00fck u\u011furlar v\u0259 ail\u0259 s\u0259ad\u0259ti arzu edir\u0259m\u201d.<\/p>\n","protected":false},"excerpt":{"rendered":"<p>Qara D\u0259niz \u0130qtisadi \u018fm\u0259kda\u015fl\u0131q T\u0259\u015fkilat\u0131n\u0131n Parlament M\u0259clisinin Ba\u015f katibi As\u0259f Hac\u0131yevd\u0259n Az\u0259rbaycan Prezidenti\u00a0\u0130lham \u018fliyev\u0259\u00a0t\u0259brik m\u0259ktubu g\u0259lib. AZ\u018fRTAC\u00a0x\u0259b\u0259r verir ki, m\u0259ktubda deyilir: \u201cM\u00f6ht\u0259r\u0259m c\u0259nab Prezident! Sizi tariximiz\u0259 q\u0131z\u0131l h\u0259rfl\u0259rl\u0259 yaz\u0131lm\u0131\u015f Z\u0259f\u0259r G\u00fcn\u00fc m\u00fcnasib\u0259til\u0259 \u00fcr\u0259kd\u0259n t\u0259brik edir, i\u015fl\u0259rinizd\u0259 u\u011furlar, m\u00f6hk\u0259m cansa\u011fl\u0131\u011f\u0131 arzulay\u0131ram. Bu g\u00fcn\u00fc Az\u0259rbaycan xalq\u0131 30 il h\u0259sr\u0259tl\u0259 g\u00f6zl\u0259yirdi. Sizin ard\u0131c\u0131l siyas\u0259tiniz, q\u0259tiyy\u0259tli add\u0131mlar\u0131n\u0131z n\u0259tic\u0259sind\u0259 m\u00fcz\u0259ff\u0259r ordumuz torpaqlar\u0131m\u0131z\u0131 i\u015f\u011faldan azad etdi v\u0259 \u00f6lk\u0259miz \u00f6z suverenliyini b\u0259rpa etdi. Az\u0259rbaycan d\u00fcnyada \u00e7ox az sayda olan \u00f6lk\u0259l\u0259rd\u0259ndir ki, torpaqlar\u0131n\u0131n 20 faizini itirdikd\u0259n sonra g\u00fcc\u00fcn\u00fc toplay\u0131b \u0259razi b\u00fct\u00f6vl\u00fcy\u00fcn\u00fc b\u0259rpa etdi. Bu, Sizin r\u0259hb\u0259rliyiniz alt\u0131nda m\u00fcmk\u00fcn&hellip;<\/p>\n","protected":false},"author":2,"featured_media":654070,"comment_status":"closed","ping_status":"closed","sticky":false,"template":"","format":"standard","meta":{"om_disable_all_campaigns":false,"_monsterinsights_skip_tracking":false,"_monsterinsights_sitenote_active":false,"_monsterinsights_sitenote_note":"","_monsterinsights_sitenote_category":0},"categories":[4],"tags":[],"aioseo_notices":[],"gutentor_comment":0,"rttpg_featured_image_url":{"full":["https:\/\/arantv.az\/wp-content\/uploads\/2023\/11\/140891325_10164425820405315_1342222326805839665_o-1.jpg",620,413,false],"landscape":["https:\/\/arantv.az\/wp-content\/uploads\/2023\/11\/140891325_10164425820405315_1342222326805839665_o-1.jpg",620,413,false],"portraits":["https:\/\/arantv.az\/wp-content\/uploads\/2023\/11\/140891325_10164425820405315_1342222326805839665_o-1.jpg",620,413,false],"thumbnail":["https:\/\/arantv.az\/wp-content\/uploads\/2023\/11\/140891325_10164425820405315_1342222326805839665_o-1-500x280.jpg",500,280,true],"medium":["https:\/\/arantv.az\/wp-content\/uploads\/2023\/11\/140891325_10164425820405315_1342222326805839665_o-1-548x365.jpg",548,365,true],"large":["https:\/\/arantv.az\/wp-content\/uploads\/2023\/11\/140891325_10164425820405315_1342222326805839665_o-1.jpg",620,413,false],"1536x1536":["https:\/\/arantv.az\/wp-content\/uploads\/2023\/11\/140891325_10164425820405315_1342222326805839665_o-1.jpg",620,413,false],"2048x2048":["https:\/\/arantv.az\/wp-content\/uploads\/2023\/11\/140891325_10164425820405315_1342222326805839665_o-1.jpg",620,413,false],"post-thumbnail":["https:\/\/arantv.az\/wp-content\/uploads\/2023\/11\/140891325_10164425820405315_1342222326805839665_o-1-240x172.jpg",240,172,true],"advps-thumb-one":["https:\/\/arantv.az\/wp-content\/uploads\/2023\/11\/140891325_10164425820405315_1342222326805839665_o-1.jpg",620,413,false]},"rttpg_author":{"display_name":"V\u00fcsal Rafiqo\u011flu","author_link":"https:\/\/arantv.az\/?author=2"},"rttpg_comment":0,"rttpg_category":"<a href=\"https:\/\/arantv.az\/?cat=4\" rel=\"category\">Siyas\u0259t<\/a>","rttpg_excerpt":"Qara D\u0259niz \u0130qtisadi \u018fm\u0259kda\u015fl\u0131q T\u0259\u015fkilat\u0131n\u0131n Parlament M\u0259clisinin Ba\u015f katibi As\u0259f Hac\u0131yevd\u0259n Az\u0259rbaycan Prezidenti\u00a0\u0130lham \u018fliyev\u0259\u00a0t\u0259brik m\u0259ktubu g\u0259lib. AZ\u018fRTAC\u00a0x\u0259b\u0259r verir ki, m\u0259ktubda deyilir: \u201cM\u00f6ht\u0259r\u0259m c\u0259nab Prezident! Sizi tariximiz\u0259 q\u0131z\u0131l h\u0259rfl\u0259rl\u0259 yaz\u0131lm\u0131\u015f Z\u0259f\u0259r G\u00fcn\u00fc m\u00fcnasib\u0259til\u0259 \u00fcr\u0259kd\u0259n t\u0259brik edir, i\u015fl\u0259rinizd\u0259 u\u011furlar, m\u00f6hk\u0259m cansa\u011fl\u0131\u011f\u0131 arzulay\u0131ram. Bu g\u00fcn\u00fc Az\u0259rbaycan xalq\u0131 30 il h\u0259sr\u0259tl\u0259 g\u00f6zl\u0259yirdi. Sizin ard\u0131c\u0131l siyas\u0259tiniz, q\u0259tiyy\u0259tli add\u0131mlar\u0131n\u0131z n\u0259tic\u0259sind\u0259 m\u00fcz\u0259ff\u0259r&hellip;","_links":{"self":[{"href":"https:\/\/arantv.az\/index.php?rest_route=\/wp\/v2\/posts\/654068"}],"collection":[{"href":"https:\/\/arantv.az\/index.php?rest_route=\/wp\/v2\/posts"}],"about":[{"href":"https:\/\/arantv.az\/index.php?rest_route=\/wp\/v2\/types\/post"}],"author":[{"embeddable":true,"href":"https:\/\/arantv.az\/index.php?rest_route=\/wp\/v2\/users\/2"}],"replies":[{"embeddable":true,"href":"https:\/\/arantv.az\/index.php?rest_route=%2Fwp%2Fv2%2Fcomments&post=654068"}],"version-history":[{"count":0,"href":"https:\/\/arantv.az\/index.php?rest_route=\/wp\/v2\/posts\/654068\/revisions"}],"wp:featuredmedia":[{"embeddable":true,"href":"https:\/\/arantv.az\/index.php?rest_route=\/wp\/v2\/media\/654070"}],"wp:attachment":[{"href":"https:\/\/arantv.az\/index.php?rest_route=%2Fwp%2Fv2%2Fmedia&parent=654068"}],"wp:term":[{"taxonomy":"category","embeddable":true,"href":"https:\/\/arantv.az\/index.php?rest_route=%2Fwp%2Fv2%2Fcategories&post=654068"},{"taxonomy":"post_tag","embeddable":true,"href":"https:\/\/arantv.az\/index.php?rest_route=%2Fwp%2Fv2%2Ftags&post=654068"}],"curies":[{"name":"wp","href":"https:\/\/api.w.org\/{rel}","templated":true}]}}