{"id":654071,"date":"2023-11-07T19:23:32","date_gmt":"2023-11-07T15:23:32","guid":{"rendered":"https:\/\/arantv.az\/?p=654071"},"modified":"2023-11-07T19:23:32","modified_gmt":"2023-11-07T15:23:32","slug":"ilham-%c9%99liyev-v%c9%99-mehriban-%c9%99liyeva-susada-qala-divarina-v%c9%99-%c9%99traf-%c9%99raziy%c9%99-baxis-keciribl%c9%99r","status":"publish","type":"post","link":"https:\/\/arantv.az\/?p=654071","title":{"rendered":"\u0130lham \u018fliyev v\u0259 Mehriban \u018fliyeva \u015eu\u015fada Qala divar\u0131na v\u0259 \u0259traf \u0259raziy\u0259 bax\u0131\u015f ke\u00e7iribl\u0259r"},"content":{"rendered":"<p>Az\u0259rbaycan Respublikas\u0131n\u0131n Prezidenti\u00a0<strong>\u0130lham \u018fliyev<\/strong>\u00a0v\u0259 Birinci vitse-prezident\u00a0<strong>Mehriban \u018fliyeva\u00a0<\/strong>noyabr\u0131n 7-d\u0259 \u015eu\u015fa \u015f\u0259h\u0259rind\u0259 Qala divar\u0131na v\u0259 \u0259traf \u0259raziy\u0259 bax\u0131\u015f ke\u00e7iribl\u0259r.<\/p>\n<p><a href=\"https:\/\/azertag.az\/xeber\/susada_qala_divarina_ve_etraf_eraziye_baxis_yenilenib-2818117\" target=\"_blank\" rel=\"noopener\">AZ\u018fRTAC<\/a>\u00a0x\u0259b\u0259r verir ki, d\u00f6vl\u0259timizin ba\u015f\u00e7\u0131s\u0131na v\u0259 Birinci vitse-prezident\u0259 g\u00f6r\u00fcl\u0259n i\u015fl\u0259r bar\u0259d\u0259 m\u0259lumat verilib.<\/p>\n<p>Bildirilib ki, t\u0259m\u0259li 1752-ci ild\u0259 Qaraba\u011f xan\u0131 P\u0259nah\u0259li xan t\u0259r\u0259find\u0259n qoyulan \u015eu\u015fa \u015f\u0259h\u0259ri ilk d\u00f6vrl\u0259rd\u0259 \u015eu\u015fa ad\u0131 il\u0259 yana\u015f\u0131, xan\u0131n \u015f\u0259r\u0259fin\u0259 P\u0259nahabad da adland\u0131r\u0131l\u0131rd\u0131. Sonrak\u0131 d\u00f6vrd\u0259 \u015f\u0259h\u0259r, sad\u0259c\u0259, Qala adland\u0131r\u0131l\u0131b. Bir m\u00fcdd\u0259t sonra xalq qalan\u0131 \u015eu\u015fa qalas\u0131, sonrak\u0131 d\u00f6vrd\u0259 is\u0259 sad\u0259c\u0259 \u015eu\u015fa adland\u0131r\u0131b. \u015eu\u015fa qalas\u0131n\u0131n \u00fc\u00e7 \u0259sas qap\u0131s\u0131 var idi: G\u0259nc\u0259, \u0130r\u0259van v\u0259 A\u011fo\u011flan qap\u0131lar\u0131. H\u0259r \u00fc\u00e7 qap\u0131n\u0131n ad\u0131 tarixi m\u0259nb\u0259l\u0259rd\u0259 tez-tez xat\u0131rlan\u0131r, h\u0259m\u00e7inin onlar \u015eu\u015fan\u0131n XIX \u0259srd\u0259 \u00e7\u0259kilmi\u015f b\u00fct\u00fcn Ba\u015f planlar\u0131nda qeyd edilir. \u015e\u0259h\u0259r i\u015f\u011faldan azad edildikd\u0259n d\u0259rhal sonra tarixi \u015eu\u015fa qalas\u0131nda b\u0259rpa i\u015fl\u0259ri g\u00f6r\u00fcl\u00fcb. Qala \u00fcz\u0259rind\u0259ki \u015eu\u015fa yaz\u0131s\u0131 b\u0259rpa edilib.<\/p>\n","protected":false},"excerpt":{"rendered":"<p>Az\u0259rbaycan Respublikas\u0131n\u0131n Prezidenti\u00a0\u0130lham \u018fliyev\u00a0v\u0259 Birinci vitse-prezident\u00a0Mehriban \u018fliyeva\u00a0noyabr\u0131n 7-d\u0259 \u015eu\u015fa \u015f\u0259h\u0259rind\u0259 Qala divar\u0131na v\u0259 \u0259traf \u0259raziy\u0259 bax\u0131\u015f ke\u00e7iribl\u0259r. AZ\u018fRTAC\u00a0x\u0259b\u0259r verir ki, d\u00f6vl\u0259timizin ba\u015f\u00e7\u0131s\u0131na v\u0259 Birinci vitse-prezident\u0259 g\u00f6r\u00fcl\u0259n i\u015fl\u0259r bar\u0259d\u0259 m\u0259lumat verilib. Bildirilib ki, t\u0259m\u0259li 1752-ci ild\u0259 Qaraba\u011f xan\u0131 P\u0259nah\u0259li xan t\u0259r\u0259find\u0259n qoyulan \u015eu\u015fa \u015f\u0259h\u0259ri ilk d\u00f6vrl\u0259rd\u0259 \u015eu\u015fa ad\u0131 il\u0259 yana\u015f\u0131, xan\u0131n \u015f\u0259r\u0259fin\u0259 P\u0259nahabad da adland\u0131r\u0131l\u0131rd\u0131. Sonrak\u0131 d\u00f6vrd\u0259 \u015f\u0259h\u0259r, sad\u0259c\u0259, Qala adland\u0131r\u0131l\u0131b. Bir m\u00fcdd\u0259t sonra xalq qalan\u0131 \u015eu\u015fa qalas\u0131, sonrak\u0131 d\u00f6vrd\u0259 is\u0259 sad\u0259c\u0259 \u015eu\u015fa adland\u0131r\u0131b. \u015eu\u015fa qalas\u0131n\u0131n \u00fc\u00e7 \u0259sas qap\u0131s\u0131 var idi: G\u0259nc\u0259, \u0130r\u0259van v\u0259 A\u011fo\u011flan qap\u0131lar\u0131. H\u0259r \u00fc\u00e7 qap\u0131n\u0131n ad\u0131 tarixi&hellip;<\/p>\n","protected":false},"author":2,"featured_media":541717,"comment_status":"closed","ping_status":"closed","sticky":false,"template":"","format":"standard","meta":{"om_disable_all_campaigns":false,"_monsterinsights_skip_tracking":false,"_monsterinsights_sitenote_active":false,"_monsterinsights_sitenote_note":"","_monsterinsights_sitenote_category":0},"categories":[4],"tags":[],"aioseo_notices":[],"gutentor_comment":0,"rttpg_featured_image_url":{"full":["https:\/\/arantv.az\/wp-content\/uploads\/2022\/12\/susa_51670236450.jpg",649,365,false],"landscape":["https:\/\/arantv.az\/wp-content\/uploads\/2022\/12\/susa_51670236450.jpg",649,365,false],"portraits":["https:\/\/arantv.az\/wp-content\/uploads\/2022\/12\/susa_51670236450.jpg",649,365,false],"thumbnail":["https:\/\/arantv.az\/wp-content\/uploads\/2022\/12\/susa_51670236450-500x280.jpg",500,280,true],"medium":["https:\/\/arantv.az\/wp-content\/uploads\/2022\/12\/susa_51670236450.jpg",649,365,false],"large":["https:\/\/arantv.az\/wp-content\/uploads\/2022\/12\/susa_51670236450.jpg",640,360,false],"1536x1536":["https:\/\/arantv.az\/wp-content\/uploads\/2022\/12\/susa_51670236450.jpg",649,365,false],"2048x2048":["https:\/\/arantv.az\/wp-content\/uploads\/2022\/12\/susa_51670236450.jpg",649,365,false],"post-thumbnail":["https:\/\/arantv.az\/wp-content\/uploads\/2022\/12\/susa_51670236450-240x172.jpg",240,172,true],"advps-thumb-one":["https:\/\/arantv.az\/wp-content\/uploads\/2022\/12\/susa_51670236450.jpg",649,365,false]},"rttpg_author":{"display_name":"V\u00fcsal Rafiqo\u011flu","author_link":"https:\/\/arantv.az\/?author=2"},"rttpg_comment":0,"rttpg_category":"<a href=\"https:\/\/arantv.az\/?cat=4\" rel=\"category\">Siyas\u0259t<\/a>","rttpg_excerpt":"Az\u0259rbaycan Respublikas\u0131n\u0131n Prezidenti\u00a0\u0130lham \u018fliyev\u00a0v\u0259 Birinci vitse-prezident\u00a0Mehriban \u018fliyeva\u00a0noyabr\u0131n 7-d\u0259 \u015eu\u015fa \u015f\u0259h\u0259rind\u0259 Qala divar\u0131na v\u0259 \u0259traf \u0259raziy\u0259 bax\u0131\u015f ke\u00e7iribl\u0259r. AZ\u018fRTAC\u00a0x\u0259b\u0259r verir ki, d\u00f6vl\u0259timizin ba\u015f\u00e7\u0131s\u0131na v\u0259 Birinci vitse-prezident\u0259 g\u00f6r\u00fcl\u0259n i\u015fl\u0259r bar\u0259d\u0259 m\u0259lumat verilib. Bildirilib ki, t\u0259m\u0259li 1752-ci ild\u0259 Qaraba\u011f xan\u0131 P\u0259nah\u0259li xan t\u0259r\u0259find\u0259n qoyulan \u015eu\u015fa \u015f\u0259h\u0259ri ilk d\u00f6vrl\u0259rd\u0259 \u015eu\u015fa ad\u0131 il\u0259 yana\u015f\u0131, xan\u0131n \u015f\u0259r\u0259fin\u0259 P\u0259nahabad da adland\u0131r\u0131l\u0131rd\u0131. Sonrak\u0131&hellip;","_links":{"self":[{"href":"https:\/\/arantv.az\/index.php?rest_route=\/wp\/v2\/posts\/654071"}],"collection":[{"href":"https:\/\/arantv.az\/index.php?rest_route=\/wp\/v2\/posts"}],"about":[{"href":"https:\/\/arantv.az\/index.php?rest_route=\/wp\/v2\/types\/post"}],"author":[{"embeddable":true,"href":"https:\/\/arantv.az\/index.php?rest_route=\/wp\/v2\/users\/2"}],"replies":[{"embeddable":true,"href":"https:\/\/arantv.az\/index.php?rest_route=%2Fwp%2Fv2%2Fcomments&post=654071"}],"version-history":[{"count":0,"href":"https:\/\/arantv.az\/index.php?rest_route=\/wp\/v2\/posts\/654071\/revisions"}],"wp:featuredmedia":[{"embeddable":true,"href":"https:\/\/arantv.az\/index.php?rest_route=\/wp\/v2\/media\/541717"}],"wp:attachment":[{"href":"https:\/\/arantv.az\/index.php?rest_route=%2Fwp%2Fv2%2Fmedia&parent=654071"}],"wp:term":[{"taxonomy":"category","embeddable":true,"href":"https:\/\/arantv.az\/index.php?rest_route=%2Fwp%2Fv2%2Fcategories&post=654071"},{"taxonomy":"post_tag","embeddable":true,"href":"https:\/\/arantv.az\/index.php?rest_route=%2Fwp%2Fv2%2Ftags&post=654071"}],"curies":[{"name":"wp","href":"https:\/\/api.w.org\/{rel}","templated":true}]}}