{"id":654076,"date":"2023-11-07T19:24:24","date_gmt":"2023-11-07T15:24:24","guid":{"rendered":"https:\/\/arantv.az\/?p=654076"},"modified":"2023-11-07T19:24:24","modified_gmt":"2023-11-07T15:24:24","slug":"ankara-turkiy%c9%99nin-bir-milyon-f%c9%99l%c9%99stinli-qacqini-q%c9%99bul-etm%c9%99y%c9%99-hazir-oldugunu-t%c9%99kzib-edib","status":"publish","type":"post","link":"https:\/\/arantv.az\/?p=654076","title":{"rendered":"Ankara T\u00fcrkiy\u0259nin bir milyon f\u0259l\u0259stinli qa\u00e7q\u0131n\u0131 q\u0259bul etm\u0259y\u0259 haz\u0131r oldu\u011funu t\u0259kzib edib"},"content":{"rendered":"<p>T\u00fcrkiy\u0259 Prezident Administrasiyas\u0131 R\u0259c\u0259b Tayyib \u018frdo\u011fan\u0131n \u0130srailin Ba\u015f naziri Benyamin Netanyahu il\u0259 iki milyard dollar m\u00fcqabilind\u0259 bir milyon f\u0259l\u0259stinli qa\u00e7q\u0131n\u0131 q\u0259bul etm\u0259k v\u0259 onlar\u0131 T\u00fcrkiy\u0259 v\u0259t\u0259nda\u015f\u0131 etm\u0259k bar\u0259d\u0259 raz\u0131l\u0131\u011fa g\u0259ldiyin\u0259 dair iddialar\u0131 tamamil\u0259 uydurma adland\u0131r\u0131b.<\/p>\n<p>T\u00fcrkiy\u0259 Dezinformasiya il\u0259 M\u00fcbariz\u0259 M\u0259rk\u0259zinin yayd\u0131\u011f\u0131 m\u0259lumata g\u00f6r\u0259, n\u0259 Netanyahunun m\u00fcvafiq b\u0259yanat\u0131, n\u0259 d\u0259 \u0130srail v\u0259 T\u00fcrkiy\u0259 liderl\u0259ri aras\u0131nda dan\u0131\u015f\u0131qlar\u0131n getdiyi bar\u0259d\u0259 m\u0259lumat h\u0259qiq\u0259t\u0259 uy\u011fun deyil.<\/p>\n<p>M\u0259nb\u0259: mk.ru<\/p>\n","protected":false},"excerpt":{"rendered":"<p>T\u00fcrkiy\u0259 Prezident Administrasiyas\u0131 R\u0259c\u0259b Tayyib \u018frdo\u011fan\u0131n \u0130srailin Ba\u015f naziri Benyamin Netanyahu il\u0259 iki milyard dollar m\u00fcqabilind\u0259 bir milyon f\u0259l\u0259stinli qa\u00e7q\u0131n\u0131 q\u0259bul etm\u0259k v\u0259 onlar\u0131 T\u00fcrkiy\u0259 v\u0259t\u0259nda\u015f\u0131 etm\u0259k bar\u0259d\u0259 raz\u0131l\u0131\u011fa g\u0259ldiyin\u0259 dair iddialar\u0131 tamamil\u0259 uydurma adland\u0131r\u0131b. T\u00fcrkiy\u0259 Dezinformasiya il\u0259 M\u00fcbariz\u0259 M\u0259rk\u0259zinin yayd\u0131\u011f\u0131 m\u0259lumata g\u00f6r\u0259, n\u0259 Netanyahunun m\u00fcvafiq b\u0259yanat\u0131, n\u0259 d\u0259 \u0130srail v\u0259 T\u00fcrkiy\u0259 liderl\u0259ri aras\u0131nda dan\u0131\u015f\u0131qlar\u0131n getdiyi bar\u0259d\u0259 m\u0259lumat h\u0259qiq\u0259t\u0259 uy\u011fun deyil. M\u0259nb\u0259: mk.ru<\/p>\n","protected":false},"author":2,"featured_media":654078,"comment_status":"closed","ping_status":"closed","sticky":false,"template":"","format":"standard","meta":{"om_disable_all_campaigns":false,"_monsterinsights_skip_tracking":false,"_monsterinsights_sitenote_active":false,"_monsterinsights_sitenote_note":"","_monsterinsights_sitenote_category":0},"categories":[7],"tags":[],"aioseo_notices":[],"gutentor_comment":0,"rttpg_featured_image_url":{"full":["https:\/\/arantv.az\/wp-content\/uploads\/2023\/11\/FotoJet-27-1.jpg",620,413,false],"landscape":["https:\/\/arantv.az\/wp-content\/uploads\/2023\/11\/FotoJet-27-1.jpg",620,413,false],"portraits":["https:\/\/arantv.az\/wp-content\/uploads\/2023\/11\/FotoJet-27-1.jpg",620,413,false],"thumbnail":["https:\/\/arantv.az\/wp-content\/uploads\/2023\/11\/FotoJet-27-1-500x280.jpg",500,280,true],"medium":["https:\/\/arantv.az\/wp-content\/uploads\/2023\/11\/FotoJet-27-1-548x365.jpg",548,365,true],"large":["https:\/\/arantv.az\/wp-content\/uploads\/2023\/11\/FotoJet-27-1.jpg",620,413,false],"1536x1536":["https:\/\/arantv.az\/wp-content\/uploads\/2023\/11\/FotoJet-27-1.jpg",620,413,false],"2048x2048":["https:\/\/arantv.az\/wp-content\/uploads\/2023\/11\/FotoJet-27-1.jpg",620,413,false],"post-thumbnail":["https:\/\/arantv.az\/wp-content\/uploads\/2023\/11\/FotoJet-27-1-240x172.jpg",240,172,true],"advps-thumb-one":["https:\/\/arantv.az\/wp-content\/uploads\/2023\/11\/FotoJet-27-1.jpg",620,413,false]},"rttpg_author":{"display_name":"V\u00fcsal Rafiqo\u011flu","author_link":"https:\/\/arantv.az\/?author=2"},"rttpg_comment":0,"rttpg_category":"<a href=\"https:\/\/arantv.az\/?cat=7\" rel=\"category\">D\u00fcnya<\/a>","rttpg_excerpt":"T\u00fcrkiy\u0259 Prezident Administrasiyas\u0131 R\u0259c\u0259b Tayyib \u018frdo\u011fan\u0131n \u0130srailin Ba\u015f naziri Benyamin Netanyahu il\u0259 iki milyard dollar m\u00fcqabilind\u0259 bir milyon f\u0259l\u0259stinli qa\u00e7q\u0131n\u0131 q\u0259bul etm\u0259k v\u0259 onlar\u0131 T\u00fcrkiy\u0259 v\u0259t\u0259nda\u015f\u0131 etm\u0259k bar\u0259d\u0259 raz\u0131l\u0131\u011fa g\u0259ldiyin\u0259 dair iddialar\u0131 tamamil\u0259 uydurma adland\u0131r\u0131b. T\u00fcrkiy\u0259 Dezinformasiya il\u0259 M\u00fcbariz\u0259 M\u0259rk\u0259zinin yayd\u0131\u011f\u0131 m\u0259lumata g\u00f6r\u0259, n\u0259 Netanyahunun m\u00fcvafiq b\u0259yanat\u0131, n\u0259 d\u0259 \u0130srail v\u0259 T\u00fcrkiy\u0259 liderl\u0259ri aras\u0131nda dan\u0131\u015f\u0131qlar\u0131n&hellip;","_links":{"self":[{"href":"https:\/\/arantv.az\/index.php?rest_route=\/wp\/v2\/posts\/654076"}],"collection":[{"href":"https:\/\/arantv.az\/index.php?rest_route=\/wp\/v2\/posts"}],"about":[{"href":"https:\/\/arantv.az\/index.php?rest_route=\/wp\/v2\/types\/post"}],"author":[{"embeddable":true,"href":"https:\/\/arantv.az\/index.php?rest_route=\/wp\/v2\/users\/2"}],"replies":[{"embeddable":true,"href":"https:\/\/arantv.az\/index.php?rest_route=%2Fwp%2Fv2%2Fcomments&post=654076"}],"version-history":[{"count":0,"href":"https:\/\/arantv.az\/index.php?rest_route=\/wp\/v2\/posts\/654076\/revisions"}],"wp:featuredmedia":[{"embeddable":true,"href":"https:\/\/arantv.az\/index.php?rest_route=\/wp\/v2\/media\/654078"}],"wp:attachment":[{"href":"https:\/\/arantv.az\/index.php?rest_route=%2Fwp%2Fv2%2Fmedia&parent=654076"}],"wp:term":[{"taxonomy":"category","embeddable":true,"href":"https:\/\/arantv.az\/index.php?rest_route=%2Fwp%2Fv2%2Fcategories&post=654076"},{"taxonomy":"post_tag","embeddable":true,"href":"https:\/\/arantv.az\/index.php?rest_route=%2Fwp%2Fv2%2Ftags&post=654076"}],"curies":[{"name":"wp","href":"https:\/\/api.w.org\/{rel}","templated":true}]}}