{"id":654079,"date":"2023-11-07T19:24:52","date_gmt":"2023-11-07T15:24:52","guid":{"rendered":"https:\/\/arantv.az\/?p=654079"},"modified":"2023-11-07T19:24:52","modified_gmt":"2023-11-07T15:24:52","slug":"ilham-%c9%99liyev-v%c9%99-mehriban-%c9%99liyeva-susada-qizlar-gimnaziyasinda-h%c9%99yata-keciril%c9%99c%c9%99k-isl%c9%99rl%c9%99-tanis-olublar","status":"publish","type":"post","link":"https:\/\/arantv.az\/?p=654079","title":{"rendered":"\u0130lham \u018fliyev v\u0259 Mehriban \u018fliyeva \u015eu\u015fada \u201cQ\u0131zlar gimnaziyas\u0131\u201dnda h\u0259yata ke\u00e7iril\u0259c\u0259k i\u015fl\u0259rl\u0259 tan\u0131\u015f olublar"},"content":{"rendered":"<p>Noyabr\u0131n 7-d\u0259 Az\u0259rbaycan Respublikas\u0131n\u0131n Prezidenti\u00a0<strong>\u0130lham \u018fliyev<\/strong>\u00a0v\u0259 Birinci vitse-prezident\u00a0<strong>Mehriban \u018fliyeva<\/strong>\u00a0\u015eu\u015fa \u015f\u0259h\u0259rind\u0259 \u201cQ\u0131zlar gimnaziyas\u0131\u201d tarixi abid\u0259 binas\u0131nda h\u0259yata ke\u00e7iril\u0259c\u0259k i\u015fl\u0259rl\u0259 tan\u0131\u015f olublar.<\/p>\n<p><a href=\"https:\/\/azertag.az\/xeber\/qizlar_gimnaziyasi_tarixi_abide_binasinda_heyata_kechirilecek_islerle_tanisliq_yenilenib-2818027\" target=\"_blank\" rel=\"noopener\">AZ\u018fRTAC<\/a>\u00a0x\u0259b\u0259r verir ki, d\u00f6vl\u0259timizin ba\u015f\u00e7\u0131s\u0131na v\u0259 Birinci vitse-prezident\u0259 tarixi abid\u0259 bar\u0259d\u0259 m\u0259lumat verilib.<\/p>\n<p>Bildirilib ki, \u015eu\u015fada m\u00fcst\u0259qil q\u0131z m\u0259kt\u0259bi 1875-ci il oktyabr\u0131n 26-da \u015eu\u015fa \u0259halisinin t\u0259\u015fkil etdiyi \u201cXeyriyy\u0259 c\u0259miyy\u0259ti\u201d t\u0259r\u0259find\u0259n t\u0259sis olunub. Dini etiqad\u0131ndan v\u0259 m\u0259n\u015f\u0259yind\u0259n as\u0131l\u0131 olmayaraq, b\u00fct\u00fcn q\u0131zlara burada t\u0259hsil almaq imkan\u0131 yarad\u0131lm\u0131\u015fd\u0131. T\u0259dris plan\u0131na rus dili, hesab, ana dilind\u0259 oxuma, yazma, h\u00fcsnx\u0259t, r\u0259sm, r\u0259smx\u0259t, \u00fcmumi co\u011frafiya, tarix, \u00f6lk\u0259\u015f\u00fcnasl\u0131q daxil idi. Eyni zamanda, m\u0259kt\u0259bd\u0259 milli mahn\u0131lar \u00f6yr\u0259dilir, t\u0259bi\u0259t, tarix v\u0259 fizikadan d\u0259rs verilirdi. M\u0259kt\u0259bd\u0259 t\u0259hsil \u00f6d\u0259ni\u015fli olsa da, kas\u0131b ail\u0259l\u0259rin \u00f6vladlar\u0131 t\u0259hsil haqq\u0131ndan azad idil\u0259r. \u018flav\u0259 t\u0259hsil haqq\u0131 ver\u0259nl\u0259r\u0259 frans\u0131z v\u0259 alman dill\u0259ri d\u0259 t\u0259dris edilir, musiqi \u00f6yr\u0259dilirdi. Q\u0131zlar\u0131n rus dilind\u0259 t\u0259hsilin\u0259 diqq\u0259ti art\u0131rmaq v\u0259 x\u0259rcin bir qismini x\u0259zin\u0259d\u0259n \u00f6d\u0259m\u0259k \u015f\u0259rti il\u0259 \u015eu\u015fa q\u0131z m\u0259kt\u0259bi 1894-c\u00fc ild\u0259 \u015eu\u015fa Marinski q\u0131z m\u0259kt\u0259bi ad\u0131n\u0131 ald\u0131 v\u0259 d\u00f6rdsinifli m\u0259kt\u0259b\u0259 \u00e7evrildi. M\u0259kt\u0259b 120 \u015fagirdl\u0259 f\u0259aliyy\u0259t\u0259 ba\u015flad\u0131. Art\u0131q 1895-1896-c\u0131 t\u0259dris ilind\u0259 burada 147 q\u0131z t\u0259hsil al\u0131rd\u0131. Bu m\u0259kt\u0259bin t\u0259\u015fkili az\u0259rbaycanl\u0131 q\u0131zlar\u0131n da rus dilind\u0259 t\u0259hsilin\u0259 \u015f\u0259rait yaratm\u0131\u015fd\u0131. \u015eu\u015fa Marinski q\u0131z m\u0259kt\u0259bi qad\u0131nlar\u0131n t\u0259hsili sah\u0259sind\u0259, az\u0259rbaycanl\u0131 q\u0131zlar\u0131n d\u00fcny\u0259vi t\u0259hsil almas\u0131nda m\u00fch\u00fcm rol oynay\u0131b. 1894-c\u00fc ild\u0259 \u015eu\u015fada iki \u015f\u0259xsi q\u0131z m\u0259kt\u0259binin \u0259sas\u0131nda M\u00fcq\u0259dd\u0259s Mariya q\u0131z m\u0259kt\u0259bi yarad\u0131lm\u0131\u015f, bununla da az\u0259rbaycanl\u0131 q\u0131zlar\u0131n Avropa t\u0259hsilin\u0259 yollar\u0131 a\u00e7\u0131lm\u0131\u015fd\u0131.<\/p>\n<p>Qeyd edilib ki, bina sovet d\u00f6vr\u00fcnd\u0259 internat m\u0259kt\u0259bi kimi d\u0259 f\u0259aliyy\u0259t g\u00f6st\u0259rib. G\u0259l\u0259c\u0259kd\u0259 buran\u0131n dekorativ t\u0259tbiqi s\u0259n\u0259t m\u0259rk\u0259zi v\u0259 m\u0259d\u0259ni sah\u0259l\u0259r \u00fczr\u0259 inzibati bina kimi istifad\u0259 olunmas\u0131 planla\u015fd\u0131r\u0131l\u0131r.<\/p>\n","protected":false},"excerpt":{"rendered":"<p>Noyabr\u0131n 7-d\u0259 Az\u0259rbaycan Respublikas\u0131n\u0131n Prezidenti\u00a0\u0130lham \u018fliyev\u00a0v\u0259 Birinci vitse-prezident\u00a0Mehriban \u018fliyeva\u00a0\u015eu\u015fa \u015f\u0259h\u0259rind\u0259 \u201cQ\u0131zlar gimnaziyas\u0131\u201d tarixi abid\u0259 binas\u0131nda h\u0259yata ke\u00e7iril\u0259c\u0259k i\u015fl\u0259rl\u0259 tan\u0131\u015f olublar. AZ\u018fRTAC\u00a0x\u0259b\u0259r verir ki, d\u00f6vl\u0259timizin ba\u015f\u00e7\u0131s\u0131na v\u0259 Birinci vitse-prezident\u0259 tarixi abid\u0259 bar\u0259d\u0259 m\u0259lumat verilib. Bildirilib ki, \u015eu\u015fada m\u00fcst\u0259qil q\u0131z m\u0259kt\u0259bi 1875-ci il oktyabr\u0131n 26-da \u015eu\u015fa \u0259halisinin t\u0259\u015fkil etdiyi \u201cXeyriyy\u0259 c\u0259miyy\u0259ti\u201d t\u0259r\u0259find\u0259n t\u0259sis olunub. Dini etiqad\u0131ndan v\u0259 m\u0259n\u015f\u0259yind\u0259n as\u0131l\u0131 olmayaraq, b\u00fct\u00fcn q\u0131zlara burada t\u0259hsil almaq imkan\u0131 yarad\u0131lm\u0131\u015fd\u0131. T\u0259dris plan\u0131na rus dili, hesab, ana dilind\u0259 oxuma, yazma, h\u00fcsnx\u0259t, r\u0259sm, r\u0259smx\u0259t, \u00fcmumi co\u011frafiya, tarix, \u00f6lk\u0259\u015f\u00fcnasl\u0131q daxil idi. Eyni zamanda, m\u0259kt\u0259bd\u0259 milli mahn\u0131lar \u00f6yr\u0259dilir, t\u0259bi\u0259t,&hellip;<\/p>\n","protected":false},"author":2,"featured_media":654082,"comment_status":"closed","ping_status":"closed","sticky":false,"template":"","format":"standard","meta":{"om_disable_all_campaigns":false,"_monsterinsights_skip_tracking":false,"_monsterinsights_sitenote_active":false,"_monsterinsights_sitenote_note":"","_monsterinsights_sitenote_category":0},"categories":[4],"tags":[],"aioseo_notices":[],"gutentor_comment":0,"rttpg_featured_image_url":{"full":["https:\/\/arantv.az\/wp-content\/uploads\/2023\/11\/363533586_2404286556421460_6922069069094691831_n.jpg",620,413,false],"landscape":["https:\/\/arantv.az\/wp-content\/uploads\/2023\/11\/363533586_2404286556421460_6922069069094691831_n.jpg",620,413,false],"portraits":["https:\/\/arantv.az\/wp-content\/uploads\/2023\/11\/363533586_2404286556421460_6922069069094691831_n.jpg",620,413,false],"thumbnail":["https:\/\/arantv.az\/wp-content\/uploads\/2023\/11\/363533586_2404286556421460_6922069069094691831_n-500x280.jpg",500,280,true],"medium":["https:\/\/arantv.az\/wp-content\/uploads\/2023\/11\/363533586_2404286556421460_6922069069094691831_n-548x365.jpg",548,365,true],"large":["https:\/\/arantv.az\/wp-content\/uploads\/2023\/11\/363533586_2404286556421460_6922069069094691831_n.jpg",620,413,false],"1536x1536":["https:\/\/arantv.az\/wp-content\/uploads\/2023\/11\/363533586_2404286556421460_6922069069094691831_n.jpg",620,413,false],"2048x2048":["https:\/\/arantv.az\/wp-content\/uploads\/2023\/11\/363533586_2404286556421460_6922069069094691831_n.jpg",620,413,false],"post-thumbnail":["https:\/\/arantv.az\/wp-content\/uploads\/2023\/11\/363533586_2404286556421460_6922069069094691831_n-240x172.jpg",240,172,true],"advps-thumb-one":["https:\/\/arantv.az\/wp-content\/uploads\/2023\/11\/363533586_2404286556421460_6922069069094691831_n.jpg",620,413,false]},"rttpg_author":{"display_name":"V\u00fcsal Rafiqo\u011flu","author_link":"https:\/\/arantv.az\/?author=2"},"rttpg_comment":0,"rttpg_category":"<a href=\"https:\/\/arantv.az\/?cat=4\" rel=\"category\">Siyas\u0259t<\/a>","rttpg_excerpt":"Noyabr\u0131n 7-d\u0259 Az\u0259rbaycan Respublikas\u0131n\u0131n Prezidenti\u00a0\u0130lham \u018fliyev\u00a0v\u0259 Birinci vitse-prezident\u00a0Mehriban \u018fliyeva\u00a0\u015eu\u015fa \u015f\u0259h\u0259rind\u0259 \u201cQ\u0131zlar gimnaziyas\u0131\u201d tarixi abid\u0259 binas\u0131nda h\u0259yata ke\u00e7iril\u0259c\u0259k i\u015fl\u0259rl\u0259 tan\u0131\u015f olublar. AZ\u018fRTAC\u00a0x\u0259b\u0259r verir ki, d\u00f6vl\u0259timizin ba\u015f\u00e7\u0131s\u0131na v\u0259 Birinci vitse-prezident\u0259 tarixi abid\u0259 bar\u0259d\u0259 m\u0259lumat verilib. Bildirilib ki, \u015eu\u015fada m\u00fcst\u0259qil q\u0131z m\u0259kt\u0259bi 1875-ci il oktyabr\u0131n 26-da \u015eu\u015fa \u0259halisinin t\u0259\u015fkil etdiyi \u201cXeyriyy\u0259 c\u0259miyy\u0259ti\u201d t\u0259r\u0259find\u0259n t\u0259sis olunub. Dini etiqad\u0131ndan v\u0259&hellip;","_links":{"self":[{"href":"https:\/\/arantv.az\/index.php?rest_route=\/wp\/v2\/posts\/654079"}],"collection":[{"href":"https:\/\/arantv.az\/index.php?rest_route=\/wp\/v2\/posts"}],"about":[{"href":"https:\/\/arantv.az\/index.php?rest_route=\/wp\/v2\/types\/post"}],"author":[{"embeddable":true,"href":"https:\/\/arantv.az\/index.php?rest_route=\/wp\/v2\/users\/2"}],"replies":[{"embeddable":true,"href":"https:\/\/arantv.az\/index.php?rest_route=%2Fwp%2Fv2%2Fcomments&post=654079"}],"version-history":[{"count":0,"href":"https:\/\/arantv.az\/index.php?rest_route=\/wp\/v2\/posts\/654079\/revisions"}],"wp:featuredmedia":[{"embeddable":true,"href":"https:\/\/arantv.az\/index.php?rest_route=\/wp\/v2\/media\/654082"}],"wp:attachment":[{"href":"https:\/\/arantv.az\/index.php?rest_route=%2Fwp%2Fv2%2Fmedia&parent=654079"}],"wp:term":[{"taxonomy":"category","embeddable":true,"href":"https:\/\/arantv.az\/index.php?rest_route=%2Fwp%2Fv2%2Fcategories&post=654079"},{"taxonomy":"post_tag","embeddable":true,"href":"https:\/\/arantv.az\/index.php?rest_route=%2Fwp%2Fv2%2Ftags&post=654079"}],"curies":[{"name":"wp","href":"https:\/\/api.w.org\/{rel}","templated":true}]}}