{"id":654081,"date":"2023-11-07T19:25:43","date_gmt":"2023-11-07T15:25:43","guid":{"rendered":"https:\/\/arantv.az\/?p=654081"},"modified":"2023-11-07T19:25:43","modified_gmt":"2023-11-07T15:25:43","slug":"diaspor-g%c9%99ncl%c9%99rinin-az%c9%99rbaycanli-jurnalistl%c9%99rl%c9%99-ilk-maraqli-debati-video","status":"publish","type":"post","link":"https:\/\/arantv.az\/?p=654081","title":{"rendered":"Diaspor G\u0259ncl\u0259rinin az\u0259rbaycanl\u0131 jurnalistl\u0259rl\u0259 ilk maraql\u0131 debat\u0131 &#8211; V\u0130DEO"},"content":{"rendered":"<article class=\"news\">\n<div class=\"news-inner\">\n<p>Nax\u00e7\u0131vanda ke\u00e7iril\u0259n \u201cHeyd\u0259r \u018fliyev &#8211; 100\u201d Diaspor G\u0259ncl\u0259rinin IV Yay D\u00fc\u015f\u0259rg\u0259sind\u0259 t\u0259\u015fkil edil\u0259n n\u00f6vb\u0259ti panel media m\u00f6vzusuna h\u0259sr olunub.<\/p>\n<p>Diasporla \u0130\u015f \u00fczr\u0259 D\u00f6vl\u0259t Komit\u0259sinin T\u0259bli\u011fat, informasiya v\u0259 analitik t\u0259hlil \u015f\u00f6b\u0259sinin m\u00fcdiri V\u0259sil\u0259 Vahidq\u0131z\u0131n\u0131n moderatorlu\u011fu il\u0259 apar\u0131lan paneld\u0259 M\u0259tbuat \u015euras\u0131n\u0131n (M\u015e) s\u0259dri R\u0259\u015fad M\u0259cid, Bak\u0131 D\u00f6vl\u0259t Universitetinin (BDU) Jurnalistika fak\u00fclt\u0259sinin dekan\u0131 V\u00fcqar Zif\u0259ro\u011flu, \u201cQafqazinfo.az\u201d sayt\u0131n\u0131n r\u0259hb\u0259ri Elbrus \u018frud, ADA Universitetinin m\u00fc\u0259llimi \u015e\u0259f\u0259q Mehr\u0259liyeva, \u201cModern\u201d Media Qrupunun r\u0259hb\u0259ri El\u015fad Eyvazl\u0131 v\u0259 \u201cGlobal Media Group\u201dun media direktoru H\u0259mid H\u0259midov i\u015ftirak edibl\u0259r.<\/p>\n<p>Debat zaman\u0131 g\u0259ncl\u0259r jurnalistl\u0259r\u0259 maraql\u0131 suallar \u00fcnvanlay\u0131blar.<\/p>\n<p>Bu debat \u0130ctimai TV il\u0259 Diasporla \u0130\u015f \u00fczr\u0259 D\u00f6vl\u0259t Komit\u0259sinin ortaq layih\u0259si olan \u201cV\u0259t\u0259n uzaqda deyil\u201d proqram\u0131nda yay\u0131mlan\u0131b.<\/p>\n<div><iframe loading=\"lazy\" title=\"YouTube video player\" src=\"https:\/\/www.youtube.com\/embed\/ppMmjNVRsQ0?si=3PhzKnH4Y3_6GyrG\" width=\"560\" height=\"315\" frameborder=\"0\" allowfullscreen=\"allowfullscreen\" data-mce-fragment=\"1\"><\/iframe><\/div>\n<\/div>\n<\/article>\n<section class=\"related-news\">\n<div class=\"l-center\"><\/div>\n<\/section>\n","protected":false},"excerpt":{"rendered":"<p>Nax\u00e7\u0131vanda ke\u00e7iril\u0259n \u201cHeyd\u0259r \u018fliyev &#8211; 100\u201d Diaspor G\u0259ncl\u0259rinin IV Yay D\u00fc\u015f\u0259rg\u0259sind\u0259 t\u0259\u015fkil edil\u0259n n\u00f6vb\u0259ti panel media m\u00f6vzusuna h\u0259sr olunub. Diasporla \u0130\u015f \u00fczr\u0259 D\u00f6vl\u0259t Komit\u0259sinin T\u0259bli\u011fat, informasiya v\u0259 analitik t\u0259hlil \u015f\u00f6b\u0259sinin m\u00fcdiri V\u0259sil\u0259 Vahidq\u0131z\u0131n\u0131n moderatorlu\u011fu il\u0259 apar\u0131lan paneld\u0259 M\u0259tbuat \u015euras\u0131n\u0131n (M\u015e) s\u0259dri R\u0259\u015fad M\u0259cid, Bak\u0131 D\u00f6vl\u0259t Universitetinin (BDU) Jurnalistika fak\u00fclt\u0259sinin dekan\u0131 V\u00fcqar Zif\u0259ro\u011flu, \u201cQafqazinfo.az\u201d sayt\u0131n\u0131n r\u0259hb\u0259ri Elbrus \u018frud, ADA Universitetinin m\u00fc\u0259llimi \u015e\u0259f\u0259q Mehr\u0259liyeva, \u201cModern\u201d Media Qrupunun r\u0259hb\u0259ri El\u015fad Eyvazl\u0131 v\u0259 \u201cGlobal Media Group\u201dun media direktoru H\u0259mid H\u0259midov i\u015ftirak edibl\u0259r. Debat zaman\u0131 g\u0259ncl\u0259r jurnalistl\u0259r\u0259 maraql\u0131 suallar \u00fcnvanlay\u0131blar. Bu debat \u0130ctimai TV il\u0259&hellip;<\/p>\n","protected":false},"author":2,"featured_media":654085,"comment_status":"closed","ping_status":"closed","sticky":false,"template":"","format":"standard","meta":{"om_disable_all_campaigns":false,"_monsterinsights_skip_tracking":false,"_monsterinsights_sitenote_active":false,"_monsterinsights_sitenote_note":"","_monsterinsights_sitenote_category":0},"categories":[1],"tags":[],"aioseo_notices":[],"gutentor_comment":0,"rttpg_featured_image_url":{"full":["https:\/\/arantv.az\/wp-content\/uploads\/2023\/11\/0fe88ced-7099-403c-8228-6acfe91c4965.jpg",620,413,false],"landscape":["https:\/\/arantv.az\/wp-content\/uploads\/2023\/11\/0fe88ced-7099-403c-8228-6acfe91c4965.jpg",620,413,false],"portraits":["https:\/\/arantv.az\/wp-content\/uploads\/2023\/11\/0fe88ced-7099-403c-8228-6acfe91c4965.jpg",620,413,false],"thumbnail":["https:\/\/arantv.az\/wp-content\/uploads\/2023\/11\/0fe88ced-7099-403c-8228-6acfe91c4965-500x280.jpg",500,280,true],"medium":["https:\/\/arantv.az\/wp-content\/uploads\/2023\/11\/0fe88ced-7099-403c-8228-6acfe91c4965-548x365.jpg",548,365,true],"large":["https:\/\/arantv.az\/wp-content\/uploads\/2023\/11\/0fe88ced-7099-403c-8228-6acfe91c4965.jpg",620,413,false],"1536x1536":["https:\/\/arantv.az\/wp-content\/uploads\/2023\/11\/0fe88ced-7099-403c-8228-6acfe91c4965.jpg",620,413,false],"2048x2048":["https:\/\/arantv.az\/wp-content\/uploads\/2023\/11\/0fe88ced-7099-403c-8228-6acfe91c4965.jpg",620,413,false],"post-thumbnail":["https:\/\/arantv.az\/wp-content\/uploads\/2023\/11\/0fe88ced-7099-403c-8228-6acfe91c4965-240x172.jpg",240,172,true],"advps-thumb-one":["https:\/\/arantv.az\/wp-content\/uploads\/2023\/11\/0fe88ced-7099-403c-8228-6acfe91c4965.jpg",620,413,false]},"rttpg_author":{"display_name":"V\u00fcsal Rafiqo\u011flu","author_link":"https:\/\/arantv.az\/?author=2"},"rttpg_comment":0,"rttpg_category":"<a href=\"https:\/\/arantv.az\/?cat=1\" rel=\"category\">C\u0259miyy\u0259t<\/a>","rttpg_excerpt":"Nax\u00e7\u0131vanda ke\u00e7iril\u0259n \u201cHeyd\u0259r \u018fliyev &#8211; 100\u201d Diaspor G\u0259ncl\u0259rinin IV Yay D\u00fc\u015f\u0259rg\u0259sind\u0259 t\u0259\u015fkil edil\u0259n n\u00f6vb\u0259ti panel media m\u00f6vzusuna h\u0259sr olunub. Diasporla \u0130\u015f \u00fczr\u0259 D\u00f6vl\u0259t Komit\u0259sinin T\u0259bli\u011fat, informasiya v\u0259 analitik t\u0259hlil \u015f\u00f6b\u0259sinin m\u00fcdiri V\u0259sil\u0259 Vahidq\u0131z\u0131n\u0131n moderatorlu\u011fu il\u0259 apar\u0131lan paneld\u0259 M\u0259tbuat \u015euras\u0131n\u0131n (M\u015e) s\u0259dri R\u0259\u015fad M\u0259cid, Bak\u0131 D\u00f6vl\u0259t Universitetinin (BDU) Jurnalistika fak\u00fclt\u0259sinin dekan\u0131 V\u00fcqar Zif\u0259ro\u011flu, \u201cQafqazinfo.az\u201d sayt\u0131n\u0131n r\u0259hb\u0259ri&hellip;","_links":{"self":[{"href":"https:\/\/arantv.az\/index.php?rest_route=\/wp\/v2\/posts\/654081"}],"collection":[{"href":"https:\/\/arantv.az\/index.php?rest_route=\/wp\/v2\/posts"}],"about":[{"href":"https:\/\/arantv.az\/index.php?rest_route=\/wp\/v2\/types\/post"}],"author":[{"embeddable":true,"href":"https:\/\/arantv.az\/index.php?rest_route=\/wp\/v2\/users\/2"}],"replies":[{"embeddable":true,"href":"https:\/\/arantv.az\/index.php?rest_route=%2Fwp%2Fv2%2Fcomments&post=654081"}],"version-history":[{"count":0,"href":"https:\/\/arantv.az\/index.php?rest_route=\/wp\/v2\/posts\/654081\/revisions"}],"wp:featuredmedia":[{"embeddable":true,"href":"https:\/\/arantv.az\/index.php?rest_route=\/wp\/v2\/media\/654085"}],"wp:attachment":[{"href":"https:\/\/arantv.az\/index.php?rest_route=%2Fwp%2Fv2%2Fmedia&parent=654081"}],"wp:term":[{"taxonomy":"category","embeddable":true,"href":"https:\/\/arantv.az\/index.php?rest_route=%2Fwp%2Fv2%2Fcategories&post=654081"},{"taxonomy":"post_tag","embeddable":true,"href":"https:\/\/arantv.az\/index.php?rest_route=%2Fwp%2Fv2%2Ftags&post=654081"}],"curies":[{"name":"wp","href":"https:\/\/api.w.org\/{rel}","templated":true}]}}