{"id":654118,"date":"2023-11-07T19:33:57","date_gmt":"2023-11-07T15:33:57","guid":{"rendered":"https:\/\/arantv.az\/?p=654118"},"modified":"2023-11-07T19:33:57","modified_gmt":"2023-11-07T15:33:57","slug":"iran-dogrudanmi-az%c9%99rbaycanla-munasib%c9%99tl%c9%99rini-normallasdirmaq-ist%c9%99yir-video","status":"publish","type":"post","link":"https:\/\/arantv.az\/?p=654118","title":{"rendered":"\u0130ran do\u011frudanm\u0131 Az\u0259rbaycanla m\u00fcnasib\u0259tl\u0259rini normalla\u015fd\u0131rmaq ist\u0259yir? &#8211; V\u0130DEO"},"content":{"rendered":"<article class=\"news\">\n<div class=\"news-inner\">\n<p>Bu ilin \u0259vv\u0259ll\u0259rind\u0259 g\u0259rginliyin pik h\u0259ddini ya\u015fayan Az\u0259rbaycan-\u0130ran m\u00fcnasib\u0259tl\u0259rini normal m\u0259craya qaytarmaq \u00fc\u00e7\u00fcn son bir ne\u00e7\u0259 ay \u0259rzind\u0259, konkret des\u0259k, aprel ay\u0131ndan b\u0259ri bir s\u0131ra c\u0259hdl\u0259r edilib v\u0259 m\u00fc\u0259yy\u0259n add\u0131mlar at\u0131l\u0131b.<\/p>\n<p>Bu bar\u0259d\u0259 \u201cAzad \u0130ran\u201d \u201cYouTube\u201d kanal\u0131n\u0131n s\u00fcjetind\u0259 deyilir.<\/p>\n<p>Qeyd olunur ki, apar\u0131lan dan\u0131\u015f\u0131qlar, qar\u015f\u0131l\u0131ql\u0131 s\u0259f\u0259rl\u0259r, n\u0259qliyyat-kommunikasiya sah\u0259sind\u0259 b\u0259zi raz\u0131la\u015fmalar n\u0259tic\u0259sind\u0259 ikit\u0259r\u0259fli \u0259laq\u0259l\u0259r \u0259vv\u0259lki d\u00f6vrl\u0259 m\u00fcqayis\u0259d\u0259 nisb\u0259t\u0259n adi axar\u0131na d\u00fc\u015f\u0259 bilib.<\/p>\n<p>Amma bu gedi\u015fatda y\u00fcks\u0259kv\u0259zif\u0259li \u0130ran r\u0259smil\u0259rinin bir s\u0131ra a\u00e7\u0131qlama v\u0259 b\u0259yanatlar\u0131, h\u0259m\u00e7inin \u0130ran hakimiyy\u0259tin\u0259 ba\u011fl\u0131 median\u0131n \u015f\u0259rh v\u0259 t\u0259hlill\u0259ri Tehran\u0131n Bak\u0131 il\u0259 m\u00fcnasib\u0259tl\u0259ri normalla\u015fd\u0131rmaq ist\u0259yinin s\u0259mimiliyini sual alt\u0131na al\u0131r.<\/p>\n<p>Uza\u011fa getm\u0259y\u0259k, el\u0259 ikit\u0259r\u0259fli \u0259laq\u0259l\u0259rin g\u0259rginl\u0259\u015fm\u0259sind\u0259 \u0259sas amill\u0259rd\u0259n birin\u0259 \u00e7evrilmi\u015f, \u0130ran t\u0259r\u0259fd\u0259n bir \u00e7ox s\u0259rt b\u0259yanatlar\u0131n v\u0259 t\u0259hdid dolu a\u00e7\u0131qlamalar\u0131n s\u0259sl\u0259nm\u0259sin\u0259 s\u0259b\u0259b olmu\u015f Z\u0259ng\u0259zur d\u0259hlizi m\u00f6vzusunu g\u00f6t\u00fcr\u0259k. Oktyabr\u0131n 23-d\u0259 \u201c3+3\u201d format\u0131n\u0131n xarici i\u015fl\u0259r nazirl\u0259ri s\u0259viyy\u0259sind\u0259 Tehranda ke\u00e7iril\u0259n birinci g\u00f6r\u00fc\u015f\u00fcn\u00fcn n\u0259tic\u0259l\u0259rin\u0259 dair m\u0259tbuat konfrans\u0131nda \u0130ran\u0131n xarici i\u015fl\u0259r naziri H\u00fcseyn \u018fmir-Abdullahian deyib:<\/p>\n<p>\u201cBug\u00fcnk\u00fc g\u00f6r\u00fc\u015fd\u0259 regionda geosiyasi d\u0259yi\u015fikliyin yolverilm\u0259zliyi m\u0259s\u0259l\u0259si \u00fcz\u0259rind\u0259 t\u0259kid olundu. M\u0259n Bak\u0131da Prezident\u00a0<strong>\u0130lham \u018fliyevl\u0259<\/strong>\u00a0g\u00f6r\u00fc\u015f\u0259rk\u0259n, o bildirmi\u015fdi ki, biz s\u0259rh\u0259dl\u0259ri d\u0259yi\u015fm\u0259k fikrind\u0259 deyilik v\u0259 C\u0259nubi Qafqaz\u0131n geosiyas\u0259tind\u0259 d\u0259yi\u015fiklik etm\u0259k niyy\u0259timiz yoxdur. Bu kontekstd\u0259 Z\u0259ng\u0259zur d\u0259hlizi x\u00fcsusunda indi iki \u00f6lk\u0259 aras\u0131nda \u0130ran \u00fcz\u0259rind\u0259n Nax\u00e7\u0131vana koridorun yarad\u0131lmas\u0131 q\u0259rara al\u0131n\u0131b v\u0259 layih\u0259 haz\u0131rlan\u0131b\u201d.<\/p>\n<p>\u0130ran xarici i\u015fl\u0259r nazirinin s\u00f6zl\u0259rind\u0259n onun t\u0259\u015f\u0259bb\u00fcs\u00fc il\u0259 \u201cAraz koridoru\u201d adland\u0131r\u0131lan bu layih\u0259nin Z\u0259ng\u0259zur d\u0259hlizinin alternativi oldu\u011fu anla\u015f\u0131l\u0131r.<\/p>\n<p>\u018ftrafl\u0131 s\u00fcjetd\u0259:<\/p>\n<div><iframe loading=\"lazy\" title=\"YouTube video player\" src=\"https:\/\/www.youtube.com\/embed\/8I9aU4LwO0w?si=8cmkJaYLr1MinBmr\" width=\"560\" height=\"315\" frameborder=\"0\" allowfullscreen=\"allowfullscreen\" data-mce-fragment=\"1\"><\/iframe><\/div>\n<\/div>\n<\/article>\n","protected":false},"excerpt":{"rendered":"<p>Bu ilin \u0259vv\u0259ll\u0259rind\u0259 g\u0259rginliyin pik h\u0259ddini ya\u015fayan Az\u0259rbaycan-\u0130ran m\u00fcnasib\u0259tl\u0259rini normal m\u0259craya qaytarmaq \u00fc\u00e7\u00fcn son bir ne\u00e7\u0259 ay \u0259rzind\u0259, konkret des\u0259k, aprel ay\u0131ndan b\u0259ri bir s\u0131ra c\u0259hdl\u0259r edilib v\u0259 m\u00fc\u0259yy\u0259n add\u0131mlar at\u0131l\u0131b. Bu bar\u0259d\u0259 \u201cAzad \u0130ran\u201d \u201cYouTube\u201d kanal\u0131n\u0131n s\u00fcjetind\u0259 deyilir. Qeyd olunur ki, apar\u0131lan dan\u0131\u015f\u0131qlar, qar\u015f\u0131l\u0131ql\u0131 s\u0259f\u0259rl\u0259r, n\u0259qliyyat-kommunikasiya sah\u0259sind\u0259 b\u0259zi raz\u0131la\u015fmalar n\u0259tic\u0259sind\u0259 ikit\u0259r\u0259fli \u0259laq\u0259l\u0259r \u0259vv\u0259lki d\u00f6vrl\u0259 m\u00fcqayis\u0259d\u0259 nisb\u0259t\u0259n adi axar\u0131na d\u00fc\u015f\u0259 bilib. Amma bu gedi\u015fatda y\u00fcks\u0259kv\u0259zif\u0259li \u0130ran r\u0259smil\u0259rinin bir s\u0131ra a\u00e7\u0131qlama v\u0259 b\u0259yanatlar\u0131, h\u0259m\u00e7inin \u0130ran hakimiyy\u0259tin\u0259 ba\u011fl\u0131 median\u0131n \u015f\u0259rh v\u0259 t\u0259hlill\u0259ri Tehran\u0131n Bak\u0131 il\u0259 m\u00fcnasib\u0259tl\u0259ri normalla\u015fd\u0131rmaq ist\u0259yinin s\u0259mimiliyini sual alt\u0131na al\u0131r.&hellip;<\/p>\n","protected":false},"author":2,"featured_media":654122,"comment_status":"closed","ping_status":"closed","sticky":false,"template":"","format":"standard","meta":{"om_disable_all_campaigns":false,"_monsterinsights_skip_tracking":false,"_monsterinsights_sitenote_active":false,"_monsterinsights_sitenote_note":"","_monsterinsights_sitenote_category":0},"categories":[4],"tags":[],"aioseo_notices":[],"gutentor_comment":0,"rttpg_featured_image_url":{"full":["https:\/\/arantv.az\/wp-content\/uploads\/2023\/11\/D\u00a1D\u00bdD\u00b8D\u00bcD\u00beDo-N_DoN_D\u00b0D\u00bdD\u00b0-2023-11-07-160253.jpg",620,413,false],"landscape":["https:\/\/arantv.az\/wp-content\/uploads\/2023\/11\/D\u00a1D\u00bdD\u00b8D\u00bcD\u00beDo-N_DoN_D\u00b0D\u00bdD\u00b0-2023-11-07-160253.jpg",620,413,false],"portraits":["https:\/\/arantv.az\/wp-content\/uploads\/2023\/11\/D\u00a1D\u00bdD\u00b8D\u00bcD\u00beDo-N_DoN_D\u00b0D\u00bdD\u00b0-2023-11-07-160253.jpg",620,413,false],"thumbnail":["https:\/\/arantv.az\/wp-content\/uploads\/2023\/11\/D\u00a1D\u00bdD\u00b8D\u00bcD\u00beDo-N_DoN_D\u00b0D\u00bdD\u00b0-2023-11-07-160253-500x280.jpg",500,280,true],"medium":["https:\/\/arantv.az\/wp-content\/uploads\/2023\/11\/D\u00a1D\u00bdD\u00b8D\u00bcD\u00beDo-N_DoN_D\u00b0D\u00bdD\u00b0-2023-11-07-160253-548x365.jpg",548,365,true],"large":["https:\/\/arantv.az\/wp-content\/uploads\/2023\/11\/D\u00a1D\u00bdD\u00b8D\u00bcD\u00beDo-N_DoN_D\u00b0D\u00bdD\u00b0-2023-11-07-160253.jpg",620,413,false],"1536x1536":["https:\/\/arantv.az\/wp-content\/uploads\/2023\/11\/D\u00a1D\u00bdD\u00b8D\u00bcD\u00beDo-N_DoN_D\u00b0D\u00bdD\u00b0-2023-11-07-160253.jpg",620,413,false],"2048x2048":["https:\/\/arantv.az\/wp-content\/uploads\/2023\/11\/D\u00a1D\u00bdD\u00b8D\u00bcD\u00beDo-N_DoN_D\u00b0D\u00bdD\u00b0-2023-11-07-160253.jpg",620,413,false],"post-thumbnail":["https:\/\/arantv.az\/wp-content\/uploads\/2023\/11\/D\u00a1D\u00bdD\u00b8D\u00bcD\u00beDo-N_DoN_D\u00b0D\u00bdD\u00b0-2023-11-07-160253-240x172.jpg",240,172,true],"advps-thumb-one":["https:\/\/arantv.az\/wp-content\/uploads\/2023\/11\/D\u00a1D\u00bdD\u00b8D\u00bcD\u00beDo-N_DoN_D\u00b0D\u00bdD\u00b0-2023-11-07-160253.jpg",620,413,false]},"rttpg_author":{"display_name":"V\u00fcsal Rafiqo\u011flu","author_link":"https:\/\/arantv.az\/?author=2"},"rttpg_comment":0,"rttpg_category":"<a href=\"https:\/\/arantv.az\/?cat=4\" rel=\"category\">Siyas\u0259t<\/a>","rttpg_excerpt":"Bu ilin \u0259vv\u0259ll\u0259rind\u0259 g\u0259rginliyin pik h\u0259ddini ya\u015fayan Az\u0259rbaycan-\u0130ran m\u00fcnasib\u0259tl\u0259rini normal m\u0259craya qaytarmaq \u00fc\u00e7\u00fcn son bir ne\u00e7\u0259 ay \u0259rzind\u0259, konkret des\u0259k, aprel ay\u0131ndan b\u0259ri bir s\u0131ra c\u0259hdl\u0259r edilib v\u0259 m\u00fc\u0259yy\u0259n add\u0131mlar at\u0131l\u0131b. Bu bar\u0259d\u0259 \u201cAzad \u0130ran\u201d \u201cYouTube\u201d kanal\u0131n\u0131n s\u00fcjetind\u0259 deyilir. Qeyd olunur ki, apar\u0131lan dan\u0131\u015f\u0131qlar, qar\u015f\u0131l\u0131ql\u0131 s\u0259f\u0259rl\u0259r, n\u0259qliyyat-kommunikasiya sah\u0259sind\u0259 b\u0259zi raz\u0131la\u015fmalar n\u0259tic\u0259sind\u0259 ikit\u0259r\u0259fli \u0259laq\u0259l\u0259r \u0259vv\u0259lki d\u00f6vrl\u0259&hellip;","_links":{"self":[{"href":"https:\/\/arantv.az\/index.php?rest_route=\/wp\/v2\/posts\/654118"}],"collection":[{"href":"https:\/\/arantv.az\/index.php?rest_route=\/wp\/v2\/posts"}],"about":[{"href":"https:\/\/arantv.az\/index.php?rest_route=\/wp\/v2\/types\/post"}],"author":[{"embeddable":true,"href":"https:\/\/arantv.az\/index.php?rest_route=\/wp\/v2\/users\/2"}],"replies":[{"embeddable":true,"href":"https:\/\/arantv.az\/index.php?rest_route=%2Fwp%2Fv2%2Fcomments&post=654118"}],"version-history":[{"count":0,"href":"https:\/\/arantv.az\/index.php?rest_route=\/wp\/v2\/posts\/654118\/revisions"}],"wp:featuredmedia":[{"embeddable":true,"href":"https:\/\/arantv.az\/index.php?rest_route=\/wp\/v2\/media\/654122"}],"wp:attachment":[{"href":"https:\/\/arantv.az\/index.php?rest_route=%2Fwp%2Fv2%2Fmedia&parent=654118"}],"wp:term":[{"taxonomy":"category","embeddable":true,"href":"https:\/\/arantv.az\/index.php?rest_route=%2Fwp%2Fv2%2Fcategories&post=654118"},{"taxonomy":"post_tag","embeddable":true,"href":"https:\/\/arantv.az\/index.php?rest_route=%2Fwp%2Fv2%2Ftags&post=654118"}],"curies":[{"name":"wp","href":"https:\/\/api.w.org\/{rel}","templated":true}]}}