{"id":654148,"date":"2023-11-07T20:38:15","date_gmt":"2023-11-07T16:38:15","guid":{"rendered":"https:\/\/arantv.az\/?p=654148"},"modified":"2023-11-07T20:38:15","modified_gmt":"2023-11-07T16:38:15","slug":"%c9%99lahidd%c9%99-umumqosun-ordunun-xususi-t%c9%99yinatlilari-qapiciq-zirv%c9%99sin%c9%99-yurus-edibl%c9%99r-foto","status":"publish","type":"post","link":"https:\/\/arantv.az\/?p=654148","title":{"rendered":"\u018flahidd\u0259 \u00dcmumqo\u015fun Ordunun X\u00fcsusi T\u0259yinatl\u0131lar\u0131 \u201cQap\u0131c\u0131q\u201d zirv\u0259sin\u0259 y\u00fcr\u00fc\u015f edibl\u0259r &#8211; FOTO"},"content":{"rendered":"<p>Ali Ba\u015f Komandan\u00a0<strong>\u0130lham \u018fliyevin<\/strong>\u00a0Az\u0259rbaycan Respublikas\u0131n\u0131n Prezidenti se\u00e7ilm\u0259sinin 20 illiyi il\u0259 \u0259laq\u0259dar \u018flahidd\u0259 \u00dcmumqo\u015fun Ordunun X\u00fcsusi T\u0259yinatl\u0131lar\u0131 \u201cQap\u0131c\u0131q\u201d zirv\u0259sin\u0259 y\u00fcr\u00fc\u015f edib.<\/p>\n<p>\u201cReport\u201d x\u0259b\u0259r verir ki, \u00f6lk\u0259 ba\u015f\u00e7\u0131s\u0131 c\u0259nab \u0130lham \u018fliyev 20 il bundan \u00f6nc\u0259 2003-c\u00fc ild\u0259 ilk d\u0259f\u0259 Prezident v\u0259zif\u0259sin\u0259 se\u00e7il\u0259n zaman Az\u0259rbaycan xalq\u0131na m\u00fcraci\u0259t ed\u0259r\u0259k bildirmi\u015fdi ki, n\u0259yin bahas\u0131na olursa-olsun, biz \u00f6z tarixi torpaqlar\u0131m\u0131z\u0131 d\u00fc\u015fm\u0259nin \u0259lind\u0259n alaca\u011f\u0131q. \u0130st\u0259r s\u00fclh yolu il\u0259, ist\u0259r m\u00fcharib\u0259 yolu il\u0259 v\u0259 bel\u0259 d\u0259 oldu. S\u00f6z\u00fc imzas\u0131 q\u0259d\u0259r d\u0259y\u0259rli olan c\u0259nab \u0130lham \u018fliyevin siyasi irad\u0259si v\u0259 s\u0259rk\u0259rd\u0259liyi, ordumuzun r\u0259\u015fad\u0259ti, xalq\u0131m\u0131z\u0131n birliyi n\u0259tic\u0259sind\u0259 30 illik i\u015f\u011fala son qoyuldu. M\u00fcharib\u0259d\u0259 qazan\u0131lan m\u00f6ht\u0259\u015f\u0259m Z\u0259f\u0259r tariximiz\u0259 q\u0131z\u0131l h\u0259rfl\u0259rl\u0259 yaz\u0131ld\u0131.<\/p>\n<p>\u018flahidd\u0259 \u00dcmumqo\u015fun Ordunun \u015f\u0259xsi hey\u0259ti \u201cBiz q\u0259hr\u0259man \u0259sg\u0259r v\u0259 zabitl\u0259rimiz hesab\u0131na q\u0259l\u0259b\u0259 qazanm\u0131\u015f\u0131q\u201d, &#8211; dey\u0259n \u0130lham \u018fliyevin Prezident se\u00e7ilm\u0259sinin 20-ci ild\u00f6n\u00fcm\u00fcn\u00fc bayram \u0259hval-ruhiyy\u0259si il\u0259 qeyd edir v\u0259 onun Ali Ba\u015f Komandanl\u0131\u011f\u0131 alt\u0131nda xidm\u0259t etm\u0259k \u015f\u0259r\u0259finin yaratd\u0131\u011f\u0131 q\u00fcrur hissl\u0259rini n\u00fcmayi\u015f etdirirl\u0259r.<\/p>\n<p>\u018flahidd\u0259 \u00dcmumqo\u015fun Orduda Ali Ba\u015f Komandan \u0130lham \u018fliyevin Az\u0259rbaycan Respublikas\u0131n\u0131n Prezidenti se\u00e7ilm\u0259sinin 20 illiyi il\u0259 \u0259laq\u0259dar ke\u00e7iril\u0259n silsil\u0259 t\u0259dbirl\u0259rin davam\u0131 olaraq x\u00fcsusi t\u0259yinatl\u0131lar\u0131m\u0131z Nax\u00e7\u0131van Muxtar Respublikas\u0131n\u0131n \u0259n h\u00fcnd\u00fcr n\u00f6qt\u0259si olan \u201cQap\u0131c\u0131q\u201d zirv\u0259sin\u0259 y\u00fcr\u00fc\u015f edibl\u0259r.<\/p>\n<p>\u00c7\u0259tin da\u011f a\u015f\u0131r\u0131mlar\u0131ndan ke\u00e7\u0259r\u0259k Ordubad rayonu \u0259razisind\u0259 yerl\u0259\u015f\u0259n v\u0259 h\u00fcnd\u00fcrl\u00fcy\u00fc 3905 metr olan Qap\u0131c\u0131q zirv\u0259sin\u0259 qalxan x\u00fcsusi t\u0259yinatl\u0131lar Az\u0259rbaycan Respublikas\u0131n\u0131n Prezidenti, M\u00fcz\u0259ff\u0259r Ali Ba\u015f Komandan c\u0259nab \u0130lham \u018fliyevin V\u0259t\u0259n\u0259, xalqa v\u0259 d\u00f6vl\u0259t\u00e7iliy\u0259 misilsiz xidm\u0259tinin 20 ilini t\u0259r\u0259nn\u00fcm ed\u0259n v\u0259 \u00fcz\u0259rin\u0259 d\u0259mir yumru\u011fun \u0259ks olundu\u011fu l\u00f6vh\u0259ni qaya \u00fcz\u0259rind\u0259 b\u0259rkidibl\u0259r.<\/p>\n<p>&nbsp;<\/p>\n<div class=\"gallery\">\n<div class=\"gallery-i\"><img src=\"https:\/\/cdn.oxu.az\/uploads\/W1siZiIsIjIwMjMvMTEvMDcvMTkvNDUvNDUvZWM5YTc3YmItNWY0NS00NGY0LWFjNGYtYjRmYTIxZjg1Y2M4LzljOTRiZTc1LTQxYjktM2YxMi04YmUzLWY5MTBmNjhjYzdkOS5qcGciXSxbInAiLCJlbmNvZGUiLCJqcGciLCItcXVhbGl0eSA4MCJdLFsicCIsInRodW1iIiwiNTkweDU5MFx1MDAzZSJdXQ?sha=6123ee9b81b02212\" alt=\"\" \/><\/p>\n<div class=\"gallery-i-caption\"><\/div>\n<\/div>\n<div class=\"gallery-i\"><img src=\"https:\/\/cdn.oxu.az\/uploads\/W1siZiIsIjIwMjMvMTEvMDcvMTkvNDUvNDYvZTNhOWQzMWUtMmMxNi00NjA4LThmMGUtOGY0OGEzODczNDU5L2Q5MDk3YzZkLTJkNTMtMzY5Yi05YTliLTJlZmY1M2QxZjAxZi5qcGciXSxbInAiLCJlbmNvZGUiLCJqcGciLCItcXVhbGl0eSA4MCJdLFsicCIsInRodW1iIiwiNTkweDU5MFx1MDAzZSJdXQ?sha=127c47c4200f25b5\" alt=\"\" \/><\/div>\n<\/div>\n","protected":false},"excerpt":{"rendered":"<p>Ali Ba\u015f Komandan\u00a0\u0130lham \u018fliyevin\u00a0Az\u0259rbaycan Respublikas\u0131n\u0131n Prezidenti se\u00e7ilm\u0259sinin 20 illiyi il\u0259 \u0259laq\u0259dar \u018flahidd\u0259 \u00dcmumqo\u015fun Ordunun X\u00fcsusi T\u0259yinatl\u0131lar\u0131 \u201cQap\u0131c\u0131q\u201d zirv\u0259sin\u0259 y\u00fcr\u00fc\u015f edib. \u201cReport\u201d x\u0259b\u0259r verir ki, \u00f6lk\u0259 ba\u015f\u00e7\u0131s\u0131 c\u0259nab \u0130lham \u018fliyev 20 il bundan \u00f6nc\u0259 2003-c\u00fc ild\u0259 ilk d\u0259f\u0259 Prezident v\u0259zif\u0259sin\u0259 se\u00e7il\u0259n zaman Az\u0259rbaycan xalq\u0131na m\u00fcraci\u0259t ed\u0259r\u0259k bildirmi\u015fdi ki, n\u0259yin bahas\u0131na olursa-olsun, biz \u00f6z tarixi torpaqlar\u0131m\u0131z\u0131 d\u00fc\u015fm\u0259nin \u0259lind\u0259n alaca\u011f\u0131q. \u0130st\u0259r s\u00fclh yolu il\u0259, ist\u0259r m\u00fcharib\u0259 yolu il\u0259 v\u0259 bel\u0259 d\u0259 oldu. S\u00f6z\u00fc imzas\u0131 q\u0259d\u0259r d\u0259y\u0259rli olan c\u0259nab \u0130lham \u018fliyevin siyasi irad\u0259si v\u0259 s\u0259rk\u0259rd\u0259liyi, ordumuzun r\u0259\u015fad\u0259ti, xalq\u0131m\u0131z\u0131n birliyi n\u0259tic\u0259sind\u0259 30 illik i\u015f\u011fala son&hellip;<\/p>\n","protected":false},"author":2,"featured_media":654152,"comment_status":"closed","ping_status":"closed","sticky":false,"template":"","format":"standard","meta":{"om_disable_all_campaigns":false,"_monsterinsights_skip_tracking":false,"_monsterinsights_sitenote_active":false,"_monsterinsights_sitenote_note":"","_monsterinsights_sitenote_category":0},"categories":[10],"tags":[],"aioseo_notices":[],"gutentor_comment":0,"rttpg_featured_image_url":{"full":["https:\/\/arantv.az\/wp-content\/uploads\/2023\/11\/5da7af06-1cf6-3408-babf-524469726e6f_850.jpg",620,413,false],"landscape":["https:\/\/arantv.az\/wp-content\/uploads\/2023\/11\/5da7af06-1cf6-3408-babf-524469726e6f_850.jpg",620,413,false],"portraits":["https:\/\/arantv.az\/wp-content\/uploads\/2023\/11\/5da7af06-1cf6-3408-babf-524469726e6f_850.jpg",620,413,false],"thumbnail":["https:\/\/arantv.az\/wp-content\/uploads\/2023\/11\/5da7af06-1cf6-3408-babf-524469726e6f_850-500x280.jpg",500,280,true],"medium":["https:\/\/arantv.az\/wp-content\/uploads\/2023\/11\/5da7af06-1cf6-3408-babf-524469726e6f_850-548x365.jpg",548,365,true],"large":["https:\/\/arantv.az\/wp-content\/uploads\/2023\/11\/5da7af06-1cf6-3408-babf-524469726e6f_850.jpg",620,413,false],"1536x1536":["https:\/\/arantv.az\/wp-content\/uploads\/2023\/11\/5da7af06-1cf6-3408-babf-524469726e6f_850.jpg",620,413,false],"2048x2048":["https:\/\/arantv.az\/wp-content\/uploads\/2023\/11\/5da7af06-1cf6-3408-babf-524469726e6f_850.jpg",620,413,false],"post-thumbnail":["https:\/\/arantv.az\/wp-content\/uploads\/2023\/11\/5da7af06-1cf6-3408-babf-524469726e6f_850-240x172.jpg",240,172,true],"advps-thumb-one":["https:\/\/arantv.az\/wp-content\/uploads\/2023\/11\/5da7af06-1cf6-3408-babf-524469726e6f_850.jpg",620,413,false]},"rttpg_author":{"display_name":"V\u00fcsal Rafiqo\u011flu","author_link":"https:\/\/arantv.az\/?author=2"},"rttpg_comment":0,"rttpg_category":"<a href=\"https:\/\/arantv.az\/?cat=10\" rel=\"category\">C\u0259bh\u0259d\u0259n X\u0259b\u0259r<\/a>","rttpg_excerpt":"Ali Ba\u015f Komandan\u00a0\u0130lham \u018fliyevin\u00a0Az\u0259rbaycan Respublikas\u0131n\u0131n Prezidenti se\u00e7ilm\u0259sinin 20 illiyi il\u0259 \u0259laq\u0259dar \u018flahidd\u0259 \u00dcmumqo\u015fun Ordunun X\u00fcsusi T\u0259yinatl\u0131lar\u0131 \u201cQap\u0131c\u0131q\u201d zirv\u0259sin\u0259 y\u00fcr\u00fc\u015f edib. \u201cReport\u201d x\u0259b\u0259r verir ki, \u00f6lk\u0259 ba\u015f\u00e7\u0131s\u0131 c\u0259nab \u0130lham \u018fliyev 20 il bundan \u00f6nc\u0259 2003-c\u00fc ild\u0259 ilk d\u0259f\u0259 Prezident v\u0259zif\u0259sin\u0259 se\u00e7il\u0259n zaman Az\u0259rbaycan xalq\u0131na m\u00fcraci\u0259t ed\u0259r\u0259k bildirmi\u015fdi ki, n\u0259yin bahas\u0131na olursa-olsun, biz \u00f6z tarixi torpaqlar\u0131m\u0131z\u0131 d\u00fc\u015fm\u0259nin&hellip;","_links":{"self":[{"href":"https:\/\/arantv.az\/index.php?rest_route=\/wp\/v2\/posts\/654148"}],"collection":[{"href":"https:\/\/arantv.az\/index.php?rest_route=\/wp\/v2\/posts"}],"about":[{"href":"https:\/\/arantv.az\/index.php?rest_route=\/wp\/v2\/types\/post"}],"author":[{"embeddable":true,"href":"https:\/\/arantv.az\/index.php?rest_route=\/wp\/v2\/users\/2"}],"replies":[{"embeddable":true,"href":"https:\/\/arantv.az\/index.php?rest_route=%2Fwp%2Fv2%2Fcomments&post=654148"}],"version-history":[{"count":0,"href":"https:\/\/arantv.az\/index.php?rest_route=\/wp\/v2\/posts\/654148\/revisions"}],"wp:featuredmedia":[{"embeddable":true,"href":"https:\/\/arantv.az\/index.php?rest_route=\/wp\/v2\/media\/654152"}],"wp:attachment":[{"href":"https:\/\/arantv.az\/index.php?rest_route=%2Fwp%2Fv2%2Fmedia&parent=654148"}],"wp:term":[{"taxonomy":"category","embeddable":true,"href":"https:\/\/arantv.az\/index.php?rest_route=%2Fwp%2Fv2%2Fcategories&post=654148"},{"taxonomy":"post_tag","embeddable":true,"href":"https:\/\/arantv.az\/index.php?rest_route=%2Fwp%2Fv2%2Ftags&post=654148"}],"curies":[{"name":"wp","href":"https:\/\/api.w.org\/{rel}","templated":true}]}}