{"id":654151,"date":"2023-11-07T20:40:24","date_gmt":"2023-11-07T16:40:24","guid":{"rendered":"https:\/\/arantv.az\/?p=654151"},"modified":"2023-11-07T20:40:24","modified_gmt":"2023-11-07T16:40:24","slug":"susa-s%c9%99h%c9%99rind%c9%99-pes%c9%99-m%c9%99kt%c9%99binin-v%c9%99-kollecin-binalarina-baxis-yenil%c9%99nib-foto","status":"publish","type":"post","link":"https:\/\/arantv.az\/?p=654151","title":{"rendered":"\u015eu\u015fa \u015f\u0259h\u0259rind\u0259 pe\u015f\u0259 m\u0259kt\u0259binin v\u0259 kollecin binalar\u0131na bax\u0131\u015f &#8211; YEN\u0130L\u018fN\u0130B + FOTO"},"content":{"rendered":"<p>Az\u0259rbaycan Respublikas\u0131n\u0131n Prezidenti\u00a0<strong>\u0130lham \u018fliyev<\/strong>\u00a0v\u0259 birinci xan\u0131m\u00a0<strong>Mehriban \u018fliyeva<\/strong>\u00a0noyabr\u0131n 7-d\u0259 \u015eu\u015fa \u015f\u0259h\u0259rind\u0259 pe\u015f\u0259 m\u0259kt\u0259binin v\u0259 kollecin binalar\u0131na bax\u0131\u015f ke\u00e7iribl\u0259r.<\/p>\n<p><a href=\"https:\/\/azertag.az\/xeber\/susa_seherinde_pese_mektebinin_ve_kollecin_binalarina_baxis_yenilenib-2817610\" target=\"_blank\" rel=\"noopener\">AZ\u018fRTAC<\/a>\u00a0x\u0259b\u0259r verir ki, elm v\u0259 t\u0259hsil naziri Emin \u018fmrullayev d\u00f6vl\u0259timizin ba\u015f\u00e7\u0131s\u0131na v\u0259 birinci xan\u0131ma g\u00f6r\u00fcl\u0259c\u0259k i\u015fl\u0259r bar\u0259d\u0259 m\u0259lumat verdi.<\/p>\n<p>Bildirildi ki, pe\u015f\u0259 m\u0259kt\u0259bi v\u0259 kollec \u015eu\u015fan\u0131n tarixi Hamamqaba\u011f\u0131, Seyidli v\u0259 Culfalar m\u0259h\u0259ll\u0259l\u0259rind\u0259 yerl\u0259\u015fir. Sovet d\u00f6vr\u00fcnd\u0259 h\u0259min \u0259razid\u0259 ke\u00e7mi\u015f k\u0259nd t\u0259s\u0259rr\u00fcfat\u0131 texnikumu v\u0259 onun yataqxanas\u0131 yerl\u0259\u015firdi. H\u0259min \u0259razid\u0259 pe\u015f\u0259 m\u0259kt\u0259bi d\u0259 tikilmi\u015fdi.<\/p>\n<p>Prezident \u0130lham \u018fliyev pe\u015f\u0259 m\u0259kt\u0259binin v\u0259 kollecin \u0259razisin\u0259 bax\u0131b, tap\u015f\u0131r\u0131q v\u0259 t\u00f6vsiy\u0259l\u0259rini verib.<\/p>\n<p><strong>15:39<\/strong><\/p>\n<p>Az\u0259rbaycan Respublikas\u0131n\u0131n Prezidenti\u00a0<strong>\u0130lham \u018fliyev<\/strong>\u00a0v\u0259 Birinci vitse-prezident\u00a0<strong>Mehriban \u018fliyeva<\/strong>\u00a0noyabr\u0131n 7-d\u0259 \u015eu\u015fa \u015f\u0259h\u0259rind\u0259 pe\u015f\u0259 m\u0259kt\u0259binin v\u0259 kollecin binas\u0131na bax\u0131blar.<\/p>\n<p>Bu bar\u0259d\u0259\u00a0<a href=\"https:\/\/azertag.az\/xeber\/susa_seherinde_pese_mektebinin_ve_kollecin_binasina_baxis_yenilenecek-2817610\" target=\"_blank\" rel=\"noopener\">AZ\u018fRTAC<\/a>\u00a0m\u0259lumat yay\u0131b.<\/p>\n<p>&nbsp;<\/p>\n<div class=\"gallery\">\n<div class=\"gallery-i\"><img src=\"https:\/\/cdn.oxu.az\/uploads\/W1siZiIsIjIwMjMvMTEvMDcvMTcvMzkvNDIvZmJhOWU5NDAtYWU4OC00YjU5LWI4NjctMjA0OWJjZjA0Yjk1LzE2OTkzNjQyMDU1OTI3ODM1NDU4XzEyMDB4NjMwLmpwZyJdLFsicCIsImVuY29kZSIsImpwZyIsIi1xdWFsaXR5IDgwIl0sWyJwIiwidGh1bWIiLCI1OTB4NTkwXHUwMDNlIl1d?sha=55c5d7e9389e9023\" alt=\"\" \/><\/p>\n<div class=\"gallery-i-caption\"><\/div>\n<\/div>\n<div class=\"gallery-i\"><img src=\"https:\/\/cdn.oxu.az\/uploads\/W1siZiIsIjIwMjMvMTEvMDcvMTcvMzkvNDMvMzc1OWE3NDEtODM1NS00NTI2LWFmNTEtODU5Y2Y1N2ZmNzE2LzE2OTkzNjQyMDUyNDA1ODg1ODlfMTIwMHg2MzAuanBnIl0sWyJwIiwiZW5jb2RlIiwianBnIiwiLXF1YWxpdHkgODAiXSxbInAiLCJ0aHVtYiIsIjU5MHg1OTBcdTAwM2UiXV0?sha=d1c512a3e0993883\" alt=\"\" \/><\/p>\n<div class=\"gallery-i-caption\"><\/div>\n<\/div>\n<div class=\"gallery-i\"><img src=\"https:\/\/cdn.oxu.az\/uploads\/W1siZiIsIjIwMjMvMTEvMDcvMTcvMzkvNDMvYWIwOGYwYjYtNWY3YS00YmNmLThiMmQtM2UyNWVhN2ZmY2RkLzE2OTkzNjQyMDUyMDA2ODIyOF8xMjAweDYzMC5qcGciXSxbInAiLCJlbmNvZGUiLCJqcGciLCItcXVhbGl0eSA4MCJdLFsicCIsInRodW1iIiwiNTkweDU5MFx1MDAzZSJdXQ?sha=8920a60a893c682d\" alt=\"\" \/><\/p>\n<div class=\"gallery-i-caption\"><\/div>\n<\/div>\n<div class=\"gallery-i\"><img src=\"https:\/\/cdn.oxu.az\/uploads\/W1siZiIsIjIwMjMvMTEvMDcvMTcvMzkvNDMvNDliM2UyMWMtYjZmNS00Y2U2LWFkODgtNTAwYjI2NGM1Yzg0LzE2OTkzNjQyMDUzMDEwMjg0NjlfMTIwMHg2MzAuanBnIl0sWyJwIiwiZW5jb2RlIiwianBnIiwiLXF1YWxpdHkgODAiXSxbInAiLCJ0aHVtYiIsIjU5MHg1OTBcdTAwM2UiXV0?sha=a740deaf73ddb600\" alt=\"\" \/><\/div>\n<\/div>\n","protected":false},"excerpt":{"rendered":"<p>Az\u0259rbaycan Respublikas\u0131n\u0131n Prezidenti\u00a0\u0130lham \u018fliyev\u00a0v\u0259 birinci xan\u0131m\u00a0Mehriban \u018fliyeva\u00a0noyabr\u0131n 7-d\u0259 \u015eu\u015fa \u015f\u0259h\u0259rind\u0259 pe\u015f\u0259 m\u0259kt\u0259binin v\u0259 kollecin binalar\u0131na bax\u0131\u015f ke\u00e7iribl\u0259r. AZ\u018fRTAC\u00a0x\u0259b\u0259r verir ki, elm v\u0259 t\u0259hsil naziri Emin \u018fmrullayev d\u00f6vl\u0259timizin ba\u015f\u00e7\u0131s\u0131na v\u0259 birinci xan\u0131ma g\u00f6r\u00fcl\u0259c\u0259k i\u015fl\u0259r bar\u0259d\u0259 m\u0259lumat verdi. Bildirildi ki, pe\u015f\u0259 m\u0259kt\u0259bi v\u0259 kollec \u015eu\u015fan\u0131n tarixi Hamamqaba\u011f\u0131, Seyidli v\u0259 Culfalar m\u0259h\u0259ll\u0259l\u0259rind\u0259 yerl\u0259\u015fir. Sovet d\u00f6vr\u00fcnd\u0259 h\u0259min \u0259razid\u0259 ke\u00e7mi\u015f k\u0259nd t\u0259s\u0259rr\u00fcfat\u0131 texnikumu v\u0259 onun yataqxanas\u0131 yerl\u0259\u015firdi. H\u0259min \u0259razid\u0259 pe\u015f\u0259 m\u0259kt\u0259bi d\u0259 tikilmi\u015fdi. Prezident \u0130lham \u018fliyev pe\u015f\u0259 m\u0259kt\u0259binin v\u0259 kollecin \u0259razisin\u0259 bax\u0131b, tap\u015f\u0131r\u0131q v\u0259 t\u00f6vsiy\u0259l\u0259rini verib. 15:39 Az\u0259rbaycan Respublikas\u0131n\u0131n Prezidenti\u00a0\u0130lham \u018fliyev\u00a0v\u0259 Birinci vitse-prezident\u00a0Mehriban \u018fliyeva\u00a0noyabr\u0131n 7-d\u0259&hellip;<\/p>\n","protected":false},"author":2,"featured_media":654155,"comment_status":"closed","ping_status":"closed","sticky":false,"template":"","format":"standard","meta":{"om_disable_all_campaigns":false,"_monsterinsights_skip_tracking":false,"_monsterinsights_sitenote_active":false,"_monsterinsights_sitenote_note":"","_monsterinsights_sitenote_category":0},"categories":[4],"tags":[],"aioseo_notices":[],"gutentor_comment":0,"rttpg_featured_image_url":{"full":["https:\/\/arantv.az\/wp-content\/uploads\/2023\/11\/FotoJet-1-13.jpg",620,413,false],"landscape":["https:\/\/arantv.az\/wp-content\/uploads\/2023\/11\/FotoJet-1-13.jpg",620,413,false],"portraits":["https:\/\/arantv.az\/wp-content\/uploads\/2023\/11\/FotoJet-1-13.jpg",620,413,false],"thumbnail":["https:\/\/arantv.az\/wp-content\/uploads\/2023\/11\/FotoJet-1-13-500x280.jpg",500,280,true],"medium":["https:\/\/arantv.az\/wp-content\/uploads\/2023\/11\/FotoJet-1-13-548x365.jpg",548,365,true],"large":["https:\/\/arantv.az\/wp-content\/uploads\/2023\/11\/FotoJet-1-13.jpg",620,413,false],"1536x1536":["https:\/\/arantv.az\/wp-content\/uploads\/2023\/11\/FotoJet-1-13.jpg",620,413,false],"2048x2048":["https:\/\/arantv.az\/wp-content\/uploads\/2023\/11\/FotoJet-1-13.jpg",620,413,false],"post-thumbnail":["https:\/\/arantv.az\/wp-content\/uploads\/2023\/11\/FotoJet-1-13-240x172.jpg",240,172,true],"advps-thumb-one":["https:\/\/arantv.az\/wp-content\/uploads\/2023\/11\/FotoJet-1-13.jpg",620,413,false]},"rttpg_author":{"display_name":"V\u00fcsal Rafiqo\u011flu","author_link":"https:\/\/arantv.az\/?author=2"},"rttpg_comment":0,"rttpg_category":"<a href=\"https:\/\/arantv.az\/?cat=4\" rel=\"category\">Siyas\u0259t<\/a>","rttpg_excerpt":"Az\u0259rbaycan Respublikas\u0131n\u0131n Prezidenti\u00a0\u0130lham \u018fliyev\u00a0v\u0259 birinci xan\u0131m\u00a0Mehriban \u018fliyeva\u00a0noyabr\u0131n 7-d\u0259 \u015eu\u015fa \u015f\u0259h\u0259rind\u0259 pe\u015f\u0259 m\u0259kt\u0259binin v\u0259 kollecin binalar\u0131na bax\u0131\u015f ke\u00e7iribl\u0259r. AZ\u018fRTAC\u00a0x\u0259b\u0259r verir ki, elm v\u0259 t\u0259hsil naziri Emin \u018fmrullayev d\u00f6vl\u0259timizin ba\u015f\u00e7\u0131s\u0131na v\u0259 birinci xan\u0131ma g\u00f6r\u00fcl\u0259c\u0259k i\u015fl\u0259r bar\u0259d\u0259 m\u0259lumat verdi. Bildirildi ki, pe\u015f\u0259 m\u0259kt\u0259bi v\u0259 kollec \u015eu\u015fan\u0131n tarixi Hamamqaba\u011f\u0131, Seyidli v\u0259 Culfalar m\u0259h\u0259ll\u0259l\u0259rind\u0259 yerl\u0259\u015fir. Sovet d\u00f6vr\u00fcnd\u0259 h\u0259min \u0259razid\u0259 ke\u00e7mi\u015f&hellip;","_links":{"self":[{"href":"https:\/\/arantv.az\/index.php?rest_route=\/wp\/v2\/posts\/654151"}],"collection":[{"href":"https:\/\/arantv.az\/index.php?rest_route=\/wp\/v2\/posts"}],"about":[{"href":"https:\/\/arantv.az\/index.php?rest_route=\/wp\/v2\/types\/post"}],"author":[{"embeddable":true,"href":"https:\/\/arantv.az\/index.php?rest_route=\/wp\/v2\/users\/2"}],"replies":[{"embeddable":true,"href":"https:\/\/arantv.az\/index.php?rest_route=%2Fwp%2Fv2%2Fcomments&post=654151"}],"version-history":[{"count":0,"href":"https:\/\/arantv.az\/index.php?rest_route=\/wp\/v2\/posts\/654151\/revisions"}],"wp:featuredmedia":[{"embeddable":true,"href":"https:\/\/arantv.az\/index.php?rest_route=\/wp\/v2\/media\/654155"}],"wp:attachment":[{"href":"https:\/\/arantv.az\/index.php?rest_route=%2Fwp%2Fv2%2Fmedia&parent=654151"}],"wp:term":[{"taxonomy":"category","embeddable":true,"href":"https:\/\/arantv.az\/index.php?rest_route=%2Fwp%2Fv2%2Fcategories&post=654151"},{"taxonomy":"post_tag","embeddable":true,"href":"https:\/\/arantv.az\/index.php?rest_route=%2Fwp%2Fv2%2Ftags&post=654151"}],"curies":[{"name":"wp","href":"https:\/\/api.w.org\/{rel}","templated":true}]}}