{"id":654161,"date":"2023-11-07T20:43:15","date_gmt":"2023-11-07T16:43:15","guid":{"rendered":"https:\/\/arantv.az\/?p=654161"},"modified":"2023-11-07T20:43:15","modified_gmt":"2023-11-07T16:43:15","slug":"kiv-h%c9%99mas-r%c9%99hb%c9%99ri-turkiy%c9%99-prezidenti-il%c9%99-gorus%c9%99c%c9%99k","status":"publish","type":"post","link":"https:\/\/arantv.az\/?p=654161","title":{"rendered":"K\u0130V: H\u018fMAS r\u0259hb\u0259ri T\u00fcrkiy\u0259 Prezidenti il\u0259 g\u00f6r\u00fc\u015f\u0259c\u0259k"},"content":{"rendered":"<p>F\u0259l\u0259stinin H\u018fMAS radikal h\u0259r\u0259kat\u0131n\u0131n Siyasi B\u00fcrosunun r\u0259hb\u0259ri \u0130smay\u0131l Haniy\u0259nin ba\u015f\u00e7\u0131l\u0131q etdiyi n\u00fcmay\u0259nd\u0259 hey\u0259ti T\u00fcrkiy\u0259y\u0259 g\u0259lib.<\/p>\n<p>M\u0259lumata g\u00f6r\u0259, Haniy\u0259nin T\u00fcrkiy\u0259 Prezidenti R\u0259c\u0259b Tayyib \u018frdo\u011fanla g\u00f6r\u00fc\u015f\u00fc g\u00f6zl\u0259nilir.<\/p>\n<p>Bildirilir ki, H\u018fMAS r\u0259hb\u0259rinin s\u0259f\u0259ri \u201conun \u0130rana son s\u0259f\u0259ri il\u0259 ba\u011fl\u0131d\u0131r\u201d. Burada o, \u0130slam Respublikas\u0131n\u0131n r\u0259hb\u0259ri v\u0259 ali dini lideri \u018fli Xamenei, el\u0259c\u0259 d\u0259 bir s\u0131ra y\u00fcks\u0259k v\u0259zif\u0259li \u0130ran r\u0259smil\u0259ri il\u0259 dan\u0131\u015f\u0131qlar apar\u0131b, \u201cH\u018fMAS-\u0131n \u0130srail\u0259 qar\u015f\u0131 \u0259m\u0259liyyat\u0131n\u0131n siyasi n\u0259tic\u0259l\u0259rini v\u0259 t\u0259hl\u00fck\u0259sizlik m\u0259s\u0259l\u0259l\u0259rini\u201d m\u00fczakir\u0259 edib.<\/p>\n<p>M\u0259nb\u0259: TASS<\/p>\n","protected":false},"excerpt":{"rendered":"<p>F\u0259l\u0259stinin H\u018fMAS radikal h\u0259r\u0259kat\u0131n\u0131n Siyasi B\u00fcrosunun r\u0259hb\u0259ri \u0130smay\u0131l Haniy\u0259nin ba\u015f\u00e7\u0131l\u0131q etdiyi n\u00fcmay\u0259nd\u0259 hey\u0259ti T\u00fcrkiy\u0259y\u0259 g\u0259lib. M\u0259lumata g\u00f6r\u0259, Haniy\u0259nin T\u00fcrkiy\u0259 Prezidenti R\u0259c\u0259b Tayyib \u018frdo\u011fanla g\u00f6r\u00fc\u015f\u00fc g\u00f6zl\u0259nilir. Bildirilir ki, H\u018fMAS r\u0259hb\u0259rinin s\u0259f\u0259ri \u201conun \u0130rana son s\u0259f\u0259ri il\u0259 ba\u011fl\u0131d\u0131r\u201d. Burada o, \u0130slam Respublikas\u0131n\u0131n r\u0259hb\u0259ri v\u0259 ali dini lideri \u018fli Xamenei, el\u0259c\u0259 d\u0259 bir s\u0131ra y\u00fcks\u0259k v\u0259zif\u0259li \u0130ran r\u0259smil\u0259ri il\u0259 dan\u0131\u015f\u0131qlar apar\u0131b, \u201cH\u018fMAS-\u0131n \u0130srail\u0259 qar\u015f\u0131 \u0259m\u0259liyyat\u0131n\u0131n siyasi n\u0259tic\u0259l\u0259rini v\u0259 t\u0259hl\u00fck\u0259sizlik m\u0259s\u0259l\u0259l\u0259rini\u201d m\u00fczakir\u0259 edib. M\u0259nb\u0259: TASS<\/p>\n","protected":false},"author":2,"featured_media":654165,"comment_status":"closed","ping_status":"closed","sticky":false,"template":"","format":"standard","meta":{"om_disable_all_campaigns":false,"_monsterinsights_skip_tracking":false,"_monsterinsights_sitenote_active":false,"_monsterinsights_sitenote_note":"","_monsterinsights_sitenote_category":0},"categories":[7],"tags":[],"aioseo_notices":[],"gutentor_comment":0,"rttpg_featured_image_url":{"full":["https:\/\/arantv.az\/wp-content\/uploads\/2023\/11\/20200201_2_40625287_51732250.jpg",620,413,false],"landscape":["https:\/\/arantv.az\/wp-content\/uploads\/2023\/11\/20200201_2_40625287_51732250.jpg",620,413,false],"portraits":["https:\/\/arantv.az\/wp-content\/uploads\/2023\/11\/20200201_2_40625287_51732250.jpg",620,413,false],"thumbnail":["https:\/\/arantv.az\/wp-content\/uploads\/2023\/11\/20200201_2_40625287_51732250-500x280.jpg",500,280,true],"medium":["https:\/\/arantv.az\/wp-content\/uploads\/2023\/11\/20200201_2_40625287_51732250-548x365.jpg",548,365,true],"large":["https:\/\/arantv.az\/wp-content\/uploads\/2023\/11\/20200201_2_40625287_51732250.jpg",620,413,false],"1536x1536":["https:\/\/arantv.az\/wp-content\/uploads\/2023\/11\/20200201_2_40625287_51732250.jpg",620,413,false],"2048x2048":["https:\/\/arantv.az\/wp-content\/uploads\/2023\/11\/20200201_2_40625287_51732250.jpg",620,413,false],"post-thumbnail":["https:\/\/arantv.az\/wp-content\/uploads\/2023\/11\/20200201_2_40625287_51732250-240x172.jpg",240,172,true],"advps-thumb-one":["https:\/\/arantv.az\/wp-content\/uploads\/2023\/11\/20200201_2_40625287_51732250.jpg",620,413,false]},"rttpg_author":{"display_name":"V\u00fcsal Rafiqo\u011flu","author_link":"https:\/\/arantv.az\/?author=2"},"rttpg_comment":0,"rttpg_category":"<a href=\"https:\/\/arantv.az\/?cat=7\" rel=\"category\">D\u00fcnya<\/a>","rttpg_excerpt":"F\u0259l\u0259stinin H\u018fMAS radikal h\u0259r\u0259kat\u0131n\u0131n Siyasi B\u00fcrosunun r\u0259hb\u0259ri \u0130smay\u0131l Haniy\u0259nin ba\u015f\u00e7\u0131l\u0131q etdiyi n\u00fcmay\u0259nd\u0259 hey\u0259ti T\u00fcrkiy\u0259y\u0259 g\u0259lib. M\u0259lumata g\u00f6r\u0259, Haniy\u0259nin T\u00fcrkiy\u0259 Prezidenti R\u0259c\u0259b Tayyib \u018frdo\u011fanla g\u00f6r\u00fc\u015f\u00fc g\u00f6zl\u0259nilir. Bildirilir ki, H\u018fMAS r\u0259hb\u0259rinin s\u0259f\u0259ri \u201conun \u0130rana son s\u0259f\u0259ri il\u0259 ba\u011fl\u0131d\u0131r\u201d. Burada o, \u0130slam Respublikas\u0131n\u0131n r\u0259hb\u0259ri v\u0259 ali dini lideri \u018fli Xamenei, el\u0259c\u0259 d\u0259 bir s\u0131ra y\u00fcks\u0259k v\u0259zif\u0259li \u0130ran r\u0259smil\u0259ri&hellip;","_links":{"self":[{"href":"https:\/\/arantv.az\/index.php?rest_route=\/wp\/v2\/posts\/654161"}],"collection":[{"href":"https:\/\/arantv.az\/index.php?rest_route=\/wp\/v2\/posts"}],"about":[{"href":"https:\/\/arantv.az\/index.php?rest_route=\/wp\/v2\/types\/post"}],"author":[{"embeddable":true,"href":"https:\/\/arantv.az\/index.php?rest_route=\/wp\/v2\/users\/2"}],"replies":[{"embeddable":true,"href":"https:\/\/arantv.az\/index.php?rest_route=%2Fwp%2Fv2%2Fcomments&post=654161"}],"version-history":[{"count":0,"href":"https:\/\/arantv.az\/index.php?rest_route=\/wp\/v2\/posts\/654161\/revisions"}],"wp:featuredmedia":[{"embeddable":true,"href":"https:\/\/arantv.az\/index.php?rest_route=\/wp\/v2\/media\/654165"}],"wp:attachment":[{"href":"https:\/\/arantv.az\/index.php?rest_route=%2Fwp%2Fv2%2Fmedia&parent=654161"}],"wp:term":[{"taxonomy":"category","embeddable":true,"href":"https:\/\/arantv.az\/index.php?rest_route=%2Fwp%2Fv2%2Fcategories&post=654161"},{"taxonomy":"post_tag","embeddable":true,"href":"https:\/\/arantv.az\/index.php?rest_route=%2Fwp%2Fv2%2Ftags&post=654161"}],"curies":[{"name":"wp","href":"https:\/\/api.w.org\/{rel}","templated":true}]}}