{"id":654180,"date":"2023-11-07T21:01:54","date_gmt":"2023-11-07T17:01:54","guid":{"rendered":"https:\/\/arantv.az\/?p=654180"},"modified":"2023-11-07T21:01:54","modified_gmt":"2023-11-07T17:01:54","slug":"8-noyabr-z%c9%99f%c9%99r-gunu","status":"publish","type":"post","link":"https:\/\/arantv.az\/?p=654180","title":{"rendered":"8 Noyabr &#8211; Z\u0259f\u0259r G\u00fcn\u00fc"},"content":{"rendered":"<p>Respublikan\u0131n h\u0259r bir b\u00f6lg\u0259sind\u0259 oldu\u011fu kimi Qubadl\u0131 rayonunda da Z\u0259f\u0259r G\u00fcn\u00fc m\u00fcnasib\u0259til\u0259 silsil\u0259 t\u0259dbirl\u0259r ke\u00e7irilir. Bel\u0259 ki, 07.11.2023-c\u00fc il tarixd\u0259 Qubadl\u0131 Rayon \u0130cra Hakimiyy\u0259tinin t\u0259\u015fkilat\u00e7\u0131l\u0131\u011f\u0131 il\u0259 Sumqay\u0131t \u015f\u0259h\u0259r 28 May M\u0259d\u0259niyy\u0259t evind\u0259 8 noyabr &#8211; Z\u0259f\u0259r G\u00fcn\u00fc il\u0259 \u0259laq\u0259dar \u201cTarixi Z\u0259f\u0259rimiz Heyd\u0259r \u018fliyev siyas\u0259tinin t\u0259nt\u0259n\u0259sidir\u201d m\u00f6vzusunda t\u0259dbir ke\u00e7irildi. T\u0259dbird\u0259 Qubadl\u0131 Rayon \u0130cra Hakimiyy\u0259tinin ba\u015f\u00e7\u0131s\u0131 Malik \u0130saqov, H\u00fcquq-m\u00fchafiz\u0259 orqanlar\u0131, YAP Qubadl\u0131 rayon t\u0259\u015fkilat\u0131n\u0131n r\u0259hb\u0259rliyi, R\u0130H-nin m\u0259sul i\u015f\u00e7il\u0259ri, idar\u0259, m\u00fc\u0259ssis\u0259, t\u0259\u015fkilat r\u0259hb\u0259rl\u0259ri v\u0259 kollektivl\u0259ri, R\u0130HB-nin inzibati \u0259razi dair\u0259si \u00fczr\u0259 n\u00fcmay\u0259nd\u0259l\u0259ri, \u015e\u0259hidl\u0259rimizin ail\u0259 \u00fczvl\u0259ri, yax\u0131nlar\u0131, a\u011fsaqqallar, ziyal\u0131lar, V\u0259t\u0259n m\u00fcharib\u0259si i\u015ftirak\u00e7\u0131lar\u0131, qazil\u0259r, f\u0259al g\u0259ncl\u0259r, idman\u00e7\u0131lar v\u0259 ictimaiyy\u0259t n\u00fcmay\u0259nd\u0259l\u0259ri i\u015ftirak edirdil\u0259r.<br \/>\nT\u0259dbird\u0259 D\u00f6vl\u0259t Himni s\u0259sl\u0259ndirildi. Ulu \u00d6nd\u0259r Heyd\u0259r \u018fliyevin v\u0259 torpaqlar\u0131m\u0131z\u0131n b\u00fct\u00f6vl\u00fcy\u00fc u\u011frunda can\u0131ndan ke\u00e7mi\u015f v\u0259t\u0259n o\u011fullar\u0131n\u0131n xatir\u0259si bir d\u0259qiq\u0259lik s\u00fckutla yad edildi. Daha sonra Z\u0259f\u0259r G\u00fcn\u00fcn\u0259 h\u0259sr olunmu\u015f film n\u00fcmayi\u015f olundu.<br \/>\nT\u0259dbird\u0259 Az\u0259rbaycan Respublikas\u0131n\u0131n Prezidenti \u0130lham \u018fliyevin 2020-ci il 3 dekabr tarixli S\u0259r\u0259ncam\u0131na \u0259sas\u0259n h\u0259r il noyabr\u0131n 8-i Az\u0259rbaycan Respublikas\u0131nda Z\u0259f\u0259r G\u00fcn\u00fc kimi t\u0259nt\u0259n\u0259li \u015f\u0259kild\u0259 qeyd edildiyini vur\u011fulayan Qubadl\u0131 Rayon \u0130cra Hakimiyy\u0259tinin ba\u015f\u00e7\u0131s\u0131 Malik \u0130saqov bildirdi ki, 8 Noyabr &#8211; Z\u0259f\u0259r G\u00fcn\u00fc Az\u0259rbaycan tarixinin q\u0131z\u0131l s\u0259hif\u0259si, M\u00fcz\u0259ff\u0259r Ali Ba\u015f Komandan, Prezident \u0130lham \u018fliyevin r\u0259hb\u0259rliyi alt\u0131nda \u015fanl\u0131 Az\u0259rbaycan Ordusunun yazd\u0131\u011f\u0131 q\u0259hr\u0259manl\u0131q dastan\u0131d\u0131r. 44 g\u00fcnl\u00fck haqq sava\u015f\u0131nda Az\u0259rbaycan xalq\u0131n\u0131n sars\u0131lmaz birliyi, Prezident \u0130lham \u018fliyevin d\u0259mir irad\u0259si v\u0259 \u015fanl\u0131 Az\u0259rbaycan Ordusunun yenilm\u0259z g\u00fcc\u00fc qar\u015f\u0131s\u0131nda d\u00fc\u015fm\u0259n t\u0259slim olub v\u0259 bununla da xalq\u0131m\u0131z\u0131n 30 illik torpaq h\u0259sr\u0259tin\u0259 son qoyulub,\u0259razi b\u00fct\u00f6vl\u00fcy\u00fcm\u00fcz b\u0259rpa olunub v\u0259 \u015f\u0259hidl\u0259rimizin qisas\u0131 al\u0131n\u0131b. Az\u0259rbaycan xalq\u0131n\u0131n \u0259zmi v\u0259 irad\u0259si, iqtisadi g\u00fcc\u00fc, m\u00fcasir ordu quruculu\u011fu v\u0259 xalq-iqtidar birliyi \u00f6lk\u0259mizin q\u0259l\u0259b\u0259sini t\u0259min ed\u0259n m\u00fch\u00fcm amill\u0259r oldu. Ulu \u0259cdadlar\u0131m\u0131z\u0131n z\u0259ngin d\u00f6vl\u0259t\u00e7ilik v\u0259 h\u0259rb tarixind\u0259n ilhamlanan Az\u0259rbaycan xalq\u0131 daha bir \u015fanl\u0131 q\u0259hr\u0259manl\u0131q salnam\u0259si yazaraq, \u00f6z\u00fcn\u00fcn qalib xalq oldu\u011funu b\u00fct\u00fcn d\u00fcnyaya s\u00fcbut etdi v\u0259 d\u00fc\u015fm\u0259n \u00fcz\u0259rind\u0259 tarixi z\u0259f\u0259r \u00e7ald\u0131. \u201cD\u0259mir yumruq\u201d \u0259m\u0259liyyat\u0131n\u0131n ilk saatlar\u0131nda c\u0259bh\u0259 x\u0259ttind\u0259n sevindirici x\u0259b\u0259rl\u0259r g\u0259lm\u0259y\u0259 ba\u015flad\u0131. 44 g\u00fcn \u0259rzind\u0259 h\u0259r g\u00fcn Az\u0259rbaycan Ordusu ir\u0259li gedirdi, h\u0259r g\u00fcn yeni \u015f\u0259h\u0259rl\u0259r, k\u0259ndl\u0259r, q\u0259s\u0259b\u0259l\u0259r, y\u00fcks\u0259klikl\u0259r azad edilirdi. Az\u0259rbaycan \u0259sg\u0259ri, Az\u0259rbaycan zabiti bir amalla vuru\u015furdu ki, i\u015f\u011fala son qoyulsun \u00f6z \u0259razi b\u00fct\u00f6vl\u00fcy\u00fcn\u00fc b\u0259rpa etsin.<br \/>\nUlu \u00d6nd\u0259rin \u015fah \u0259s\u0259ri olan g\u00fccl\u00fc Az\u0259rbaycan d\u00f6vl\u0259ti \u00f6z suverenliyini, m\u00fcst\u0259qilliyini qoruma\u011fa qadir oldu\u011funu 44 g\u00fcnl\u00fck V\u0259t\u0259n m\u00fcharib\u0259sind\u0259 \u015fanl\u0131 Z\u0259f\u0259r qazanmaqla s\u00fcbuta yetirdi.<br \/>\nAz\u0259rbaycan Ordusunun sentyabr\u0131n 27-d\u0259 Qaraba\u011fda ba\u015flad\u0131\u011f\u0131 u\u011furlu \u0259ks-h\u00fccum \u0259m\u0259liyyat\u0131 n\u0259tic\u0259sind\u0259 noyabr\u0131n 9-d\u0259k 5 \u015f\u0259h\u0259r, 4 q\u0259s\u0259b\u0259 v\u0259 286 k\u0259nd i\u015f\u011faldan azad edilib. 44 g\u00fcnl\u00fck V\u0259t\u0259n m\u00fcharib\u0259sind\u0259 can\u0131 v\u0259 qan\u0131 bahas\u0131na \u0259razi b\u00fct\u00f6vl\u00fcy\u00fcm\u00fcz\u00fc b\u0259rpa ed\u0259n h\u0259r bir \u0259sg\u0259r v\u0259 zabitimiz bizim q\u00fcrurumuzdur.<br \/>\nAli Ba\u015f Komandan, Prezident \u0130lham \u018fliyevin r\u0259hb\u0259rliyi alt\u0131nda M\u00fcz\u0259ff\u0259r Ordumuzun igidliyi, q\u0259hr\u0259manl\u0131\u011f\u0131 say\u0259sind\u0259 torpaqlar\u0131m\u0131z, h\u0259m\u00e7inin 30 il\u0259 yax\u0131n h\u0259sr\u0259tind\u0259 oldu\u011fumuz Qubadl\u0131 rayonu 25 oktyabr 2020-ci ild\u0259 i\u015f\u011faldan azad olundu. V\u0259t\u0259n m\u00fcharib\u0259sind\u0259 rayon sakinl\u0259rind\u0259n 298 n\u0259f\u0259r k\u00f6n\u00fcll\u00fc olaraq i\u015ftirak etmi\u015fdir. 44 g\u00fcnl\u00fck V\u0259t\u0259n m\u00fcharib\u0259sind\u0259 q\u0259hr\u0259manlar i\u00e7\u0259risind\u0259 can\u0131ndan v\u0259 qan\u0131ndan ke\u00e7\u0259n Qubadl\u0131 rayonundan 11 \u015f\u0259hid v\u0259 40-dan \u00e7ox qazimiz \u00f6z adlar\u0131n\u0131 tarix\u0259 yazd\u0131lar.<br \/>\nNoyabr\u0131n 8-d\u0259 28 illik h\u0259sr\u0259td\u0259n sonra Az\u0259rbaycan xalq\u0131 \u00fc\u00e7\u00fcn b\u00f6y\u00fck \u0259h\u0259miyy\u0259t k\u0259sb ed\u0259n v\u0259 r\u0259mzi m\u0259na da\u015f\u0131yan \u015eu\u015fa \u015f\u0259h\u0259ri i\u015f\u011faldan azad edilmi\u015fdir.Qaraba\u011f\u0131n tac\u0131 olan \u015eu\u015fa \u015f\u0259h\u0259rinin azad edilm\u0259si d\u00fcnya h\u0259rb tarixin\u0259 d\u00fc\u015f\u0259c\u0259k unikal h\u0259rbi \u0259m\u0259liyyatlardan olmu\u015fdur. B\u00f6y\u00fck q\u0259l\u0259b\u0259ni al qan\u0131 il\u0259 yazan \u015f\u0259hidl\u0259rimizin intiqam\u0131n\u0131n al\u0131nmas\u0131 il\u0259 \u0259ld\u0259 olunan z\u0259f\u0259ri, qalibiyy\u0259ti Az\u0259rbaycan xalq\u0131na b\u0259x\u015f etm\u0259kl\u0259 Ali Ba\u015f Komandan\u0131m\u0131z \u0130lham \u018fliyev h\u0259m d\u0259 h\u0259yat\u0131n\u0131 Az\u0259rbaycana h\u0259sr ed\u0259n, \u201c\u015eu\u015fas\u0131z Qaraba\u011f, Qaraba\u011fs\u0131z Az\u0259rbaycan yoxdur\u201d\u2013 dey\u0259n Ulu \u00d6nd\u0259r Heyd\u0259r \u018fliyevin arzusunu reallla\u015fd\u0131rd\u0131.<br \/>\nEyni zamanda qeyd olundu ki, 19-20 sentyabr 2023-c\u00fc il tarixl\u0259rind\u0259 Az\u0259rbaycan\u0131n Konstitusiya qurulu\u015funun b\u0259rpa edilm\u0259si m\u0259qs\u0259dil\u0259 b\u00f6lg\u0259d\u0259 apar\u0131lan antiterror t\u0259dbirl\u0259ri n\u0259tic\u0259sind\u0259 Az\u0259rbaycan \u00f6z suverenliyini tam b\u0259rpa etdi. Prezident, M\u00fcz\u0259ff\u0259r Ali Ba\u015f Komandan \u0130lham \u018fliyev t\u0259r\u0259find\u0259n h\u0259min \u0259razil\u0259rd\u0259 &#8211; Xocav\u0259nd, \u018fsg\u0259ran, Xocal\u0131, A\u011fd\u0259r\u0259, Xank\u0259ndi \u015f\u0259h\u0259rl\u0259rind\u0259 Az\u0259rbaycan bayra\u011f\u0131 qald\u0131r\u0131ld\u0131.<br \/>\nBu g\u00fcn Az\u0259rbaycan xalq\u0131 tamamil\u0259 da\u011f\u0131d\u0131lm\u0131\u015f \u0259razil\u0259rimizd\u0259 yeni h\u0259yat qurur. Azad edilmi\u015f \u0259razil\u0259r\u0259 s\u0259f\u0259rl\u0259ri il\u0259 Prezident \u0130lham \u018fliyev \u00f6z sevincini xalq\u0131 il\u0259 b\u00f6l\u00fc\u015fm\u0259kl\u0259 yana\u015f\u0131, h\u0259min \u0259razil\u0259ri tez bir zamanda b\u0259rpa etm\u0259k, dir\u00e7\u0259ltm\u0259k \u0259zmind\u0259 oldu\u011funu \u0259yani n\u00fcmayi\u015f etdirir. Azad edilmi\u015f \u015f\u0259h\u0259rl\u0259rimizd\u0259, k\u0259ndl\u0259rimizd\u0259 art\u0131q geni\u015f b\u0259rpa-quruculuq i\u015fl\u0259ri apar\u0131l\u0131r. \u0130nfrastruktur i\u015fl\u0259ri, x\u0259st\u0259xanalar, m\u0259kt\u0259bl\u0259r, ya\u015fay\u0131\u015f binalar\u0131, m\u0259d\u0259niyy\u0259t obyektl\u0259ri, m\u0259scidl\u0259rimizin b\u0259rpas\u0131, muzeyl\u0259r, hava limanlar\u0131, d\u0259mir yollar\u0131, tunell\u0259r tikilir.<br \/>\nAz\u0259rbaycan\u0131n tarixind\u0259 yeni s\u0259hif\u0259 ba\u015flan\u0131b. Bundan sonra Az\u0259rbaycan yaln\u0131z inki\u015faf ed\u0259c\u0259k. Azad edilmi\u015f torpaqlara bundan sonra h\u0259yat qay\u0131dacaq.<br \/>\nM\u0259d\u0259niyy\u0259t evinin qar\u015f\u0131s\u0131nda Z\u0259f\u0259r G\u00fcn\u00fc m\u00fcnasib\u0259til\u0259 t\u0259\u015fkil olunmu\u015f s\u0259rgi n\u00fcmayi\u015f olundu.<br \/>\nT\u0259dbir 28 May M\u0259d\u0259niyy\u0259t evinin h\u0259y\u0259tind\u0259, a\u00e7\u0131q havada geni\u015f konsert proqram\u0131 il\u0259 davam etdirildi. Z\u0259f\u0259r G\u00fcn\u00fcn\u0259 h\u0259sr olunmu\u015f konsert proqram\u0131nda respublikan\u0131n tan\u0131nm\u0131\u015f m\u00fc\u011f\u0259nnil\u0259ri t\u0259r\u0259find\u0259n mahn\u0131lar ifa olundu, \u015e\u0259rqi Z\u0259ng\u0259zur Regional M\u0259d\u0259niyy\u0259t \u0130dar\u0259sinin Qubadl\u0131 rayon n\u00fcmay\u0259nd\u0259liyinin r\u0259qs qruplar\u0131 m\u00fcxt\u0259lif r\u0259qs n\u00f6mr\u0259l\u0259ri n\u00fcmayi\u015f etdirdi, \u015feirl\u0259r s\u0259sl\u0259ndirildi.<br \/>\nEyni zamanda t\u0259dbird\u0259 rayondan olan idman\u00e7\u0131lar\u0131n m\u00fcxt\u0259lif idman n\u00f6vl\u0259ri \u00fczr\u0259 n\u00fcmun\u0259vi \u00e7\u0131x\u0131\u015flar\u0131 n\u00fcmayi\u015f olundu.<\/p>\n<p><img loading=\"lazy\" class=\"alignnone size-medium wp-image-654182\" src=\"https:\/\/arantv.az\/wp-content\/uploads\/2023\/11\/7b1fab6f-248d-43d0-9fb1-b3c05b065fa4-548x365.jpg\" alt=\"\" width=\"548\" height=\"365\" \/> <img loading=\"lazy\" class=\"alignnone size-medium wp-image-654183\" src=\"https:\/\/arantv.az\/wp-content\/uploads\/2023\/11\/a030e8db-bfb4-475d-8c43-93058adfa30b-548x365.jpg\" alt=\"\" width=\"548\" height=\"365\" \/> <img loading=\"lazy\" class=\"alignnone size-medium wp-image-654184\" src=\"https:\/\/arantv.az\/wp-content\/uploads\/2023\/11\/0383269f-0382-4d96-bca3-8929829b176b-548x365.jpg\" alt=\"\" width=\"548\" height=\"365\" \/> <img loading=\"lazy\" class=\"alignnone size-medium wp-image-654185\" src=\"https:\/\/arantv.az\/wp-content\/uploads\/2023\/11\/46f29762-ab18-4fad-bb0b-259dd0a653cd-548x365.jpg\" alt=\"\" width=\"548\" height=\"365\" \/> <img loading=\"lazy\" class=\"alignnone size-medium wp-image-654186\" src=\"https:\/\/arantv.az\/wp-content\/uploads\/2023\/11\/c2911687-973e-4c79-bb7d-2b9d430f832a-548x365.jpg\" alt=\"\" width=\"548\" height=\"365\" \/> <img loading=\"lazy\" class=\"alignnone size-medium wp-image-654187\" src=\"https:\/\/arantv.az\/wp-content\/uploads\/2023\/11\/a12c5fed-08c4-4e81-b26c-2097632ac590-548x365.jpg\" alt=\"\" width=\"548\" height=\"365\" \/> <img loading=\"lazy\" class=\"alignnone size-medium wp-image-654188\" src=\"https:\/\/arantv.az\/wp-content\/uploads\/2023\/11\/e7424dd5-1148-4cdd-9bb2-4453d4ec4cb4-548x365.jpg\" alt=\"\" width=\"548\" height=\"365\" \/> <img loading=\"lazy\" class=\"alignnone size-medium wp-image-654189\" src=\"https:\/\/arantv.az\/wp-content\/uploads\/2023\/11\/030169e0-bf32-49c7-bc71-cbfca246977a-548x365.jpg\" alt=\"\" width=\"548\" height=\"365\" \/><\/p>\n","protected":false},"excerpt":{"rendered":"<p>Respublikan\u0131n h\u0259r bir b\u00f6lg\u0259sind\u0259 oldu\u011fu kimi Qubadl\u0131 rayonunda da Z\u0259f\u0259r G\u00fcn\u00fc m\u00fcnasib\u0259til\u0259 silsil\u0259 t\u0259dbirl\u0259r ke\u00e7irilir. Bel\u0259 ki, 07.11.2023-c\u00fc il tarixd\u0259 Qubadl\u0131 Rayon \u0130cra Hakimiyy\u0259tinin t\u0259\u015fkilat\u00e7\u0131l\u0131\u011f\u0131 il\u0259 Sumqay\u0131t \u015f\u0259h\u0259r 28 May M\u0259d\u0259niyy\u0259t evind\u0259 8 noyabr &#8211; Z\u0259f\u0259r G\u00fcn\u00fc il\u0259 \u0259laq\u0259dar \u201cTarixi Z\u0259f\u0259rimiz Heyd\u0259r \u018fliyev siyas\u0259tinin t\u0259nt\u0259n\u0259sidir\u201d m\u00f6vzusunda t\u0259dbir ke\u00e7irildi. T\u0259dbird\u0259 Qubadl\u0131 Rayon \u0130cra Hakimiyy\u0259tinin ba\u015f\u00e7\u0131s\u0131 Malik \u0130saqov, H\u00fcquq-m\u00fchafiz\u0259 orqanlar\u0131, YAP Qubadl\u0131 rayon t\u0259\u015fkilat\u0131n\u0131n r\u0259hb\u0259rliyi, R\u0130H-nin m\u0259sul i\u015f\u00e7il\u0259ri, idar\u0259, m\u00fc\u0259ssis\u0259, t\u0259\u015fkilat r\u0259hb\u0259rl\u0259ri v\u0259 kollektivl\u0259ri, R\u0130HB-nin inzibati \u0259razi dair\u0259si \u00fczr\u0259 n\u00fcmay\u0259nd\u0259l\u0259ri, \u015e\u0259hidl\u0259rimizin ail\u0259 \u00fczvl\u0259ri, yax\u0131nlar\u0131, a\u011fsaqqallar, ziyal\u0131lar, V\u0259t\u0259n m\u00fcharib\u0259si i\u015ftirak\u00e7\u0131lar\u0131, qazil\u0259r, f\u0259al g\u0259ncl\u0259r,&hellip;<\/p>\n","protected":false},"author":2,"featured_media":654182,"comment_status":"closed","ping_status":"closed","sticky":false,"template":"","format":"standard","meta":{"om_disable_all_campaigns":false,"_monsterinsights_skip_tracking":false,"_monsterinsights_sitenote_active":false,"_monsterinsights_sitenote_note":"","_monsterinsights_sitenote_category":0},"categories":[1],"tags":[],"aioseo_notices":[],"gutentor_comment":0,"rttpg_featured_image_url":{"full":["https:\/\/arantv.az\/wp-content\/uploads\/2023\/11\/7b1fab6f-248d-43d0-9fb1-b3c05b065fa4.jpg",960,640,false],"landscape":["https:\/\/arantv.az\/wp-content\/uploads\/2023\/11\/7b1fab6f-248d-43d0-9fb1-b3c05b065fa4.jpg",960,640,false],"portraits":["https:\/\/arantv.az\/wp-content\/uploads\/2023\/11\/7b1fab6f-248d-43d0-9fb1-b3c05b065fa4.jpg",960,640,false],"thumbnail":["https:\/\/arantv.az\/wp-content\/uploads\/2023\/11\/7b1fab6f-248d-43d0-9fb1-b3c05b065fa4-500x280.jpg",500,280,true],"medium":["https:\/\/arantv.az\/wp-content\/uploads\/2023\/11\/7b1fab6f-248d-43d0-9fb1-b3c05b065fa4-548x365.jpg",548,365,true],"large":["https:\/\/arantv.az\/wp-content\/uploads\/2023\/11\/7b1fab6f-248d-43d0-9fb1-b3c05b065fa4-840x560.jpg",640,427,true],"1536x1536":["https:\/\/arantv.az\/wp-content\/uploads\/2023\/11\/7b1fab6f-248d-43d0-9fb1-b3c05b065fa4.jpg",960,640,false],"2048x2048":["https:\/\/arantv.az\/wp-content\/uploads\/2023\/11\/7b1fab6f-248d-43d0-9fb1-b3c05b065fa4.jpg",960,640,false],"post-thumbnail":["https:\/\/arantv.az\/wp-content\/uploads\/2023\/11\/7b1fab6f-248d-43d0-9fb1-b3c05b065fa4-240x172.jpg",240,172,true],"advps-thumb-one":["https:\/\/arantv.az\/wp-content\/uploads\/2023\/11\/7b1fab6f-248d-43d0-9fb1-b3c05b065fa4-960x620.jpg",960,620,true]},"rttpg_author":{"display_name":"V\u00fcsal Rafiqo\u011flu","author_link":"https:\/\/arantv.az\/?author=2"},"rttpg_comment":0,"rttpg_category":"<a href=\"https:\/\/arantv.az\/?cat=1\" rel=\"category\">C\u0259miyy\u0259t<\/a>","rttpg_excerpt":"Respublikan\u0131n h\u0259r bir b\u00f6lg\u0259sind\u0259 oldu\u011fu kimi Qubadl\u0131 rayonunda da Z\u0259f\u0259r G\u00fcn\u00fc m\u00fcnasib\u0259til\u0259 silsil\u0259 t\u0259dbirl\u0259r ke\u00e7irilir. Bel\u0259 ki, 07.11.2023-c\u00fc il tarixd\u0259 Qubadl\u0131 Rayon \u0130cra Hakimiyy\u0259tinin t\u0259\u015fkilat\u00e7\u0131l\u0131\u011f\u0131 il\u0259 Sumqay\u0131t \u015f\u0259h\u0259r 28 May M\u0259d\u0259niyy\u0259t evind\u0259 8 noyabr &#8211; Z\u0259f\u0259r G\u00fcn\u00fc il\u0259 \u0259laq\u0259dar \u201cTarixi Z\u0259f\u0259rimiz Heyd\u0259r \u018fliyev siyas\u0259tinin t\u0259nt\u0259n\u0259sidir\u201d m\u00f6vzusunda t\u0259dbir ke\u00e7irildi. T\u0259dbird\u0259 Qubadl\u0131 Rayon \u0130cra Hakimiyy\u0259tinin ba\u015f\u00e7\u0131s\u0131 Malik&hellip;","_links":{"self":[{"href":"https:\/\/arantv.az\/index.php?rest_route=\/wp\/v2\/posts\/654180"}],"collection":[{"href":"https:\/\/arantv.az\/index.php?rest_route=\/wp\/v2\/posts"}],"about":[{"href":"https:\/\/arantv.az\/index.php?rest_route=\/wp\/v2\/types\/post"}],"author":[{"embeddable":true,"href":"https:\/\/arantv.az\/index.php?rest_route=\/wp\/v2\/users\/2"}],"replies":[{"embeddable":true,"href":"https:\/\/arantv.az\/index.php?rest_route=%2Fwp%2Fv2%2Fcomments&post=654180"}],"version-history":[{"count":0,"href":"https:\/\/arantv.az\/index.php?rest_route=\/wp\/v2\/posts\/654180\/revisions"}],"wp:featuredmedia":[{"embeddable":true,"href":"https:\/\/arantv.az\/index.php?rest_route=\/wp\/v2\/media\/654182"}],"wp:attachment":[{"href":"https:\/\/arantv.az\/index.php?rest_route=%2Fwp%2Fv2%2Fmedia&parent=654180"}],"wp:term":[{"taxonomy":"category","embeddable":true,"href":"https:\/\/arantv.az\/index.php?rest_route=%2Fwp%2Fv2%2Fcategories&post=654180"},{"taxonomy":"post_tag","embeddable":true,"href":"https:\/\/arantv.az\/index.php?rest_route=%2Fwp%2Fv2%2Ftags&post=654180"}],"curies":[{"name":"wp","href":"https:\/\/api.w.org\/{rel}","templated":true}]}}