{"id":654191,"date":"2023-11-07T21:03:08","date_gmt":"2023-11-07T17:03:08","guid":{"rendered":"https:\/\/arantv.az\/?p=654191"},"modified":"2023-11-07T21:03:08","modified_gmt":"2023-11-07T17:03:08","slug":"turkiy%c9%99-prezidenti-ozb%c9%99kistana-gedir","status":"publish","type":"post","link":"https:\/\/arantv.az\/?p=654191","title":{"rendered":"T\u00fcrkiy\u0259 Prezidenti \u00d6zb\u0259kistana gedir"},"content":{"rendered":"<p>T\u00fcrkiy\u0259 Prezident R\u0259c\u0259b Tayyib \u018frdo\u011fan \u0130qtisadi \u018fm\u0259kda\u015fl\u0131q T\u0259\u015fkilat\u0131n\u0131n Da\u015fk\u0259ndd\u0259 ke\u00e7iril\u0259c\u0259k 16-c\u0131 Zirv\u0259 Toplant\u0131s\u0131nda i\u015ftirak etm\u0259k \u00fc\u00e7\u00fcn 8-9 noyabr 2023-c\u00fc il tarixl\u0259rind\u0259 \u00d6zb\u0259kistana s\u0259f\u0259r ed\u0259c\u0259k.<\/p>\n<p>Noyabr\u0131n 9-da ke\u00e7iril\u0259c\u0259k sammitin iclas\u0131nda \u00e7\u0131x\u0131\u015f ed\u0259c\u0259k \u018frdo\u011fan, toplant\u0131 \u00e7\u0259r\u00e7iv\u0259sind\u0259 i\u015ftirak\u00e7\u0131 liderl\u0259rl\u0259 d\u0259 ikit\u0259r\u0259fli g\u00f6r\u00fc\u015fl\u0259r ke\u00e7ir\u0259c\u0259k.<\/p>\n<p>Sammit \u00e7\u0259r\u00e7iv\u0259sind\u0259 T\u00fcrkiy\u0259nin qurucu \u00fczv\u00fc oldu\u011fu qurumun f\u0259aliyy\u0259tinin s\u0259m\u0259r\u0259liliyinin art\u0131r\u0131lmas\u0131, \u00fczv \u00f6lk\u0259l\u0259r aras\u0131nda ticar\u0259t, n\u0259qliyyat \u015f\u0259b\u0259k\u0259l\u0259ri v\u0259 \u0259laq\u0259l\u0259rin yax\u015f\u0131la\u015fd\u0131r\u0131lmas\u0131 kimi m\u0259s\u0259l\u0259l\u0259r \u0259traf\u0131nda fikir m\u00fcbadil\u0259sinin apar\u0131lmas\u0131 planla\u015fd\u0131r\u0131l\u0131r.<\/p>\n<p>Xat\u0131rladaq ki, \u00f6t\u0259n h\u0259ft\u0259 Prezident R.T.\u018frdo\u011fan Qazax\u0131standa ke\u00e7iril\u0259n T\u00fcrk D\u00f6vl\u0259tl\u0259ri T\u0259\u015fkilat\u0131n\u0131n D\u00f6vl\u0259t Ba\u015f\u00e7\u0131lar\u0131 \u015euras\u0131n\u0131n 10-cu Zirv\u0259 Toplant\u0131s\u0131nda i\u015ftirak edib.<\/p>\n<p>M\u0259nb\u0259: Haber Global<\/p>\n","protected":false},"excerpt":{"rendered":"<p>T\u00fcrkiy\u0259 Prezident R\u0259c\u0259b Tayyib \u018frdo\u011fan \u0130qtisadi \u018fm\u0259kda\u015fl\u0131q T\u0259\u015fkilat\u0131n\u0131n Da\u015fk\u0259ndd\u0259 ke\u00e7iril\u0259c\u0259k 16-c\u0131 Zirv\u0259 Toplant\u0131s\u0131nda i\u015ftirak etm\u0259k \u00fc\u00e7\u00fcn 8-9 noyabr 2023-c\u00fc il tarixl\u0259rind\u0259 \u00d6zb\u0259kistana s\u0259f\u0259r ed\u0259c\u0259k. Noyabr\u0131n 9-da ke\u00e7iril\u0259c\u0259k sammitin iclas\u0131nda \u00e7\u0131x\u0131\u015f ed\u0259c\u0259k \u018frdo\u011fan, toplant\u0131 \u00e7\u0259r\u00e7iv\u0259sind\u0259 i\u015ftirak\u00e7\u0131 liderl\u0259rl\u0259 d\u0259 ikit\u0259r\u0259fli g\u00f6r\u00fc\u015fl\u0259r ke\u00e7ir\u0259c\u0259k. Sammit \u00e7\u0259r\u00e7iv\u0259sind\u0259 T\u00fcrkiy\u0259nin qurucu \u00fczv\u00fc oldu\u011fu qurumun f\u0259aliyy\u0259tinin s\u0259m\u0259r\u0259liliyinin art\u0131r\u0131lmas\u0131, \u00fczv \u00f6lk\u0259l\u0259r aras\u0131nda ticar\u0259t, n\u0259qliyyat \u015f\u0259b\u0259k\u0259l\u0259ri v\u0259 \u0259laq\u0259l\u0259rin yax\u015f\u0131la\u015fd\u0131r\u0131lmas\u0131 kimi m\u0259s\u0259l\u0259l\u0259r \u0259traf\u0131nda fikir m\u00fcbadil\u0259sinin apar\u0131lmas\u0131 planla\u015fd\u0131r\u0131l\u0131r. Xat\u0131rladaq ki, \u00f6t\u0259n h\u0259ft\u0259 Prezident R.T.\u018frdo\u011fan Qazax\u0131standa ke\u00e7iril\u0259n T\u00fcrk D\u00f6vl\u0259tl\u0259ri T\u0259\u015fkilat\u0131n\u0131n D\u00f6vl\u0259t Ba\u015f\u00e7\u0131lar\u0131 \u015euras\u0131n\u0131n 10-cu Zirv\u0259 Toplant\u0131s\u0131nda i\u015ftirak edib. M\u0259nb\u0259: Haber Global<\/p>\n","protected":false},"author":2,"featured_media":654193,"comment_status":"closed","ping_status":"closed","sticky":false,"template":"","format":"standard","meta":{"om_disable_all_campaigns":false,"_monsterinsights_skip_tracking":false,"_monsterinsights_sitenote_active":false,"_monsterinsights_sitenote_note":"","_monsterinsights_sitenote_category":0},"categories":[7],"tags":[],"aioseo_notices":[],"gutentor_comment":0,"rttpg_featured_image_url":{"full":["https:\/\/arantv.az\/wp-content\/uploads\/2023\/11\/1041138859_80_0_1119_779_1920x0_80_0_0_43026633b59601dca46d18fd17bb7658.jpg",620,413,false],"landscape":["https:\/\/arantv.az\/wp-content\/uploads\/2023\/11\/1041138859_80_0_1119_779_1920x0_80_0_0_43026633b59601dca46d18fd17bb7658.jpg",620,413,false],"portraits":["https:\/\/arantv.az\/wp-content\/uploads\/2023\/11\/1041138859_80_0_1119_779_1920x0_80_0_0_43026633b59601dca46d18fd17bb7658.jpg",620,413,false],"thumbnail":["https:\/\/arantv.az\/wp-content\/uploads\/2023\/11\/1041138859_80_0_1119_779_1920x0_80_0_0_43026633b59601dca46d18fd17bb7658-500x280.jpg",500,280,true],"medium":["https:\/\/arantv.az\/wp-content\/uploads\/2023\/11\/1041138859_80_0_1119_779_1920x0_80_0_0_43026633b59601dca46d18fd17bb7658-548x365.jpg",548,365,true],"large":["https:\/\/arantv.az\/wp-content\/uploads\/2023\/11\/1041138859_80_0_1119_779_1920x0_80_0_0_43026633b59601dca46d18fd17bb7658.jpg",620,413,false],"1536x1536":["https:\/\/arantv.az\/wp-content\/uploads\/2023\/11\/1041138859_80_0_1119_779_1920x0_80_0_0_43026633b59601dca46d18fd17bb7658.jpg",620,413,false],"2048x2048":["https:\/\/arantv.az\/wp-content\/uploads\/2023\/11\/1041138859_80_0_1119_779_1920x0_80_0_0_43026633b59601dca46d18fd17bb7658.jpg",620,413,false],"post-thumbnail":["https:\/\/arantv.az\/wp-content\/uploads\/2023\/11\/1041138859_80_0_1119_779_1920x0_80_0_0_43026633b59601dca46d18fd17bb7658-240x172.jpg",240,172,true],"advps-thumb-one":["https:\/\/arantv.az\/wp-content\/uploads\/2023\/11\/1041138859_80_0_1119_779_1920x0_80_0_0_43026633b59601dca46d18fd17bb7658.jpg",620,413,false]},"rttpg_author":{"display_name":"V\u00fcsal Rafiqo\u011flu","author_link":"https:\/\/arantv.az\/?author=2"},"rttpg_comment":0,"rttpg_category":"<a href=\"https:\/\/arantv.az\/?cat=7\" rel=\"category\">D\u00fcnya<\/a>","rttpg_excerpt":"T\u00fcrkiy\u0259 Prezident R\u0259c\u0259b Tayyib \u018frdo\u011fan \u0130qtisadi \u018fm\u0259kda\u015fl\u0131q T\u0259\u015fkilat\u0131n\u0131n Da\u015fk\u0259ndd\u0259 ke\u00e7iril\u0259c\u0259k 16-c\u0131 Zirv\u0259 Toplant\u0131s\u0131nda i\u015ftirak etm\u0259k \u00fc\u00e7\u00fcn 8-9 noyabr 2023-c\u00fc il tarixl\u0259rind\u0259 \u00d6zb\u0259kistana s\u0259f\u0259r ed\u0259c\u0259k. Noyabr\u0131n 9-da ke\u00e7iril\u0259c\u0259k sammitin iclas\u0131nda \u00e7\u0131x\u0131\u015f ed\u0259c\u0259k \u018frdo\u011fan, toplant\u0131 \u00e7\u0259r\u00e7iv\u0259sind\u0259 i\u015ftirak\u00e7\u0131 liderl\u0259rl\u0259 d\u0259 ikit\u0259r\u0259fli g\u00f6r\u00fc\u015fl\u0259r ke\u00e7ir\u0259c\u0259k. Sammit \u00e7\u0259r\u00e7iv\u0259sind\u0259 T\u00fcrkiy\u0259nin qurucu \u00fczv\u00fc oldu\u011fu qurumun f\u0259aliyy\u0259tinin s\u0259m\u0259r\u0259liliyinin art\u0131r\u0131lmas\u0131, \u00fczv \u00f6lk\u0259l\u0259r aras\u0131nda ticar\u0259t, n\u0259qliyyat&hellip;","_links":{"self":[{"href":"https:\/\/arantv.az\/index.php?rest_route=\/wp\/v2\/posts\/654191"}],"collection":[{"href":"https:\/\/arantv.az\/index.php?rest_route=\/wp\/v2\/posts"}],"about":[{"href":"https:\/\/arantv.az\/index.php?rest_route=\/wp\/v2\/types\/post"}],"author":[{"embeddable":true,"href":"https:\/\/arantv.az\/index.php?rest_route=\/wp\/v2\/users\/2"}],"replies":[{"embeddable":true,"href":"https:\/\/arantv.az\/index.php?rest_route=%2Fwp%2Fv2%2Fcomments&post=654191"}],"version-history":[{"count":0,"href":"https:\/\/arantv.az\/index.php?rest_route=\/wp\/v2\/posts\/654191\/revisions"}],"wp:featuredmedia":[{"embeddable":true,"href":"https:\/\/arantv.az\/index.php?rest_route=\/wp\/v2\/media\/654193"}],"wp:attachment":[{"href":"https:\/\/arantv.az\/index.php?rest_route=%2Fwp%2Fv2%2Fmedia&parent=654191"}],"wp:term":[{"taxonomy":"category","embeddable":true,"href":"https:\/\/arantv.az\/index.php?rest_route=%2Fwp%2Fv2%2Fcategories&post=654191"},{"taxonomy":"post_tag","embeddable":true,"href":"https:\/\/arantv.az\/index.php?rest_route=%2Fwp%2Fv2%2Ftags&post=654191"}],"curies":[{"name":"wp","href":"https:\/\/api.w.org\/{rel}","templated":true}]}}