{"id":654192,"date":"2023-11-07T21:03:41","date_gmt":"2023-11-07T17:03:41","guid":{"rendered":"https:\/\/arantv.az\/?p=654192"},"modified":"2023-11-07T21:03:41","modified_gmt":"2023-11-07T17:03:41","slug":"ilham-%c9%99liyev-susanin-mamayi-m%c9%99scidind%c9%99-aparilan-b%c9%99rpa-isl%c9%99ri-il%c9%99-tanis-olub-yenil%c9%99nib-foto","status":"publish","type":"post","link":"https:\/\/arantv.az\/?p=654192","title":{"rendered":"\u0130lham \u018fliyev \u015eu\u015fan\u0131n Mamay\u0131 m\u0259scidind\u0259 apar\u0131lan b\u0259rpa i\u015fl\u0259ri il\u0259 tan\u0131\u015f olub &#8211; YEN\u0130L\u018fN\u0130B + FOTO"},"content":{"rendered":"<p>Az\u0259rbaycan Respublikas\u0131n\u0131n Prezidenti\u00a0<strong>\u0130lham \u018fliyev\u00a0<\/strong>v\u0259 birinci xan\u0131m\u00a0<strong>Mehriban \u018fliyeva<\/strong>\u00a0noyabr\u0131n 7-d\u0259 \u015eu\u015fada Heyd\u0259r \u018fliyev Fondu t\u0259r\u0259find\u0259n Mamay\u0131 m\u0259scidind\u0259 apar\u0131lan b\u0259rpa i\u015fl\u0259ri il\u0259 tan\u0131\u015f olublar.<\/p>\n<p><a href=\"https:\/\/azertag.az\/xeber\/susada_heyder_eliyev_fondu_terefinden_mamayi_mescidinde_aparilan_berpa_isleri_ile_tanisliq_yenilenecek-2817670\" target=\"_blank\" rel=\"noopener\">AZ\u018fRTAC<\/a>\u00a0x\u0259b\u0259r verir ki, d\u00f6vl\u0259timizin ba\u015f\u00e7\u0131s\u0131na v\u0259 birinci xan\u0131ma g\u00f6r\u00fcl\u0259n i\u015fl\u0259r bar\u0259d\u0259 m\u0259lumat verildi.<\/p>\n<p>Bildirildi ki, bu m\u0259scid \u015eu\u015fa \u015f\u0259h\u0259rinin m\u0259rk\u0259zi hiss\u0259sind\u0259 yerl\u0259\u015f\u0259n Mamay\u0131 m\u0259h\u0259ll\u0259sind\u0259 XIX \u0259srin sonlar\u0131nda K\u0259rb\u0259layi S\u0259fixan Qaraba\u011fi t\u0259r\u0259find\u0259n in\u015fa edilib. D\u00fczbucaql\u0131 qurulu\u015fu olan ikim\u0259rt\u0259b\u0259li m\u0259scidin s\u00fctunlu interyeri var.<\/p>\n<p>M\u0259h\u0259ll\u0259 m\u0259scidl\u0259ri kimi Mamay\u0131 m\u0259scidinin d\u0259 dam\u0131nda azan verm\u0259k \u00fc\u00e7\u00fcn taxtadan g\u00fcld\u0259st\u0259 qura\u015fd\u0131r\u0131l\u0131b. Burada da m\u0259scid, bulaq, ki\u00e7ik meydan, hamam olub. Lakin i\u015f\u011fal zaman\u0131 onlar da erm\u0259ni vandalizmin\u0259 m\u0259ruz qal\u0131b. Sovet hakimiyy\u0259ti ill\u0259rind\u0259 is\u0259 Mamay\u0131 m\u0259scidi poeziya evi kimi f\u0259aliyy\u0259t g\u00f6st\u0259rib.<\/p>\n<p>Haz\u0131rda m\u0259scidd\u0259 \u201cPA\u015eA Holding\u201din d\u0259st\u0259yi il\u0259 Heyd\u0259r \u018fliyev Fondu t\u0259r\u0259find\u0259n b\u0259rpa i\u015fl\u0259ri h\u0259yata ke\u00e7irilir.<\/p>\n<p>Qeyd olundu ki, b\u0259rpa i\u015fl\u0259ri Mamay\u0131 bula\u011f\u0131n\u0131 da \u0259hat\u0259 edir. Vaxtil\u0259 Mamay\u0131 m\u0259h\u0259ll\u0259sind\u0259ki bula\u011f\u0131n yuxar\u0131 hiss\u0259sind\u0259 kitab\u0259 olub. Kitab\u0259d\u0259 bula\u011f\u0131n 1900-cu ild\u0259 S\u0259m\u0259d a\u011fa Cavan\u015fir t\u0259r\u0259find\u0259n tikildiyi yaz\u0131lm\u0131\u015fd\u0131r. Erm\u0259nil\u0259r \u015eu\u015fan\u0131 i\u015f\u011fal alt\u0131nda saxlad\u0131\u011f\u0131 d\u00f6vrd\u0259 \u015f\u0259h\u0259rd\u0259ki bir \u00e7ox abid\u0259l\u0259r kimi Mamay\u0131 bula\u011f\u0131n\u0131 da erm\u0259nil\u0259\u015fdirm\u0259y\u0259 \u00e7al\u0131\u015f\u0131blar. Bula\u011f\u0131n \u00fcz\u0259rind\u0259ki yaz\u0131lar silinib v\u0259 yerin\u0259 xa\u00e7 i\u015far\u0259si h\u0259kk olunub. Bundan ba\u015fqa, erm\u0259nil\u0259r saxtakarl\u0131q ed\u0259r\u0259k bula\u011f\u0131n da\u015flar\u0131n\u0131n \u00fcz\u0259rin\u0259 erm\u0259ni v\u0259 rus dill\u0259rind\u0259 yaz\u0131lm\u0131\u015f l\u00f6vh\u0259 d\u0259 h\u0259kk edibl\u0259r. Apar\u0131lacaq i\u015fl\u0259r zaman\u0131 Mamay\u0131 m\u0259scidinin v\u0259 bula\u011f\u0131n tarixi g\u00f6rk\u0259mi b\u0259rpa olunaraq istifad\u0259y\u0259 veril\u0259c\u0259k.<\/p>\n<p>Prezident \u0130lham \u018fliyev\u0259 v\u0259 birinci xan\u0131m Mehriban \u018fliyevaya Heyd\u0259r \u018fliyev Fondu t\u0259r\u0259find\u0259n \u00c7\u00f6l Qala m\u0259scidind\u0259 v\u0259 bula\u011f\u0131nda apar\u0131lan b\u0259rpa i\u015fl\u0259ri bar\u0259d\u0259 d\u0259 m\u0259lumat verildi.<\/p>\n<p>Bildirildi ki, \u00c7\u00f6l Qala m\u0259scidi XIX \u0259srd\u0259 \u015eu\u015fa \u015f\u0259h\u0259rind\u0259 f\u0259aliyy\u0259t g\u00f6st\u0259r\u0259n 17 m\u0259scidd\u0259n biri olub. M\u0259scid XIX \u0259srd\u0259 K\u0259rb\u0259layi S\u0259fixan Qaraba\u011fi t\u0259r\u0259find\u0259n tikdirilib. M\u0259scid minar\u0259siz formada in\u015fa edilib. Onun formas\u0131 \u015eu\u015fa \u015f\u0259h\u0259rinin \u0259ks\u0259r m\u0259scidl\u0259ri kimi d\u00fczbucaql\u0131 olub. M\u0259scidin \u00fcmumi giri\u015fi asimmetrik \u015f\u0259kild\u0259 d\u00fcz\u00fclm\u00fc\u015f \u0259sas fasaddan ibar\u0259t olub. \u0130bad\u0259t oca\u011f\u0131n\u0131n interyeri tamamil\u0259 \u0130slam memarl\u0131\u011f\u0131na uy\u011fundur. M\u0259scidin daxili hiss\u0259si d\u00f6rd \u0259d\u0259d s\u0259kkizgu\u015f\u0259li da\u015f s\u00fctunla b\u0259z\u0259dilib. Bu s\u00fctunlar \u00fcmumi ibad\u0259t zal\u0131n\u0131 \u00fc\u00e7 hiss\u0259y\u0259 ay\u0131r\u0131r.<\/p>\n<p>M\u0259scidin taleyi \u015eu\u015fa \u015f\u0259h\u0259ri 1992-ci ilin may\u0131nda Erm\u0259nistan silahl\u0131 q\u00fcvv\u0259l\u0259ri t\u0259r\u0259find\u0259n i\u015f\u011fal edildikd\u0259n sonra \u015f\u0259h\u0259rin dig\u0259r tarixi abid\u0259l\u0259ri kimi olub v\u0259 bu dini-tarixi abid\u0259miz d\u0259 da\u011f\u0131d\u0131laraq talan edilib.<\/p>\n<p>\u00c7\u00f6l Qala m\u0259scidinin yax\u0131nl\u0131\u011f\u0131nda m\u0259scidin \u00fcslubunda tikil\u0259n XIX \u0259sr\u0259 aid \u00c7\u00f6l Qala bula\u011f\u0131 yerl\u0259\u015fir. \u015eu\u015fa \u015f\u0259h\u0259ri Erm\u0259nistan silahl\u0131 q\u00fcvv\u0259l\u0259ri t\u0259r\u0259find\u0259n i\u015f\u011fal edil\u0259nd\u0259n sonra bulaq da da\u011f\u0131d\u0131l\u0131b, da\u015f kitab\u0259l\u0259ri d\u0259 m\u0259hv edilib.<\/p>\n<p><strong>16:06<\/strong><\/p>\n<p>Az\u0259rbaycan Respublikas\u0131n\u0131n Prezidenti\u00a0<strong>\u0130lham \u018fliyev<\/strong>\u00a0v\u0259 Birinci vitse-prezident\u00a0<strong>Mehriban \u018fliyeva<\/strong>\u00a0noyabr\u0131n 7-d\u0259 \u015eu\u015fada Heyd\u0259r \u018fliyev Fondu t\u0259r\u0259find\u0259n Mamay\u0131 m\u0259scidind\u0259 apar\u0131lan b\u0259rpa i\u015fl\u0259ri il\u0259 tan\u0131\u015f olublar.<\/p>\n<p>Bu bar\u0259d\u0259\u00a0<a href=\"https:\/\/azertag.az\/xeber\/susada_heyder_eliyev_fondu_terefinden_mamayi_mescidinde_aparilan_berpa_isleri_ile_tanisliq_yenilenecek-2817670\" target=\"_blank\" rel=\"noopener\">AZ\u018fRTAC<\/a>\u00a0m\u0259lumat yay\u0131b.<\/p>\n<p><img src=\"https:\/\/cdn.oxu.az\/uploads\/W1siZiIsIjIwMjMvMTEvMDcvMTcvMzYvMjgvNjY0NTQ5ZDUtYzZiNy00MWE1LTgyYTUtOTFhNTcwYjRkMDBkLzE2OTkzNjQwMDE0NDI1MDM0MTY0XzEyMDB4NjMwLmpwZyJdLFsicCIsImVuY29kZSIsImpwZyIsIi1xdWFsaXR5IDgwIl0sWyJwIiwidGh1bWIiLCI1OTB4NTkwXHUwMDNlIl1d?sha=efb855870a9db9d5\" alt=\"\" \/><\/p>\n","protected":false},"excerpt":{"rendered":"<p>Az\u0259rbaycan Respublikas\u0131n\u0131n Prezidenti\u00a0\u0130lham \u018fliyev\u00a0v\u0259 birinci xan\u0131m\u00a0Mehriban \u018fliyeva\u00a0noyabr\u0131n 7-d\u0259 \u015eu\u015fada Heyd\u0259r \u018fliyev Fondu t\u0259r\u0259find\u0259n Mamay\u0131 m\u0259scidind\u0259 apar\u0131lan b\u0259rpa i\u015fl\u0259ri il\u0259 tan\u0131\u015f olublar. AZ\u018fRTAC\u00a0x\u0259b\u0259r verir ki, d\u00f6vl\u0259timizin ba\u015f\u00e7\u0131s\u0131na v\u0259 birinci xan\u0131ma g\u00f6r\u00fcl\u0259n i\u015fl\u0259r bar\u0259d\u0259 m\u0259lumat verildi. Bildirildi ki, bu m\u0259scid \u015eu\u015fa \u015f\u0259h\u0259rinin m\u0259rk\u0259zi hiss\u0259sind\u0259 yerl\u0259\u015f\u0259n Mamay\u0131 m\u0259h\u0259ll\u0259sind\u0259 XIX \u0259srin sonlar\u0131nda K\u0259rb\u0259layi S\u0259fixan Qaraba\u011fi t\u0259r\u0259find\u0259n in\u015fa edilib. D\u00fczbucaql\u0131 qurulu\u015fu olan ikim\u0259rt\u0259b\u0259li m\u0259scidin s\u00fctunlu interyeri var. M\u0259h\u0259ll\u0259 m\u0259scidl\u0259ri kimi Mamay\u0131 m\u0259scidinin d\u0259 dam\u0131nda azan verm\u0259k \u00fc\u00e7\u00fcn taxtadan g\u00fcld\u0259st\u0259 qura\u015fd\u0131r\u0131l\u0131b. Burada da m\u0259scid, bulaq, ki\u00e7ik meydan, hamam olub. Lakin i\u015f\u011fal zaman\u0131 onlar da erm\u0259ni vandalizmin\u0259&hellip;<\/p>\n","protected":false},"author":2,"featured_media":654197,"comment_status":"closed","ping_status":"closed","sticky":false,"template":"","format":"standard","meta":{"om_disable_all_campaigns":false,"_monsterinsights_skip_tracking":false,"_monsterinsights_sitenote_active":false,"_monsterinsights_sitenote_note":"","_monsterinsights_sitenote_category":0},"categories":[4],"tags":[],"aioseo_notices":[],"gutentor_comment":0,"rttpg_featured_image_url":{"full":["https:\/\/arantv.az\/wp-content\/uploads\/2023\/11\/FotoJet-1-16.jpg",620,413,false],"landscape":["https:\/\/arantv.az\/wp-content\/uploads\/2023\/11\/FotoJet-1-16.jpg",620,413,false],"portraits":["https:\/\/arantv.az\/wp-content\/uploads\/2023\/11\/FotoJet-1-16.jpg",620,413,false],"thumbnail":["https:\/\/arantv.az\/wp-content\/uploads\/2023\/11\/FotoJet-1-16-500x280.jpg",500,280,true],"medium":["https:\/\/arantv.az\/wp-content\/uploads\/2023\/11\/FotoJet-1-16-548x365.jpg",548,365,true],"large":["https:\/\/arantv.az\/wp-content\/uploads\/2023\/11\/FotoJet-1-16.jpg",620,413,false],"1536x1536":["https:\/\/arantv.az\/wp-content\/uploads\/2023\/11\/FotoJet-1-16.jpg",620,413,false],"2048x2048":["https:\/\/arantv.az\/wp-content\/uploads\/2023\/11\/FotoJet-1-16.jpg",620,413,false],"post-thumbnail":["https:\/\/arantv.az\/wp-content\/uploads\/2023\/11\/FotoJet-1-16-240x172.jpg",240,172,true],"advps-thumb-one":["https:\/\/arantv.az\/wp-content\/uploads\/2023\/11\/FotoJet-1-16.jpg",620,413,false]},"rttpg_author":{"display_name":"V\u00fcsal Rafiqo\u011flu","author_link":"https:\/\/arantv.az\/?author=2"},"rttpg_comment":0,"rttpg_category":"<a href=\"https:\/\/arantv.az\/?cat=4\" rel=\"category\">Siyas\u0259t<\/a>","rttpg_excerpt":"Az\u0259rbaycan Respublikas\u0131n\u0131n Prezidenti\u00a0\u0130lham \u018fliyev\u00a0v\u0259 birinci xan\u0131m\u00a0Mehriban \u018fliyeva\u00a0noyabr\u0131n 7-d\u0259 \u015eu\u015fada Heyd\u0259r \u018fliyev Fondu t\u0259r\u0259find\u0259n Mamay\u0131 m\u0259scidind\u0259 apar\u0131lan b\u0259rpa i\u015fl\u0259ri il\u0259 tan\u0131\u015f olublar. AZ\u018fRTAC\u00a0x\u0259b\u0259r verir ki, d\u00f6vl\u0259timizin ba\u015f\u00e7\u0131s\u0131na v\u0259 birinci xan\u0131ma g\u00f6r\u00fcl\u0259n i\u015fl\u0259r bar\u0259d\u0259 m\u0259lumat verildi. Bildirildi ki, bu m\u0259scid \u015eu\u015fa \u015f\u0259h\u0259rinin m\u0259rk\u0259zi hiss\u0259sind\u0259 yerl\u0259\u015f\u0259n Mamay\u0131 m\u0259h\u0259ll\u0259sind\u0259 XIX \u0259srin sonlar\u0131nda K\u0259rb\u0259layi S\u0259fixan Qaraba\u011fi t\u0259r\u0259find\u0259n in\u015fa edilib. D\u00fczbucaql\u0131&hellip;","_links":{"self":[{"href":"https:\/\/arantv.az\/index.php?rest_route=\/wp\/v2\/posts\/654192"}],"collection":[{"href":"https:\/\/arantv.az\/index.php?rest_route=\/wp\/v2\/posts"}],"about":[{"href":"https:\/\/arantv.az\/index.php?rest_route=\/wp\/v2\/types\/post"}],"author":[{"embeddable":true,"href":"https:\/\/arantv.az\/index.php?rest_route=\/wp\/v2\/users\/2"}],"replies":[{"embeddable":true,"href":"https:\/\/arantv.az\/index.php?rest_route=%2Fwp%2Fv2%2Fcomments&post=654192"}],"version-history":[{"count":0,"href":"https:\/\/arantv.az\/index.php?rest_route=\/wp\/v2\/posts\/654192\/revisions"}],"wp:featuredmedia":[{"embeddable":true,"href":"https:\/\/arantv.az\/index.php?rest_route=\/wp\/v2\/media\/654197"}],"wp:attachment":[{"href":"https:\/\/arantv.az\/index.php?rest_route=%2Fwp%2Fv2%2Fmedia&parent=654192"}],"wp:term":[{"taxonomy":"category","embeddable":true,"href":"https:\/\/arantv.az\/index.php?rest_route=%2Fwp%2Fv2%2Fcategories&post=654192"},{"taxonomy":"post_tag","embeddable":true,"href":"https:\/\/arantv.az\/index.php?rest_route=%2Fwp%2Fv2%2Ftags&post=654192"}],"curies":[{"name":"wp","href":"https:\/\/api.w.org\/{rel}","templated":true}]}}