{"id":654560,"date":"2023-11-09T09:45:26","date_gmt":"2023-11-09T05:45:26","guid":{"rendered":"https:\/\/arantv.az\/?p=654560"},"modified":"2023-11-09T09:45:26","modified_gmt":"2023-11-09T05:45:26","slug":"bayragimiz-esidil%c9%99n-s%c9%99simiz-duyulan-n%c9%99f%c9%99simizdir-2","status":"publish","type":"post","link":"https:\/\/arantv.az\/?p=654560","title":{"rendered":"\u201cBayra\u011f\u0131m\u0131z e\u015fidil\u0259n s\u0259simiz, duyulan n\u0259f\u0259simizdir\u201d."},"content":{"rendered":"<div class=\"x11i5rnm xat24cr x1mh8g0r x1vvkbs xtlvy1s x126k92a\">\n<div dir=\"auto\">Bizim bayra\u011f\u0131m\u0131z q\u00fcrur m\u0259nb\u0259yimizdir. Az\u0259rbaycan Respublikas\u0131 m\u00fcst\u0259qilliyini b\u0259rpa etdikd\u0259n sonra Az\u0259rbaycan\u0131n D\u00f6vl\u0259t Bayra\u011f\u0131 milli suverenliyin simvolu kimi \u00f6lk\u0259mizin b\u00fct\u00fcn v\u0259t\u0259nda\u015flar\u0131 \u00fc\u00e7\u00fcn m\u00fcq\u0259dd\u0259s d\u00f6vl\u0259t\u00e7ilik r\u0259mzl\u0259rind\u0259n birin\u0259 \u00e7evrilib. Az\u0259rbaycan Xalq C\u00fcmhuriyy\u0259tinin yadigar\u0131 olan bu bayraq bizim azadl\u0131q m\u0259fkur\u0259sin\u0259, milli-m\u0259n\u0259vi d\u0259y\u0259rl\u0259r\u0259 v\u0259 \u00fcmumb\u0259\u015f\u0259ri idealara sadiqliyimizi n\u00fcmayi\u015f etdirir\u201d. Az\u0259rbaycan Respublikas\u0131n\u0131n Prezidenti \u0130lham \u018fliyevin bu s\u00f6zl\u0259ri m\u00fcasir Az\u0259rbaycan\u0131n, \u0259razi b\u00fct\u00f6vl\u00fcy\u00fcm\u00fcz\u00fcn, d\u00fcnya az\u0259rbaycanl\u0131lar\u0131n\u0131n m\u0259n\u0259vi, m\u0259d\u0259ni birliyinin, vahidliyinin, b\u00f6l\u00fcnm\u0259zliyinin simvolu, can\u0131m\u0131z, qan\u0131m\u0131z olan m\u00fcq\u0259dd\u0259s bayra\u011f\u0131m\u0131z bu g\u00fcn Ali Ba\u015f Komandan \u0130lham \u018fliyevin r\u0259hb\u0259rliyi il\u0259 r\u0259\u015fad\u0259tli ordumuzun u\u011furlu \u0259m\u0259liyyatlar\u0131 n\u0259tic\u0259sind\u0259 d\u00fc\u015fm\u0259n tapda\u011f\u0131ndan azad olunan q\u0259dim yurd yerl\u0259rimizd\u0259 dal\u011falan\u0131r. Bayraq bizim \u0259n d\u0259y\u0259rli atributlar\u0131m\u0131zdand\u0131r. 100 ild\u0259n art\u0131q tarixi olan bayra\u011f\u0131m\u0131z mill\u0259t\u00e7iliyimizd\u0259, m\u0259n\u0259viyyat\u0131m\u0131zda m\u00fch\u00fcm rol oynay\u0131r.<\/div>\n<div dir=\"auto\">Prezidentimiz, Ali Ba\u015f Komandan \u0130lham \u018fliyevin r\u0259hb\u0259rliyi, m\u00fcz\u0259ff\u0259r ordumuzun g\u00fcc\u00fc v\u0259 xalq\u0131m\u0131z\u0131n bayra\u011f\u0131m\u0131za olan sevgisi bu g\u00fcn \u0259ld\u0259 olunan q\u0259l\u0259b\u0259l\u0259rd\u0259 m\u00fch\u00fcm rol oynay\u0131r. Bunun n\u0259tic\u0259sidir ki, bu g\u00fcn \u00fc\u00e7r\u0259ngli bayra\u011f\u0131m\u0131z i\u015f\u011faldan azad edil\u0259n torpaqlar\u0131m\u0131zda zirv\u0259l\u0259r\u0259 y\u00fcks\u0259ldilir. Bu g\u00fcn art\u0131q q\u00fcrur m\u0259nb\u0259yimiz olan bayra\u011f\u0131m\u0131z i\u015f\u011faldan azad edilmi\u015f Z\u0259ngilanda, Qubadl\u0131da, F\u00fczulid\u0259, C\u0259bray\u0131lda v\u0259 b\u00fct\u00fcn Qafqaz\u0131n incisi, q\u0259dim m\u0259d\u0259niyy\u0259t m\u0259rk\u0259zi, Qaraba\u011f\u0131n mirvarisi olan \u015eu\u015fa \u015f\u0259h\u0259rind\u0259 q\u00fcrurla, v\u00fcqarla dal\u011falan\u0131r. Ulu \u00f6nd\u0259rimiz demi\u015fdir: &#8220;M\u0259n \u00e7ox \u00f6lk\u0259l\u0259r\u0259 gedir\u0259m. Hava liman\u0131nda Az\u0259rbaycan bayra\u011f\u0131n\u0131 g\u00f6r\u0259nd\u0259 h\u0259ddind\u0259n art\u0131q sevinir\u0259m. Ya\u015fad\u0131\u011f\u0131m iqam\u0259tgah\u0131n, \u0259yl\u0259\u015fdiyim avtomobilin \u00fcst\u00fcnd\u0259 Az\u0259rbaycan bayra\u011f\u0131n\u0131, hans\u0131 bir yer\u0259 dan\u0131\u015f\u0131\u011fa ged\u0259nd\u0259 Az\u0259rbaycan bayra\u011f\u0131n\u0131 g\u00f6r\u00fcr\u0259m. Bu, bizim m\u00fcst\u0259qil d\u00f6vl\u0259timizin r\u0259mzidir. Ona g\u00f6r\u0259 d\u0259 h\u0259r bir Az\u0259rbaycan v\u0259t\u0259nda\u015f\u0131, x\u00fcsus\u0259n g\u0259nc n\u0259sil bunu d\u0259rk etsin, qiym\u0259tl\u0259ndirsin. Onda bayra\u011fa olan m\u0259h\u0259bb\u0259t, eyni zamanda, v\u0259t\u0259n\u0259, xalqa, d\u00f6vl\u0259t\u0259 olan m\u0259h\u0259bb\u0259t b\u0259rab\u0259r olsun\u201d. &#8220;Bayraqlar\u0131 bayraq ed\u0259n \u00fcst\u00fcnd\u0259ki qand\u0131r, Torpaq&#8230;u\u011frunda \u00f6l\u0259n varsa, v\u0259t\u0259ndir\u201d&#8230; Y\u00fcks\u0259kl\u0259rd\u0259 dal\u011falanan bayra\u011f\u0131m\u0131z h\u0259r birimiz\u0259 q\u00fcrur, b\u00f6y\u00fck iftixar, m\u00fcst\u0259qillik v\u0259 azadl\u0131\u011f\u0131n d\u0259rin hissl\u0259rini ya\u015fad\u0131r. M\u00fcst\u0259qilliyimizin, milli varl\u0131\u011f\u0131m\u0131z v\u0259 d\u00f6vl\u0259t\u00e7iliyimizin r\u0259mzi olan bayra\u011f\u0131m\u0131z u\u011frunda canlar\u0131n\u0131 ver\u0259n, azadl\u0131q, istiqlaliyy\u0259t, m\u00fcst\u0259qillik yolunda f\u0259dakarl\u0131q n\u00fcmayi\u015f etdir\u0259n \u015f\u0259hidl\u0259rimizin \u015f\u0259had\u0259ti, \u0259m\u0259li, niyy\u0259ti bizl\u0259ri bu bayraq alt\u0131nda birliy\u0259, h\u0259mr\u0259yliy\u0259, v\u0259t\u0259nimizin \u0259razi b\u00fct\u00f6vl\u00fcy\u00fc, m\u00fcst\u0259qilliyi v\u0259 y\u00fcks\u0259li\u015fi u\u011frunda m\u00fcbariz\u0259y\u0259 s\u0259sl\u0259yir.<\/div>\n<div dir=\"auto\">M\u00fcst\u0259qil Az\u0259rbaycan\u0131n yeti\u015fdirdiyi v\u0259t\u0259np\u0259rv\u0259r g\u0259nclik bu g\u00fcn Silahl\u0131 Q\u00fcvv\u0259l\u0259rin Ali Ba\u015f Komandan\u0131 \u0130lham \u018fliyevin \u0259traf\u0131nda s\u0131x birl\u0259\u015f\u0259r\u0259k g\u00fccl\u0259nmi\u015f nizami ordunun d\u00fc\u015fm\u0259n \u00fcz\u0259rind\u0259 q\u0259l\u0259b\u0259sind\u0259 i\u015ftirak edir. Azad edilmi\u015f torpaqlar\u0131m\u0131zda q\u00fcrurla Az\u0259rbaycan bayra\u011f\u0131n\u0131 dal\u011faland\u0131r\u0131r. Bu g\u00fcn m\u0259nfur qon\u015fular\u0131m\u0131z\u0131n i\u015f\u011fal etdiyi m\u00fcq\u0259dd\u0259s torpaqlar\u0131m\u0131z\u0131n azad edilm\u0259si d\u00f6vl\u0259timizin \u0259ld\u0259 etdiyi nailiyy\u0259tl\u0259rin, d\u00f6vl\u0259t v\u0259 ordu quruculu\u011fu sah\u0259sind\u0259 g\u00f6r\u00fcl\u0259n m\u0259qs\u0259dy\u00f6nl\u00fc t\u0259dbirl\u0259rin, \u00f6lk\u0259 ba\u015f\u00e7\u0131s\u0131n\u0131n apard\u0131\u011f\u0131 u\u011furlu daxili v\u0259 xarici siyas\u0259tin, xalq\u0131m\u0131z\u0131n \u00f6z Prezidenti \u0259traf\u0131nda s\u0131x birl\u0259\u015fm\u0259sinin n\u0259tic\u0259sind\u0259 h\u0259yata ke\u00e7irilir.<\/div>\n<\/div>\n<div class=\"x11i5rnm xat24cr x1mh8g0r x1vvkbs xtlvy1s x126k92a\">\n<div dir=\"auto\"><strong>Tofiq\u0259 M\u0259mm\u0259dova &#8211; E. K\u0259rimov ad\u0131na 4 n\u00f6mr\u0259li tam orta m\u0259kt\u0259bin direktoru<\/strong><\/div>\n<\/div>\n","protected":false},"excerpt":{"rendered":"<p>Bizim bayra\u011f\u0131m\u0131z q\u00fcrur m\u0259nb\u0259yimizdir. Az\u0259rbaycan Respublikas\u0131 m\u00fcst\u0259qilliyini b\u0259rpa etdikd\u0259n sonra Az\u0259rbaycan\u0131n D\u00f6vl\u0259t Bayra\u011f\u0131 milli suverenliyin simvolu kimi \u00f6lk\u0259mizin b\u00fct\u00fcn v\u0259t\u0259nda\u015flar\u0131 \u00fc\u00e7\u00fcn m\u00fcq\u0259dd\u0259s d\u00f6vl\u0259t\u00e7ilik r\u0259mzl\u0259rind\u0259n birin\u0259 \u00e7evrilib. Az\u0259rbaycan Xalq C\u00fcmhuriyy\u0259tinin yadigar\u0131 olan bu bayraq bizim azadl\u0131q m\u0259fkur\u0259sin\u0259, milli-m\u0259n\u0259vi d\u0259y\u0259rl\u0259r\u0259 v\u0259 \u00fcmumb\u0259\u015f\u0259ri idealara sadiqliyimizi n\u00fcmayi\u015f etdirir\u201d. Az\u0259rbaycan Respublikas\u0131n\u0131n Prezidenti \u0130lham \u018fliyevin bu s\u00f6zl\u0259ri m\u00fcasir Az\u0259rbaycan\u0131n, \u0259razi b\u00fct\u00f6vl\u00fcy\u00fcm\u00fcz\u00fcn, d\u00fcnya az\u0259rbaycanl\u0131lar\u0131n\u0131n m\u0259n\u0259vi, m\u0259d\u0259ni birliyinin, vahidliyinin, b\u00f6l\u00fcnm\u0259zliyinin simvolu, can\u0131m\u0131z, qan\u0131m\u0131z olan m\u00fcq\u0259dd\u0259s bayra\u011f\u0131m\u0131z bu g\u00fcn Ali Ba\u015f Komandan \u0130lham \u018fliyevin r\u0259hb\u0259rliyi il\u0259 r\u0259\u015fad\u0259tli ordumuzun u\u011furlu \u0259m\u0259liyyatlar\u0131 n\u0259tic\u0259sind\u0259 d\u00fc\u015fm\u0259n tapda\u011f\u0131ndan azad olunan q\u0259dim yurd yerl\u0259rimizd\u0259 dal\u011falan\u0131r.&hellip;<\/p>\n","protected":false},"author":2,"featured_media":654562,"comment_status":"closed","ping_status":"closed","sticky":false,"template":"","format":"standard","meta":{"om_disable_all_campaigns":false,"_monsterinsights_skip_tracking":false,"_monsterinsights_sitenote_active":false,"_monsterinsights_sitenote_note":"","_monsterinsights_sitenote_category":0},"categories":[2],"tags":[],"aioseo_notices":[],"gutentor_comment":0,"rttpg_featured_image_url":{"full":["https:\/\/arantv.az\/wp-content\/uploads\/2023\/11\/399874723_270303955964292_8081524855540263035_n.jpg",1080,1080,false],"landscape":["https:\/\/arantv.az\/wp-content\/uploads\/2023\/11\/399874723_270303955964292_8081524855540263035_n.jpg",1080,1080,false],"portraits":["https:\/\/arantv.az\/wp-content\/uploads\/2023\/11\/399874723_270303955964292_8081524855540263035_n.jpg",1080,1080,false],"thumbnail":["https:\/\/arantv.az\/wp-content\/uploads\/2023\/11\/399874723_270303955964292_8081524855540263035_n-500x280.jpg",500,280,true],"medium":["https:\/\/arantv.az\/wp-content\/uploads\/2023\/11\/399874723_270303955964292_8081524855540263035_n-365x365.jpg",365,365,true],"large":["https:\/\/arantv.az\/wp-content\/uploads\/2023\/11\/399874723_270303955964292_8081524855540263035_n-840x840.jpg",640,640,true],"1536x1536":["https:\/\/arantv.az\/wp-content\/uploads\/2023\/11\/399874723_270303955964292_8081524855540263035_n.jpg",1080,1080,false],"2048x2048":["https:\/\/arantv.az\/wp-content\/uploads\/2023\/11\/399874723_270303955964292_8081524855540263035_n.jpg",1080,1080,false],"post-thumbnail":["https:\/\/arantv.az\/wp-content\/uploads\/2023\/11\/399874723_270303955964292_8081524855540263035_n-240x172.jpg",240,172,true],"advps-thumb-one":["https:\/\/arantv.az\/wp-content\/uploads\/2023\/11\/399874723_270303955964292_8081524855540263035_n-1080x620.jpg",1080,620,true]},"rttpg_author":{"display_name":"V\u00fcsal Rafiqo\u011flu","author_link":"https:\/\/arantv.az\/?author=2"},"rttpg_comment":0,"rttpg_category":"<a href=\"https:\/\/arantv.az\/?cat=2\" rel=\"category\">Region X\u0259b\u0259rl\u0259ri<\/a>","rttpg_excerpt":"Bizim bayra\u011f\u0131m\u0131z q\u00fcrur m\u0259nb\u0259yimizdir. Az\u0259rbaycan Respublikas\u0131 m\u00fcst\u0259qilliyini b\u0259rpa etdikd\u0259n sonra Az\u0259rbaycan\u0131n D\u00f6vl\u0259t Bayra\u011f\u0131 milli suverenliyin simvolu kimi \u00f6lk\u0259mizin b\u00fct\u00fcn v\u0259t\u0259nda\u015flar\u0131 \u00fc\u00e7\u00fcn m\u00fcq\u0259dd\u0259s d\u00f6vl\u0259t\u00e7ilik r\u0259mzl\u0259rind\u0259n birin\u0259 \u00e7evrilib. Az\u0259rbaycan Xalq C\u00fcmhuriyy\u0259tinin yadigar\u0131 olan bu bayraq bizim azadl\u0131q m\u0259fkur\u0259sin\u0259, milli-m\u0259n\u0259vi d\u0259y\u0259rl\u0259r\u0259 v\u0259 \u00fcmumb\u0259\u015f\u0259ri idealara sadiqliyimizi n\u00fcmayi\u015f etdirir\u201d. Az\u0259rbaycan Respublikas\u0131n\u0131n Prezidenti \u0130lham \u018fliyevin bu s\u00f6zl\u0259ri m\u00fcasir Az\u0259rbaycan\u0131n, \u0259razi b\u00fct\u00f6vl\u00fcy\u00fcm\u00fcz\u00fcn,&hellip;","_links":{"self":[{"href":"https:\/\/arantv.az\/index.php?rest_route=\/wp\/v2\/posts\/654560"}],"collection":[{"href":"https:\/\/arantv.az\/index.php?rest_route=\/wp\/v2\/posts"}],"about":[{"href":"https:\/\/arantv.az\/index.php?rest_route=\/wp\/v2\/types\/post"}],"author":[{"embeddable":true,"href":"https:\/\/arantv.az\/index.php?rest_route=\/wp\/v2\/users\/2"}],"replies":[{"embeddable":true,"href":"https:\/\/arantv.az\/index.php?rest_route=%2Fwp%2Fv2%2Fcomments&post=654560"}],"version-history":[{"count":0,"href":"https:\/\/arantv.az\/index.php?rest_route=\/wp\/v2\/posts\/654560\/revisions"}],"wp:featuredmedia":[{"embeddable":true,"href":"https:\/\/arantv.az\/index.php?rest_route=\/wp\/v2\/media\/654562"}],"wp:attachment":[{"href":"https:\/\/arantv.az\/index.php?rest_route=%2Fwp%2Fv2%2Fmedia&parent=654560"}],"wp:term":[{"taxonomy":"category","embeddable":true,"href":"https:\/\/arantv.az\/index.php?rest_route=%2Fwp%2Fv2%2Fcategories&post=654560"},{"taxonomy":"post_tag","embeddable":true,"href":"https:\/\/arantv.az\/index.php?rest_route=%2Fwp%2Fv2%2Ftags&post=654560"}],"curies":[{"name":"wp","href":"https:\/\/api.w.org\/{rel}","templated":true}]}}