{"id":654774,"date":"2023-11-10T17:26:45","date_gmt":"2023-11-10T13:26:45","guid":{"rendered":"https:\/\/arantv.az\/?p=654774"},"modified":"2023-11-10T17:26:45","modified_gmt":"2023-11-10T13:26:45","slug":"taninmis-rusiyali-rejissor-baki-s%c9%99f%c9%99ri-il%c9%99-bagli-status-yazdi-erm%c9%99nistanda-festivali-l%c9%99gv-edildi","status":"publish","type":"post","link":"https:\/\/arantv.az\/?p=654774","title":{"rendered":"Tan\u0131nm\u0131\u015f rusiyal\u0131 rejissor Bak\u0131 s\u0259f\u0259ri il\u0259 ba\u011fl\u0131 status yazd\u0131, Erm\u0259nistanda festival\u0131 l\u0259\u011fv edildi"},"content":{"rendered":"<p>\u0130r\u0259van D\u00f6vl\u0259t Teatr v\u0259 Kino \u0130nstitutu noyabr\u0131n 23-26-da Erm\u0259nistan\u0131n paytaxt\u0131nda ke\u00e7irilm\u0259si planla\u015fd\u0131r\u0131lan \u201cEcho Artdocfest\u201d festival\u0131n\u0131 l\u0259\u011fv edib.<\/p>\n<p>T\u0259\u015fkilat n\u00fcmay\u0259nd\u0259l\u0259rinin bildirdiyin\u0259 g\u00f6r\u0259, buna s\u0259b\u0259b rusiyal\u0131 v\u0259 latviyal\u0131 rejissor, \u201cArtdocfest\u201d festival\u0131n\u0131n s\u0259dri Vitali Manskinin Bak\u0131ya s\u0259f\u0259ri il\u0259 ba\u011fl\u0131 \u201cFacebook\u201dda yazd\u0131\u011f\u0131 payla\u015f\u0131m olub.<\/p>\n<p>Vitali Manski payla\u015f\u0131m\u0131nda yaz\u0131b:<\/p>\n<p>\u201cM\u0259n art\u0131q ikinci d\u0259f\u0259dir ki, Az\u0259rbaycanda qeyd olunan Z\u0259f\u0259r G\u00fcn\u00fcnd\u0259 Bak\u0131da oluram. Birinci d\u0259f\u0259 olan m\u0259ni o q\u0259d\u0259r t\u0259sirl\u0259ndirdi ki, indi yeni filmin \u015f\u0259nlikl\u0259rini lent\u0259 alma\u011fa g\u0259ldim\u201d.<\/p>\n<p>M\u0259hz bu payla\u015f\u0131mdan sonra Erm\u0259nistanda onun t\u0259\u015fkil etm\u0259y\u0259 haz\u0131rla\u015fd\u0131\u011f\u0131 festival l\u0259\u011fv edilib.<\/p>\n<p>M\u0259nb\u0259: Meduza<\/p>\n","protected":false},"excerpt":{"rendered":"<p>\u0130r\u0259van D\u00f6vl\u0259t Teatr v\u0259 Kino \u0130nstitutu noyabr\u0131n 23-26-da Erm\u0259nistan\u0131n paytaxt\u0131nda ke\u00e7irilm\u0259si planla\u015fd\u0131r\u0131lan \u201cEcho Artdocfest\u201d festival\u0131n\u0131 l\u0259\u011fv edib. T\u0259\u015fkilat n\u00fcmay\u0259nd\u0259l\u0259rinin bildirdiyin\u0259 g\u00f6r\u0259, buna s\u0259b\u0259b rusiyal\u0131 v\u0259 latviyal\u0131 rejissor, \u201cArtdocfest\u201d festival\u0131n\u0131n s\u0259dri Vitali Manskinin Bak\u0131ya s\u0259f\u0259ri il\u0259 ba\u011fl\u0131 \u201cFacebook\u201dda yazd\u0131\u011f\u0131 payla\u015f\u0131m olub. Vitali Manski payla\u015f\u0131m\u0131nda yaz\u0131b: \u201cM\u0259n art\u0131q ikinci d\u0259f\u0259dir ki, Az\u0259rbaycanda qeyd olunan Z\u0259f\u0259r G\u00fcn\u00fcnd\u0259 Bak\u0131da oluram. Birinci d\u0259f\u0259 olan m\u0259ni o q\u0259d\u0259r t\u0259sirl\u0259ndirdi ki, indi yeni filmin \u015f\u0259nlikl\u0259rini lent\u0259 alma\u011fa g\u0259ldim\u201d. M\u0259hz bu payla\u015f\u0131mdan sonra Erm\u0259nistanda onun t\u0259\u015fkil etm\u0259y\u0259 haz\u0131rla\u015fd\u0131\u011f\u0131 festival l\u0259\u011fv edilib. M\u0259nb\u0259: Meduza<\/p>\n","protected":false},"author":2,"featured_media":654777,"comment_status":"closed","ping_status":"closed","sticky":false,"template":"","format":"standard","meta":{"om_disable_all_campaigns":false,"_monsterinsights_skip_tracking":false,"_monsterinsights_sitenote_active":false,"_monsterinsights_sitenote_note":"","_monsterinsights_sitenote_category":0},"categories":[7],"tags":[],"aioseo_notices":[],"gutentor_comment":0,"rttpg_featured_image_url":{"full":["https:\/\/arantv.az\/wp-content\/uploads\/2023\/11\/371529757_1499043570885038_7927122581744296416_n.jpg",620,413,false],"landscape":["https:\/\/arantv.az\/wp-content\/uploads\/2023\/11\/371529757_1499043570885038_7927122581744296416_n.jpg",620,413,false],"portraits":["https:\/\/arantv.az\/wp-content\/uploads\/2023\/11\/371529757_1499043570885038_7927122581744296416_n.jpg",620,413,false],"thumbnail":["https:\/\/arantv.az\/wp-content\/uploads\/2023\/11\/371529757_1499043570885038_7927122581744296416_n-500x280.jpg",500,280,true],"medium":["https:\/\/arantv.az\/wp-content\/uploads\/2023\/11\/371529757_1499043570885038_7927122581744296416_n-548x365.jpg",548,365,true],"large":["https:\/\/arantv.az\/wp-content\/uploads\/2023\/11\/371529757_1499043570885038_7927122581744296416_n.jpg",620,413,false],"1536x1536":["https:\/\/arantv.az\/wp-content\/uploads\/2023\/11\/371529757_1499043570885038_7927122581744296416_n.jpg",620,413,false],"2048x2048":["https:\/\/arantv.az\/wp-content\/uploads\/2023\/11\/371529757_1499043570885038_7927122581744296416_n.jpg",620,413,false],"post-thumbnail":["https:\/\/arantv.az\/wp-content\/uploads\/2023\/11\/371529757_1499043570885038_7927122581744296416_n-240x172.jpg",240,172,true],"advps-thumb-one":["https:\/\/arantv.az\/wp-content\/uploads\/2023\/11\/371529757_1499043570885038_7927122581744296416_n.jpg",620,413,false]},"rttpg_author":{"display_name":"V\u00fcsal Rafiqo\u011flu","author_link":"https:\/\/arantv.az\/?author=2"},"rttpg_comment":0,"rttpg_category":"<a href=\"https:\/\/arantv.az\/?cat=7\" rel=\"category\">D\u00fcnya<\/a>","rttpg_excerpt":"\u0130r\u0259van D\u00f6vl\u0259t Teatr v\u0259 Kino \u0130nstitutu noyabr\u0131n 23-26-da Erm\u0259nistan\u0131n paytaxt\u0131nda ke\u00e7irilm\u0259si planla\u015fd\u0131r\u0131lan \u201cEcho Artdocfest\u201d festival\u0131n\u0131 l\u0259\u011fv edib. T\u0259\u015fkilat n\u00fcmay\u0259nd\u0259l\u0259rinin bildirdiyin\u0259 g\u00f6r\u0259, buna s\u0259b\u0259b rusiyal\u0131 v\u0259 latviyal\u0131 rejissor, \u201cArtdocfest\u201d festival\u0131n\u0131n s\u0259dri Vitali Manskinin Bak\u0131ya s\u0259f\u0259ri il\u0259 ba\u011fl\u0131 \u201cFacebook\u201dda yazd\u0131\u011f\u0131 payla\u015f\u0131m olub. Vitali Manski payla\u015f\u0131m\u0131nda yaz\u0131b: \u201cM\u0259n art\u0131q ikinci d\u0259f\u0259dir ki, Az\u0259rbaycanda qeyd olunan Z\u0259f\u0259r G\u00fcn\u00fcnd\u0259 Bak\u0131da&hellip;","_links":{"self":[{"href":"https:\/\/arantv.az\/index.php?rest_route=\/wp\/v2\/posts\/654774"}],"collection":[{"href":"https:\/\/arantv.az\/index.php?rest_route=\/wp\/v2\/posts"}],"about":[{"href":"https:\/\/arantv.az\/index.php?rest_route=\/wp\/v2\/types\/post"}],"author":[{"embeddable":true,"href":"https:\/\/arantv.az\/index.php?rest_route=\/wp\/v2\/users\/2"}],"replies":[{"embeddable":true,"href":"https:\/\/arantv.az\/index.php?rest_route=%2Fwp%2Fv2%2Fcomments&post=654774"}],"version-history":[{"count":0,"href":"https:\/\/arantv.az\/index.php?rest_route=\/wp\/v2\/posts\/654774\/revisions"}],"wp:featuredmedia":[{"embeddable":true,"href":"https:\/\/arantv.az\/index.php?rest_route=\/wp\/v2\/media\/654777"}],"wp:attachment":[{"href":"https:\/\/arantv.az\/index.php?rest_route=%2Fwp%2Fv2%2Fmedia&parent=654774"}],"wp:term":[{"taxonomy":"category","embeddable":true,"href":"https:\/\/arantv.az\/index.php?rest_route=%2Fwp%2Fv2%2Fcategories&post=654774"},{"taxonomy":"post_tag","embeddable":true,"href":"https:\/\/arantv.az\/index.php?rest_route=%2Fwp%2Fv2%2Ftags&post=654774"}],"curies":[{"name":"wp","href":"https:\/\/api.w.org\/{rel}","templated":true}]}}