{"id":654776,"date":"2023-11-10T17:27:41","date_gmt":"2023-11-10T13:27:41","guid":{"rendered":"https:\/\/arantv.az\/?p=654776"},"modified":"2023-11-10T17:27:41","modified_gmt":"2023-11-10T13:27:41","slug":"q%c9%99rb-c%c9%99nubi-qafqazdan-n%c9%99-ist%c9%99yir-s%c9%99rh-foto","status":"publish","type":"post","link":"https:\/\/arantv.az\/?p=654776","title":{"rendered":"Q\u0259rb C\u0259nubi Qafqazdan n\u0259 ist\u0259yir? &#8211; \u015e\u018fRH + FOTO"},"content":{"rendered":"<p>Q\u0259rb C\u0259nubi Qafqaz regionunda maraqlar\u0131n\u0131 t\u0259min etm\u0259k \u00fc\u00e7\u00fcn m\u00fcxt\u0259lif yollara ba\u015f vurur. \u0130st\u0259r AB\u015e, ist\u0259r Fransa, ist\u0259rs\u0259 d\u0259 Almaniya kimi dig\u0259r Q\u0259rb d\u00f6vl\u0259tl\u0259ri \u0259sas m\u0259qs\u0259din\u0259 \u00e7atmaq \u00fc\u00e7\u00fcn vasit\u0259 kimi Erm\u0259nistandan istifad\u0259 edirl\u0259r. Bu d\u00f6vl\u0259tl\u0259rin \u0259l oyunca\u011f\u0131na \u00e7evril\u0259n \u0130r\u0259van\u0131n siyasi r\u0259hb\u0259rliyi Q\u0259rbd\u0259n g\u0259l\u0259n b\u00fct\u00fcn t\u0259limatlara \u201cl\u0259bbeyk\u201d dey\u0259r\u0259k t\u0259msil etdikl\u0259ri \u00f6lk\u0259ni u\u00e7uruma s\u00fcr\u00fckl\u0259m\u0259kd\u0259 davam edir. Uzun ill\u0259r t\u0259crid v\u0259ziyy\u0259tind\u0259 qalan qon\u015fu d\u00f6vl\u0259t Q\u0259rbin \u015firin v\u0259dl\u0259rin\u0259 qap\u0131laraq region qon\u015fusu, strateji m\u00fctt\u0259fiqi v\u0259 erm\u0259ni iqtisadiyyat\u0131n\u0131n \u015fah damarlar\u0131n\u0131n sahibi olan Rusiyaya arxa \u00e7evirm\u0259kd\u0259n bel\u0259 \u00e7\u0259kinmir. \u0130ll\u00fcziyaya qap\u0131lan Pa\u015finyan h\u00f6kum\u0259ti regionda ged\u0259n qlobal layih\u0259l\u0259rd\u0259n uzaqla\u015fmaq, m\u00fctt\u0259fiql\u0259rini itirm\u0259kl\u0259 \u00fcz-\u00fcz\u0259 qal\u0131b.<\/p>\n<p>Art\u0131q ba\u015f nazir Nikol Pa\u015finyan h\u00f6kum\u0259tind\u0259 t\u0259msil olunanlar Kreml n\u00fcmay\u0259nd\u0259l\u0259ri aras\u0131nda s\u00f6z dueli gedir. Rusiyan\u0131n t\u0259\u015fkil etdiyi bir s\u0131ra platformalarda i\u015ftirak etm\u0259kd\u0259n imtina ed\u0259n d\u00f6vl\u0259t sonuncu d\u0259f\u0259 MDB T\u0259hl\u00fck\u0259sizlik \u015euras\u0131 r\u0259hb\u0259rl\u0259rinin iclas\u0131na da qat\u0131lmad\u0131. Bu g\u00f6r\u00fc\u015fd\u0259 onu T\u015e s\u0259dri yox, s\u0259fir t\u0259msil edib.<\/p>\n<p>\u0130\u015f o h\u0259dd\u0259 \u00e7at\u0131b ki, paytaxt k\u00fc\u00e7\u0259l\u0259rind\u0259 ke\u00e7iril\u0259n sor\u011fularda bel\u0259 sad\u0259 erm\u0259ni v\u0259t\u0259nda\u015flar\u00a0h\u00f6kum\u0259tin yar\u0131tmaz xarici siyas\u0259tind\u0259n \u015fikay\u0259t edirl\u0259r. Erm\u0259nistana \u015firin v\u0259dl\u0259r ver\u0259n Q\u0259rbin regionda maraqlar\u0131 n\u0259l\u0259rdir? Q\u0259rb Pa\u015finyan h\u00f6kum\u0259tini \u201c\u0259l kuklas\u0131\u201dna \u00e7evirm\u0259kl\u0259 hans\u0131 h\u0259d\u0259fl\u0259rin\u0259 \u00e7atmaq niyy\u0259tini g\u00fcd\u00fcr?<\/p>\n<p><strong>AB\u015e-nin m\u0259qs\u0259dl\u0259ri<\/strong><\/p>\n<p>AB\u015e SSR\u0130 da\u011f\u0131ld\u0131qdan sonra C\u0259nubi Qafqaza ciddi maraq g\u00f6st\u0259rir. Bunun \u0259sas s\u0259b\u0259bl\u0259rind\u0259n biri \u0259z\u0259li r\u0259qibi Rusiyan\u0131 buradan s\u0131x\u0131\u015fd\u0131rmaqla yana\u015f\u0131, Birl\u0259\u015fmi\u015f \u015etatlar\u0131n bir s\u0131ra iqtisadi maraqlar\u0131 da var v\u0259 r\u0259smi Va\u015finqton bu maraqlar\u0131n\u0131 t\u0259min etm\u0259k \u00fc\u00e7\u00fcn \u201cnar\u0131nc\u0131 inqilablar\u201ddan tutmu\u015f, USA\u0130D agentl\u0259rin\u0259 q\u0259d\u0259r m\u00fcxt\u0259lif \u00fcsullardan istifad\u0259 edir. \u015e\u00fcbh\u0259siz ki, 2018-ci ild\u0259 Soros fondunun d\u0259st\u0259yi il\u0259 hakimiyy\u0259t\u0259 g\u0259l\u0259n Nikol Pa\u015finyan a\u011falar\u0131n\u0131n maraqlar\u0131n\u0131 t\u0259min etm\u0259yi \u00f6z\u00fcn\u0259 borc bilir. AB\u015e Qafqaz regionunda anti-Rusiya c\u0259bh\u0259si a\u00e7maq \u00fc\u00e7\u00fcn G\u00fcrc\u00fcstanda u\u011fursuzlu\u011fa d\u00fc\u00e7ar olduqdan sonra n\u00f6vb\u0259ti h\u0259d\u0259f kimi Erm\u0259nistan\u0131 se\u00e7ib. \u018fslind\u0259 bu layih\u0259 qeyri-m\u00fcmk\u00fcn g\u00f6r\u00fcns\u0259 d\u0259, AB\u015e regionu xaosa s\u00fcr\u00fckl\u0259m\u0259 planlar\u0131ndan \u0259l \u00e7\u0259kmir. \u00c7\u00fcnki \u0259g\u0259r Moskvaya qar\u015f\u0131 yeni bir c\u0259bh\u0259 a\u00e7a bilm\u0259s\u0259 d\u0259, Rusiyan\u0131n c\u0259nubunda yeni bir m\u00fcnaqi\u015f\u0259nin olmas\u0131 AB\u015e-nin i\u015fin\u0259 yarayar. H\u0259r n\u0259 q\u0259d\u0259r D\u00f6vl\u0259t Departamenti r\u0259smi a\u00e7\u0131qlamalar\u0131nda Az\u0259rbaycanla Erm\u0259nistan aras\u0131nda s\u00fclh dan\u0131\u015f\u0131qlar\u0131n\u0131 d\u0259st\u0259kl\u0259diyini b\u0259yan ets\u0259 d\u0259, Nikol Pa\u015finyan\u0131n \u0259li il\u0259 bu s\u00fclh\u0259 mane olur. El\u0259 AB\u015e-nin direktivl\u0259ri il\u0259 h\u0259r\u0259k\u0259t ed\u0259n erm\u0259ni ba\u015f nazir Rusiyan\u0131n t\u0259klif etdiyi Rusiya-Az\u0259rbaycan-Erm\u0259nistan \u00fc\u00e7t\u0259r\u0259fli s\u00fclh dan\u0131\u015f\u0131qlar\u0131ndan imtina ed\u0259r\u0259k v\u0259ziyy\u0259ti q\u0259lizl\u0259\u015fdirib. AB\u015e-nin m\u0259qs\u0259di is\u0259 s\u00fclh\u00fc r\u0259smi Va\u015finqtonun dikt\u0259si il\u0259 realla\u015fd\u0131rmaqd\u0131r. Bu s\u0259b\u0259bd\u0259n Fransa kart\u0131 i\u015f\u0259 sal\u0131nd\u0131 v\u0259 r\u0259smi Parisin m\u0259ntiqsiz davran\u0131\u015f v\u0259 b\u0259yanatlar\u0131 Q\u0259rb platformas\u0131nda da dan\u0131\u015f\u0131qlar\u0131n ba\u015f tutmamas\u0131 il\u0259 n\u0259tic\u0259l\u0259ndi.<\/p>\n<p><img src=\"https:\/\/cdn.oxu.az\/uploads\/W1siZiIsIjIwMjMvMTEvMTAvMTMvMzQvNDcvNmY4YmEwMzYtNDhkYy00ZDZlLWE1YjktODY4ZjkwZjU3OTk1LzNhOWJlMjZmLTZkMmQtM2U3YS1iYjczLTdmZGZkMzMyY2Y3OC5qcGciXSxbInAiLCJlbmNvZGUiLCJqcGciLCItcXVhbGl0eSA4MCJdLFsicCIsInRodW1iIiwiNTkweDU5MFx1MDAzZSJdXQ?sha=d429289894c8055f\" alt=\"\" \/><\/p>\n<p>Az\u0259rbaycan h\u0259m Qranada, h\u0259m d\u0259 Br\u00fcssel g\u00f6r\u00fc\u015fl\u0259rind\u0259n imtina etdi. AT\u018fT-in ke\u00e7mi\u015f Minsk qrupunun h\u0259ms\u0259drl\u0259rind\u0259n biri olan Fransan\u0131n qeyri-etik davran\u0131\u015flar\u0131 v\u0259 erm\u0259ni t\u0259\u0259ss\u00fcbke\u015fliyi r\u0259smi Bak\u0131n\u0131n Q\u0259rb platformas\u0131n\u0131 t\u0259xir\u0259 salmas\u0131na s\u0259b\u0259b oldu. AB\u015e-nin Erm\u0259nistan vasit\u0259sil\u0259 Rusiyaya qar\u015f\u0131 h\u0259ml\u0259si bununla da bitm\u0259di. \u0130r\u0259van Rusiyan\u0131 t\u0259hl\u00fck\u0259sizlik sah\u0259sind\u0259 m\u00fctt\u0259fiq kimi g\u00f6rm\u0259yin strateji s\u0259hv oldu\u011funu b\u0259yan etdi. El\u0259 MK\u0130 k\u0259\u015ffiyyat\u00e7\u0131lar\u0131n\u0131n dikt\u0259si il\u0259 NATO-nun geni\u015fl\u0259nm\u0259si \u00fczr\u0259 QHT s\u0259dri G\u00fcnter Felinqerin Erm\u0259nistan\u0131 NATO-ya qo\u015fmaqla ba\u011fl\u0131 \u00e7a\u011f\u0131r\u0131\u015f\u0131 da bo\u015f yer\u0259 s\u0259sl\u0259nm\u0259mi\u015fdi. \u00c7\u00fcnki bu b\u0259yanat\u0131n ard\u0131nca Erm\u0259nistanda amerikal\u0131 h\u0259rb\u00e7il\u0259rl\u0259 birlikd\u0259 10 g\u00fcnl\u00fck t\u0259liml\u0259r ke\u00e7irildi. B\u00fct\u00fcn bu ba\u015f ver\u0259nl\u0259r okean\u0131n o tay\u0131ndan Rusiyaya mesaj idi v\u0259 onu regionda erm\u0259ni \u0259li il\u0259 qovma\u011fa h\u0259d\u0259fl\u0259n\u0259n plan\u0131n m\u00fcxt\u0259lif b\u0259ndl\u0259ri say\u0131l\u0131rd\u0131. Bundan \u0259lav\u0259, unutmaq laz\u0131m deyil ki, AB\u015e-nin regiona mara\u011f\u0131n\u0131n dig\u0259r \u0259sas s\u0259b\u0259bl\u0259rind\u0259n biri d\u0259 \u0130rand\u0131r. AB\u015e \u0259z\u0259li d\u00fc\u015fm\u0259ni olan \u0130ranla s\u0259rh\u0259d \u00f6lk\u0259si olan Erm\u0259nistanda 10 g\u00fcn t\u0259lim ke\u00e7irm\u0259kl\u0259\u00a0amerikal\u0131 h\u0259rb\u00e7il\u0259ri r\u0259smi Tehran\u0131n burnunun dibin\u0259 q\u0259d\u0259r g\u0259tirir. Bu is\u0259 AB\u015e-nin n\u0259bz yoxlamas\u0131 kimi qiym\u0259tl\u0259ndiril\u0259 bil\u0259r. AB\u015e bu yolla \u0130ran-Erm\u0259nistan m\u00fcnasib\u0259tl\u0259rin\u0259 k\u00f6lg\u0259 salmaq niyy\u0259tini d\u0259 g\u00fcd\u00fcr. Eyni zamanda Tehrana qar\u015f\u0131 m\u00fcmk\u00fcn h\u0259rbi \u0259m\u0259liyyatlar zaman\u0131 Erm\u0259nistan \u0259razisind\u0259n d\u0259 istifad\u0259 edil\u0259c\u0259yi istisna edilmir. Art\u0131q AB\u015e h\u0259rb\u00e7il\u0259ri \u0130r\u0259vanda 10 g\u00fcn t\u0259lim ke\u00e7ibl\u0259r v\u0259 laz\u0131mi k\u0259\u015ffiyyat materiallar\u0131n\u0131 toplayaraq Va\u015finqtona \u00f6t\u00fcr\u00fcbl\u0259r. Unutmaq laz\u0131m deyil ki, AB\u015e-nin d\u00fcnya \u00fczr\u0259 \u0259n b\u00f6y\u00fck s\u0259firlikl\u0259rind\u0259n biri d\u0259 \u0130r\u0259vanda f\u0259aliyy\u0259t g\u00f6st\u0259rir v\u0259 ki\u00e7ik bir \u00f6lk\u0259 \u00fc\u00e7\u00fcn bu q\u0259d\u0259r s\u0259firlik \u0259m\u0259kda\u015f\u0131n\u0131n hans\u0131 m\u0259qs\u0259d \u00fc\u00e7\u00fcn g\u00f6nd\u0259rildiyi d\u0259 m\u0259lum m\u0259s\u0259l\u0259dir.<\/p>\n<p><img src=\"https:\/\/cdn.oxu.az\/uploads\/W1siZiIsIjIwMjMvMTEvMTAvMTMvMzQvNDcvNzRmZDQ1YzEtMTQ2NS00YTBkLThiMGMtZWU3ZTU4OGRkZmY2Lzk2NGQwMDg5LWIwNzQtM2M0MS1hYmEwLTYyYWVjOWI5M2IxYi5qcGciXSxbInAiLCJlbmNvZGUiLCJqcGciLCItcXVhbGl0eSA4MCJdLFsicCIsInRodW1iIiwiNTkweDU5MFx1MDAzZSJdXQ?sha=c54fa19071cb5fd2\" alt=\"\" \/><\/p>\n<p><strong>Avropan\u0131n m\u0259qs\u0259dl\u0259ri<\/strong><\/p>\n<p>Erm\u0259nistan\u0131n son ill\u0259r m\u00fctt\u0259fiql\u0259ri il\u0259, daha d\u0259qiq des\u0259k, Rusiya il\u0259 m\u00fcnasib\u0259tl\u0259ri pisl\u0259\u015fm\u0259y\u0259 do\u011fru gedir. Bu pisl\u0259\u015fm\u0259nin \u0259sas aktyorlar\u0131 is\u0259 Avropa \u00f6lk\u0259l\u0259ridir. Fransa r\u0259smil\u0259rinin az qala h\u0259r h\u0259ft\u0259 \u0130r\u0259vana s\u0259f\u0259ri d\u0259 t\u0259sad\u00fcfi deyil. H\u0259l\u0259lik Pa\u015finyan h\u00f6kum\u0259ti bu s\u0259f\u0259rl\u0259rd\u0259n ill\u00fcziyaya qap\u0131lsa da, s\u0259f\u0259rl\u0259rin tam ba\u015fqa m\u0259qs\u0259d\u0259 xidm\u0259t etm\u0259si d\u0259 g\u00fcn kimi ayd\u0131nd\u0131r. \u0130st\u0259r Fransan\u0131n silah sat\u0131\u015f\u0131, ist\u0259r yard\u0131mlar\u0131, ist\u0259rs\u0259 d\u0259 Frankafoniya kimi frans\u0131z milliyy\u0259t\u00e7iliyin\u0259 xidm\u0259t ed\u0259n qurumun \u0130r\u0259vana ayaq a\u00e7mas\u0131n\u0131n \u0259sas h\u0259d\u0259fl\u0259rind\u0259n biri yuxar\u0131da da qeyd etdiyimiz kimi, Rusiyan\u0131 Qafqazdan \u00e7\u0131xarmaqd\u0131r. Art\u0131q Erm\u0259nistan Avropa d\u00f6vl\u0259tl\u0259rinin Qafqaz regionunda maraqlar\u0131n\u0131 t\u0259min etm\u0259k \u00fc\u00e7\u00fcn ba\u015f\u0131na noxta ke\u00e7irilmi\u015f \u201cb\u0259l\u0259d\u00e7i\u201dy\u0259 \u00e7evrilib. Avropa ciddi c\u0259hdl\u0259 bu \u00f6lk\u0259\u00a0vasit\u0259sil\u0259 regionda t\u0259sirini art\u0131rma\u011fa c\u0259hd edir.<\/p>\n<p>Avropan\u0131n iki \u0259sas oyun\u00e7usu Almaniya v\u0259 Fransan\u0131n Bak\u0131ya t\u0259sir al\u0259tl\u0259ri \u00e7ox z\u0259if v\u0259 m\u0259hduddur. \u0130st\u0259nil\u0259n t\u0259xribat v\u0259 s\u0259rs\u0259m b\u0259yanata r\u0259smi Bak\u0131 s\u0259rt dill\u0259 cavab verir v\u0259 Q\u0259rb platformas\u0131nda dan\u0131\u015f\u0131qlara fasil\u0259 verdiyini elan edir. Az\u0259rbaycan\u0131n Avropan\u0131n enerji t\u0259r\u0259fda\u015f\u0131 oldu\u011funu unudan b\u0259zi avropal\u0131 siyasil\u0259r h\u0259rd\u0259n h\u0259dl\u0259rini a\u015faraq t\u0259hdid dilind\u0259 dan\u0131\u015fma\u011fa c\u0259hd ets\u0259l\u0259r d\u0259, layiqli cavablar\u0131n\u0131 al\u0131rlar. \u0130r\u0259van\u0131 is\u0259 \u015firin dil\u0259 tutan Avropa bu yolla n\u00fcfuz geni\u015fl\u0259ndirilm\u0259sin\u0259 nail olmaq ist\u0259yir. Qon\u015fu d\u00f6vl\u0259tin xarici siyas\u0259t vektorunu Q\u0259rb\u0259 t\u0259r\u0259f tam d\u0259yi\u015fm\u0259si A\u0130 \u00fc\u00e7\u00fcn g\u00f6yd\u0259nd\u00fc\u015fm\u0259 say\u0131la bil\u0259rdi. Siyasi gedi\u015fl\u0259ri s\u0259hv hesablayan Avropa bu yolla regionda n\u00fcfuzunun artd\u0131\u011f\u0131n\u0131 d\u00fc\u015f\u00fcnd\u00fcy\u00fc halda, Az\u0259rbaycan\u0131n bir h\u0259ml\u0259si b\u00fct\u00fcn gedi\u015fl\u0259ri mat etdi. Uzun m\u00fcdd\u0259tdir s\u00f6z\u00fcged\u0259n Z\u0259ng\u0259zur d\u0259hlizi il\u0259 ba\u011fl\u0131 r\u0259smi Bak\u0131 \u0130ranla raz\u0131la\u015faraq s\u00f6z\u00fcged\u0259n d\u0259hlizin Erm\u0259nistandan ke\u00e7\u0259c\u0259k hiss\u0259sini Araz \u00e7ay\u0131 boyu il\u0259 \u0130randan ke\u00e7irm\u0259k \u00fc\u00e7\u00fcn m\u00fcqavil\u0259 imzalad\u0131 v\u0259 yolun tikintisin\u0259 ba\u015flad\u0131. Regionda iqtisadi maraqlar\u0131 s\u0131ras\u0131na regional d\u0259hlizl\u0259ri d\u0259 prioritet tutan Q\u0259rb bu h\u0259ml\u0259d\u0259n sonra h\u0259r\u0259k\u0259t\u0259 ke\u00e7di. T\u0259sad\u00fcfi deyil ki, Almaniyan\u0131n X\u0130N ba\u015f\u00e7\u0131s\u0131 Annalena Berbok Bak\u0131ya, Fransa Prezidenti is\u0259 M\u0259rk\u0259zi Asiyaya s\u0259f\u0259r etdi. H\u0259r iki s\u0259f\u0259rin \u00f6z\u0259yind\u0259 d\u0259hliz m\u0259s\u0259l\u0259si dururdu. D\u00fczd\u00fcr, Afrikadan qovulan Fransan\u0131n n\u00fcv\u0259 s\u0259nayesi \u00fc\u00e7\u00fcn \u0259sas t\u0259dar\u00fck\u00e7\u00fcs\u00fc Qazax\u0131stand\u0131r.<\/p>\n<p>Elektrik enerjisini \u0259sas\u0259n n\u00fcv\u0259 stansiyalar\u0131ndan alan Fransa Nigerd\u0259n qovuldu\u011fu \u00fc\u00e7\u00fcn \u0259l-aya\u011fa d\u00fc\u015f\u0259r\u0259k t\u0259cili M\u0259rk\u0259zi Asiya il\u0259 \u0259laq\u0259l\u0259ri m\u00f6hk\u0259ml\u0259ndirm\u0259k niyy\u0259tind\u0259dir. Bundan \u0259lav\u0259, bu yax\u0131nlarda M\u0259rk\u0259zi Asiyada t\u00fcrkdilli \u00f6lk\u0259l\u0259rin r\u0259hb\u0259rl\u0259rinin ke\u00e7irdiyi g\u00f6r\u00fc\u015f v\u0259 d\u0259hlizl\u0259rl\u0259 ba\u011fl\u0131 \u0259ld\u0259 edil\u0259n raz\u0131la\u015fma da r\u0259smi Parisin maraq dair\u0259sind\u0259dir.<\/p>\n<p><img src=\"https:\/\/cdn.oxu.az\/uploads\/W1siZiIsIjIwMjMvMTEvMTAvMTMvMzQvNDYvZDA3Y2ZhZDktMzliZC00ZDY3LWFjNTQtMGJiM2RjOGE0NWZiLzEyMDBkZDJiLWEzNGEtMzczMy1iNDIwLTYyYWM5MmMzMTYxZS5qcGciXSxbInAiLCJlbmNvZGUiLCJqcGciLCItcXVhbGl0eSA4MCJdLFsicCIsInRodW1iIiwiNTkweDU5MFx1MDAzZSJdXQ?sha=d7d30b3b4b2a31bb\" alt=\"\" \/><\/p>\n<p>Q\u0259rbin Qafqaza mara\u011f\u0131n\u0131n son ill\u0259rd\u0259 k\u0259skin artmas\u0131n\u0131n s\u0259b\u0259bl\u0259rind\u0259n biri d\u0259 Rusiya v\u0259 T\u00fcrkiy\u0259dir. T\u0259bii ki, bu iki d\u00f6vl\u0259t Avropan\u0131n, x\u00fcsus\u0259n d\u0259 Almaniya v\u0259 Fransan\u0131n r\u0259qibi say\u0131l\u0131r. Son ill\u0259rd\u0259 Ankara-Moskva yax\u0131nla\u015fmas\u0131 da A\u0130-nin n\u0259z\u0259rind\u0259n yay\u0131nmay\u0131b. Qafqazda n\u00fcfuzunu art\u0131rmaqla\u00a0Rusiya v\u0259 T\u00fcrkiy\u0259y\u0259 qar\u015f\u0131 \u0259lav\u0259 t\u0259zyiq vasit\u0259si \u0259ld\u0259 etm\u0259k ist\u0259y\u0259n Avropan\u0131n strateji r\u0259qibl\u0259ri \u00fcz\u0259rind\u0259 \u00fcst\u00fcnl\u00fck \u0259ld\u0259 etm\u0259k niyy\u0259tini d\u0259 g\u00f6zard\u0131 etm\u0259k olmaz.<\/p>\n<p><strong>Q\u0259rbi regiondan qovmaq \u00fc\u00e7\u00fcn n\u0259 etm\u0259li<\/strong><\/p>\n<p>AB\u015e v\u0259 Avropa \u00f6lk\u0259l\u0259rini regiondan s\u0131x\u0131\u015fd\u0131rmaq v\u0259 m\u0259krli planlar\u0131n\u0131n h\u0259yata ke\u00e7m\u0259sinin qar\u015f\u0131s\u0131n\u0131 almaq \u00fc\u00e7\u00fcn \u0259n effektiv \u00fcsullardan biri \u201c3+3\u201d platformas\u0131d\u0131r. 2020-ci il m\u00fcharib\u0259sind\u0259n sonra Az\u0259rbaycan v\u0259 T\u00fcrkiy\u0259 t\u0259r\u0259find\u0259n t\u0259klif edil\u0259n platforma regiondank\u0259nar \u00f6lk\u0259l\u0259rin regionun iqtisadiyyat\u0131na n\u00fcfuz v\u0259 t\u0259sirini s\u0131f\u0131ra endirm\u0259k \u00fc\u00e7\u00fcn n\u0259z\u0259rd\u0259 tutulub. Bu platforma T\u00fcrkiy\u0259, Rusiya, \u0130ran, Az\u0259rbaycan, Erm\u0259nistan v\u0259 G\u00fcrc\u00fcstan\u0131 daha da yax\u0131nla\u015fd\u0131rmaq v\u0259 iqtisadi maraqlar\u0131n\u0131 birg\u0259 t\u0259min etm\u0259k \u00fc\u00e7\u00fcn \u0259la yoldur. T\u00fcrkiy\u0259-Rusiya \u0259m\u0259kda\u015fl\u0131\u011f\u0131 regionun inki\u015faf\u0131n\u0131 s\u00fcr\u0259tl\u0259ndir\u0259 bil\u0259r v\u0259 Avropan\u0131n regiona n\u00fcfuzunu tam z\u0259ifl\u0259d\u0259 bil\u0259r. Eyni zamanda Q\u0259rbin bir s\u0131ra layih\u0259l\u0259rinin \u00fcst\u00fcnd\u0259n x\u0259tt \u00e7\u0259k\u0259 bil\u0259r. Eyni zamanda Az\u0259rbaycanla Erm\u0259nistan\u0131n iqtisadi sah\u0259d\u0259 \u0259m\u0259kda\u015fl\u0131\u011f\u0131 h\u0259m Avropan\u0131n, h\u0259m d\u0259 AB\u015e-nin \u0259lini kifay\u0259t q\u0259d\u0259r z\u0259ifl\u0259d\u0259 bil\u0259r. K\u0259nar aktor olmadan region \u00f6lk\u0259l\u0259ri iqtisadi maraqlar\u0131n\u0131 t\u0259min ed\u0259r\u0259k meqalayih\u0259l\u0259ri realla\u015fd\u0131ra bil\u0259r v\u0259 bir-birinin inki\u015faf\u0131na t\u00f6hf\u0259 ver\u0259 bil\u0259r.<\/p>\n<p>S\u0259rh\u0259dl\u0259rin a\u00e7\u0131lmas\u0131, kommunikasiyalar\u0131n b\u0259rpas\u0131, yeni n\u0259qliyyat d\u0259hlizl\u0259rinin i\u015f\u0259 d\u00fc\u015fm\u0259si bir \u00e7ox problemi asanl\u0131qla h\u0259ll ed\u0259 bil\u0259r&#8230;<\/p>\n<p><strong>\u201cReport\u201d \u0130nformasiya Agentliyi<\/strong><\/p>\n","protected":false},"excerpt":{"rendered":"<p>Q\u0259rb C\u0259nubi Qafqaz regionunda maraqlar\u0131n\u0131 t\u0259min etm\u0259k \u00fc\u00e7\u00fcn m\u00fcxt\u0259lif yollara ba\u015f vurur. \u0130st\u0259r AB\u015e, ist\u0259r Fransa, ist\u0259rs\u0259 d\u0259 Almaniya kimi dig\u0259r Q\u0259rb d\u00f6vl\u0259tl\u0259ri \u0259sas m\u0259qs\u0259din\u0259 \u00e7atmaq \u00fc\u00e7\u00fcn vasit\u0259 kimi Erm\u0259nistandan istifad\u0259 edirl\u0259r. Bu d\u00f6vl\u0259tl\u0259rin \u0259l oyunca\u011f\u0131na \u00e7evril\u0259n \u0130r\u0259van\u0131n siyasi r\u0259hb\u0259rliyi Q\u0259rbd\u0259n g\u0259l\u0259n b\u00fct\u00fcn t\u0259limatlara \u201cl\u0259bbeyk\u201d dey\u0259r\u0259k t\u0259msil etdikl\u0259ri \u00f6lk\u0259ni u\u00e7uruma s\u00fcr\u00fckl\u0259m\u0259kd\u0259 davam edir. Uzun ill\u0259r t\u0259crid v\u0259ziyy\u0259tind\u0259 qalan qon\u015fu d\u00f6vl\u0259t Q\u0259rbin \u015firin v\u0259dl\u0259rin\u0259 qap\u0131laraq region qon\u015fusu, strateji m\u00fctt\u0259fiqi v\u0259 erm\u0259ni iqtisadiyyat\u0131n\u0131n \u015fah damarlar\u0131n\u0131n sahibi olan Rusiyaya arxa \u00e7evirm\u0259kd\u0259n bel\u0259 \u00e7\u0259kinmir. \u0130ll\u00fcziyaya qap\u0131lan Pa\u015finyan h\u00f6kum\u0259ti regionda ged\u0259n qlobal layih\u0259l\u0259rd\u0259n uzaqla\u015fmaq, m\u00fctt\u0259fiql\u0259rini&hellip;<\/p>\n","protected":false},"author":2,"featured_media":654780,"comment_status":"closed","ping_status":"closed","sticky":false,"template":"","format":"standard","meta":{"om_disable_all_campaigns":false,"_monsterinsights_skip_tracking":false,"_monsterinsights_sitenote_active":false,"_monsterinsights_sitenote_note":"","_monsterinsights_sitenote_category":0},"categories":[4],"tags":[],"aioseo_notices":[],"gutentor_comment":0,"rttpg_featured_image_url":{"full":["https:\/\/arantv.az\/wp-content\/uploads\/2023\/11\/0f1b39b9-6a28-347a-9bf4-d832e2d4af6f_850.jpg",620,413,false],"landscape":["https:\/\/arantv.az\/wp-content\/uploads\/2023\/11\/0f1b39b9-6a28-347a-9bf4-d832e2d4af6f_850.jpg",620,413,false],"portraits":["https:\/\/arantv.az\/wp-content\/uploads\/2023\/11\/0f1b39b9-6a28-347a-9bf4-d832e2d4af6f_850.jpg",620,413,false],"thumbnail":["https:\/\/arantv.az\/wp-content\/uploads\/2023\/11\/0f1b39b9-6a28-347a-9bf4-d832e2d4af6f_850-500x280.jpg",500,280,true],"medium":["https:\/\/arantv.az\/wp-content\/uploads\/2023\/11\/0f1b39b9-6a28-347a-9bf4-d832e2d4af6f_850-548x365.jpg",548,365,true],"large":["https:\/\/arantv.az\/wp-content\/uploads\/2023\/11\/0f1b39b9-6a28-347a-9bf4-d832e2d4af6f_850.jpg",620,413,false],"1536x1536":["https:\/\/arantv.az\/wp-content\/uploads\/2023\/11\/0f1b39b9-6a28-347a-9bf4-d832e2d4af6f_850.jpg",620,413,false],"2048x2048":["https:\/\/arantv.az\/wp-content\/uploads\/2023\/11\/0f1b39b9-6a28-347a-9bf4-d832e2d4af6f_850.jpg",620,413,false],"post-thumbnail":["https:\/\/arantv.az\/wp-content\/uploads\/2023\/11\/0f1b39b9-6a28-347a-9bf4-d832e2d4af6f_850-240x172.jpg",240,172,true],"advps-thumb-one":["https:\/\/arantv.az\/wp-content\/uploads\/2023\/11\/0f1b39b9-6a28-347a-9bf4-d832e2d4af6f_850.jpg",620,413,false]},"rttpg_author":{"display_name":"V\u00fcsal Rafiqo\u011flu","author_link":"https:\/\/arantv.az\/?author=2"},"rttpg_comment":0,"rttpg_category":"<a href=\"https:\/\/arantv.az\/?cat=4\" rel=\"category\">Siyas\u0259t<\/a>","rttpg_excerpt":"Q\u0259rb C\u0259nubi Qafqaz regionunda maraqlar\u0131n\u0131 t\u0259min etm\u0259k \u00fc\u00e7\u00fcn m\u00fcxt\u0259lif yollara ba\u015f vurur. \u0130st\u0259r AB\u015e, ist\u0259r Fransa, ist\u0259rs\u0259 d\u0259 Almaniya kimi dig\u0259r Q\u0259rb d\u00f6vl\u0259tl\u0259ri \u0259sas m\u0259qs\u0259din\u0259 \u00e7atmaq \u00fc\u00e7\u00fcn vasit\u0259 kimi Erm\u0259nistandan istifad\u0259 edirl\u0259r. Bu d\u00f6vl\u0259tl\u0259rin \u0259l oyunca\u011f\u0131na \u00e7evril\u0259n \u0130r\u0259van\u0131n siyasi r\u0259hb\u0259rliyi Q\u0259rbd\u0259n g\u0259l\u0259n b\u00fct\u00fcn t\u0259limatlara \u201cl\u0259bbeyk\u201d dey\u0259r\u0259k t\u0259msil etdikl\u0259ri \u00f6lk\u0259ni u\u00e7uruma s\u00fcr\u00fckl\u0259m\u0259kd\u0259 davam edir. Uzun ill\u0259r&hellip;","_links":{"self":[{"href":"https:\/\/arantv.az\/index.php?rest_route=\/wp\/v2\/posts\/654776"}],"collection":[{"href":"https:\/\/arantv.az\/index.php?rest_route=\/wp\/v2\/posts"}],"about":[{"href":"https:\/\/arantv.az\/index.php?rest_route=\/wp\/v2\/types\/post"}],"author":[{"embeddable":true,"href":"https:\/\/arantv.az\/index.php?rest_route=\/wp\/v2\/users\/2"}],"replies":[{"embeddable":true,"href":"https:\/\/arantv.az\/index.php?rest_route=%2Fwp%2Fv2%2Fcomments&post=654776"}],"version-history":[{"count":0,"href":"https:\/\/arantv.az\/index.php?rest_route=\/wp\/v2\/posts\/654776\/revisions"}],"wp:featuredmedia":[{"embeddable":true,"href":"https:\/\/arantv.az\/index.php?rest_route=\/wp\/v2\/media\/654780"}],"wp:attachment":[{"href":"https:\/\/arantv.az\/index.php?rest_route=%2Fwp%2Fv2%2Fmedia&parent=654776"}],"wp:term":[{"taxonomy":"category","embeddable":true,"href":"https:\/\/arantv.az\/index.php?rest_route=%2Fwp%2Fv2%2Fcategories&post=654776"},{"taxonomy":"post_tag","embeddable":true,"href":"https:\/\/arantv.az\/index.php?rest_route=%2Fwp%2Fv2%2Ftags&post=654776"}],"curies":[{"name":"wp","href":"https:\/\/api.w.org\/{rel}","templated":true}]}}