{"id":654782,"date":"2023-11-10T17:29:25","date_gmt":"2023-11-10T13:29:25","guid":{"rendered":"https:\/\/arantv.az\/?p=654782"},"modified":"2023-11-10T17:29:25","modified_gmt":"2023-11-10T13:29:25","slug":"ataturkun-xatir%c9%99si-bakida-anilib","status":"publish","type":"post","link":"https:\/\/arantv.az\/?p=654782","title":{"rendered":"Atat\u00fcrk\u00fcn xatir\u0259si Bak\u0131da an\u0131l\u0131b"},"content":{"rendered":"<p>T\u00fcrkiy\u0259 C\u00fcmhuriyy\u0259tinin qurucusu Mustafa Kamal Atat\u00fcrk\u00fcn v\u0259fat\u0131n\u0131n 85-ci ild\u00f6n\u00fcm\u00fc Bak\u0131da an\u0131l\u0131b.<\/p>\n<p>\u201cReport\u201dun x\u0259b\u0259rin\u0259 g\u00f6r\u0259, Atat\u00fcrk\u00fcn abid\u0259si \u00f6n\u00fcnd\u0259 ke\u00e7iril\u0259n an\u0131m m\u0259rasimind\u0259 T\u00fcrkiy\u0259nin Az\u0259rbaycandak\u0131 s\u0259firi Cahit Ba\u011f\u00e7\u0131, s\u0259firliyin \u0259m\u0259kda\u015flar\u0131, qarda\u015f \u00f6lk\u0259nin d\u00f6vl\u0259t qurumlar\u0131n\u0131n n\u00fcmay\u0259nd\u0259l\u0259ri v\u0259 t\u0259l\u0259b\u0259l\u0259r i\u015ftirak edibl\u0259r.<\/p>\n<p>T\u0259dbird\u0259 \u015eimali Kipr T\u00fcrk Respublikas\u0131n\u0131n (\u015eKTR) ba\u015f nazirinin m\u00fcavini, turizm, m\u0259d\u0259niyy\u0259t, g\u0259nclik v\u0259 \u0259traf m\u00fchit naziri Fikri Atao\u011flu da i\u015ftirak edib.<\/p>\n<p>\u018fvv\u0259lc\u0259 Atat\u00fcrk\u00fcn xatir\u0259si bird\u0259qiq\u0259lik s\u00fckutla yad edilib, daha sonra s\u0259firlik binas\u0131nda T\u00fcrkiy\u0259 bayra\u011f\u0131 yar\u0131ya q\u0259d\u0259r endirilib. F.Atao\u011flu v\u0259 C.Ba\u011f\u00e7\u0131 abid\u0259 \u00f6n\u00fcn\u0259 \u0259klil qoyublar.<\/p>\n<p>M\u0259rasimd\u0259 Az\u0259rbaycan v\u0259 T\u00fcrkiy\u0259nin D\u00f6vl\u0259t himnl\u0259ri s\u0259sl\u0259ndirilib.<\/p>\n<p>C.Ba\u011f\u00e7\u0131 \u00e7\u0131x\u0131\u015f\u0131nda Atat\u00fcrk\u00fcn i\u015f\u011fala, z\u00fclm\u0259 boyun \u0259ym\u0259y\u0259r\u0259k b\u00f6y\u00fck t\u00fcrk mill\u0259tini milli istiqlal v\u0259 azadl\u0131q m\u00fcbariz\u0259si ruhunda birl\u0259\u015fdirdiyini, Anadolunun azad edilm\u0259sin\u0259 r\u0259hb\u0259rlik etdiyini deyib. T\u00fcrkl\u0259rin d\u00fc\u015fm\u0259n i\u015f\u011fal\u0131na son qoymas\u0131ndan v\u0259 c\u00fcmhuriyy\u0259tin qurulmas\u0131nda t\u00fcrk xalq\u0131n\u0131n g\u00f6st\u0259rdiyi \u015f\u00fcca\u0259td\u0259n b\u0259hs edib.<\/p>\n<p>Atat\u00fcrk\u00fcn m\u00fcst\u0259qil ya\u015famaq irad\u0259sinin m\u0259zlum xalqlar\u0131n azadl\u0131q v\u0259 istiqlal m\u00fcbariz\u0259l\u0259rin\u0259 n\u00fcmun\u0259 oldu\u011funu bildir\u0259n s\u0259fir \u0259lav\u0259 edib ki, Mustafa Kamal Atat\u00fcrk \u00fclvi hissl\u0259ri il\u0259 mill\u0259tin\u0259 ba\u011fl\u0131, istiqlal, m\u00fcdafi\u0259 v\u0259 sevgini h\u0259r \u015feyd\u0259n \u00fcst\u00fcn tutan b\u0259nz\u0259rsiz bir d\u00f6vl\u0259t xadimidir:<\/p>\n<p>\u201cAtat\u00fcrk\u00fcn \u0259n b\u00f6y\u00fck \u0259s\u0259ri olaraq xarakteriz\u0259 etdiyi c\u00fcmhuriyy\u0259tin 100-c\u00fc ild\u00f6n\u00fcm\u00fcn\u00fc qeyd etm\u0259kd\u0259n q\u00fcrur duyuruq. Bu g\u00fcn T\u00fcrkiy\u0259 Prezident R\u0259c\u0259b Tayyib \u018frdo\u011fan\u0131n r\u0259hb\u0259rliyi alt\u0131nda h\u00f6rm\u0259tli, probleml\u0259ri h\u0259ll ed\u0259n, regional v\u0259 qlobal s\u0259viyy\u0259d\u0259 qlobal \u0259dal\u0259tsizlikl\u0259r\u0259 qar\u015f\u0131 \u0259dal\u0259tin m\u00fcdafi\u0259\u00e7isi olan g\u00fccl\u00fc d\u00f6vl\u0259tdir\u201d.<\/p>\n<p>\u015eimali Kipr ba\u015f nazirinin m\u00fcavini Fikri Atao\u011flu jurnalistl\u0259r\u0259 a\u00e7\u0131qlamas\u0131nda bildirib ki, bu yax\u0131nlarda Mustafa Kamal Atat\u00fcrk\u00fcn qurdu\u011fu c\u00fcmhuriyy\u0259tin 100-c\u00fc ild\u00f6n\u00fcm\u00fc qeyd edilib:<\/p>\n<p>\u201cC\u00fcmhuriyy\u0259ti daim ya\u015fatmaq t\u00fcrk mill\u0259ti olaraq borcumuzdur. Atat\u00fcrk\u00fcn v\u0259fat\u0131n\u0131n 85-ci ild\u00f6n\u00fcm\u00fcn\u00fcn Az\u0259rbaycanda an\u0131lmas\u0131 b\u00fct\u00fcn t\u00fcrk mill\u0259tinin Atat\u00fcrk\u0259 s\u0259daq\u0259tinin g\u00f6st\u0259ricisidir. Atat\u00fcrk\u00fc r\u0259hm\u0259t v\u0259 ehtiramla yad edir\u0259m&#8221;.<\/p>\n<p>Eyni zamanda T\u00fcrkiy\u0259nin Az\u0259rbaycandak\u0131 s\u0259firliyind\u0259 az\u0259rbaycanl\u0131 r\u0259ssam Ramil \u018fhm\u0259dovun Atat\u00fcrkl\u0259 ba\u011fl\u0131 r\u0259sm s\u0259rgisi v\u0259 T\u00fcrkiy\u0259 C\u00fcmhuriyy\u0259tinin 100 illiyin\u0259 h\u0259sr olunmu\u015f fotos\u0259rgi d\u0259 ke\u00e7irilib.<\/p>\n","protected":false},"excerpt":{"rendered":"<p>T\u00fcrkiy\u0259 C\u00fcmhuriyy\u0259tinin qurucusu Mustafa Kamal Atat\u00fcrk\u00fcn v\u0259fat\u0131n\u0131n 85-ci ild\u00f6n\u00fcm\u00fc Bak\u0131da an\u0131l\u0131b. \u201cReport\u201dun x\u0259b\u0259rin\u0259 g\u00f6r\u0259, Atat\u00fcrk\u00fcn abid\u0259si \u00f6n\u00fcnd\u0259 ke\u00e7iril\u0259n an\u0131m m\u0259rasimind\u0259 T\u00fcrkiy\u0259nin Az\u0259rbaycandak\u0131 s\u0259firi Cahit Ba\u011f\u00e7\u0131, s\u0259firliyin \u0259m\u0259kda\u015flar\u0131, qarda\u015f \u00f6lk\u0259nin d\u00f6vl\u0259t qurumlar\u0131n\u0131n n\u00fcmay\u0259nd\u0259l\u0259ri v\u0259 t\u0259l\u0259b\u0259l\u0259r i\u015ftirak edibl\u0259r. T\u0259dbird\u0259 \u015eimali Kipr T\u00fcrk Respublikas\u0131n\u0131n (\u015eKTR) ba\u015f nazirinin m\u00fcavini, turizm, m\u0259d\u0259niyy\u0259t, g\u0259nclik v\u0259 \u0259traf m\u00fchit naziri Fikri Atao\u011flu da i\u015ftirak edib. \u018fvv\u0259lc\u0259 Atat\u00fcrk\u00fcn xatir\u0259si bird\u0259qiq\u0259lik s\u00fckutla yad edilib, daha sonra s\u0259firlik binas\u0131nda T\u00fcrkiy\u0259 bayra\u011f\u0131 yar\u0131ya q\u0259d\u0259r endirilib. F.Atao\u011flu v\u0259 C.Ba\u011f\u00e7\u0131 abid\u0259 \u00f6n\u00fcn\u0259 \u0259klil qoyublar. M\u0259rasimd\u0259 Az\u0259rbaycan v\u0259 T\u00fcrkiy\u0259nin D\u00f6vl\u0259t himnl\u0259ri s\u0259sl\u0259ndirilib. C.Ba\u011f\u00e7\u0131 \u00e7\u0131x\u0131\u015f\u0131nda Atat\u00fcrk\u00fcn&hellip;<\/p>\n","protected":false},"author":2,"featured_media":654783,"comment_status":"closed","ping_status":"closed","sticky":false,"template":"","format":"standard","meta":{"om_disable_all_campaigns":false,"_monsterinsights_skip_tracking":false,"_monsterinsights_sitenote_active":false,"_monsterinsights_sitenote_note":"","_monsterinsights_sitenote_category":0},"categories":[4],"tags":[],"aioseo_notices":[],"gutentor_comment":0,"rttpg_featured_image_url":{"full":["https:\/\/arantv.az\/wp-content\/uploads\/2023\/11\/ggg.jpg",620,413,false],"landscape":["https:\/\/arantv.az\/wp-content\/uploads\/2023\/11\/ggg.jpg",620,413,false],"portraits":["https:\/\/arantv.az\/wp-content\/uploads\/2023\/11\/ggg.jpg",620,413,false],"thumbnail":["https:\/\/arantv.az\/wp-content\/uploads\/2023\/11\/ggg-500x280.jpg",500,280,true],"medium":["https:\/\/arantv.az\/wp-content\/uploads\/2023\/11\/ggg-548x365.jpg",548,365,true],"large":["https:\/\/arantv.az\/wp-content\/uploads\/2023\/11\/ggg.jpg",620,413,false],"1536x1536":["https:\/\/arantv.az\/wp-content\/uploads\/2023\/11\/ggg.jpg",620,413,false],"2048x2048":["https:\/\/arantv.az\/wp-content\/uploads\/2023\/11\/ggg.jpg",620,413,false],"post-thumbnail":["https:\/\/arantv.az\/wp-content\/uploads\/2023\/11\/ggg-240x172.jpg",240,172,true],"advps-thumb-one":["https:\/\/arantv.az\/wp-content\/uploads\/2023\/11\/ggg.jpg",620,413,false]},"rttpg_author":{"display_name":"V\u00fcsal Rafiqo\u011flu","author_link":"https:\/\/arantv.az\/?author=2"},"rttpg_comment":0,"rttpg_category":"<a href=\"https:\/\/arantv.az\/?cat=4\" rel=\"category\">Siyas\u0259t<\/a>","rttpg_excerpt":"T\u00fcrkiy\u0259 C\u00fcmhuriyy\u0259tinin qurucusu Mustafa Kamal Atat\u00fcrk\u00fcn v\u0259fat\u0131n\u0131n 85-ci ild\u00f6n\u00fcm\u00fc Bak\u0131da an\u0131l\u0131b. \u201cReport\u201dun x\u0259b\u0259rin\u0259 g\u00f6r\u0259, Atat\u00fcrk\u00fcn abid\u0259si \u00f6n\u00fcnd\u0259 ke\u00e7iril\u0259n an\u0131m m\u0259rasimind\u0259 T\u00fcrkiy\u0259nin Az\u0259rbaycandak\u0131 s\u0259firi Cahit Ba\u011f\u00e7\u0131, s\u0259firliyin \u0259m\u0259kda\u015flar\u0131, qarda\u015f \u00f6lk\u0259nin d\u00f6vl\u0259t qurumlar\u0131n\u0131n n\u00fcmay\u0259nd\u0259l\u0259ri v\u0259 t\u0259l\u0259b\u0259l\u0259r i\u015ftirak edibl\u0259r. T\u0259dbird\u0259 \u015eimali Kipr T\u00fcrk Respublikas\u0131n\u0131n (\u015eKTR) ba\u015f nazirinin m\u00fcavini, turizm, m\u0259d\u0259niyy\u0259t, g\u0259nclik v\u0259 \u0259traf m\u00fchit naziri Fikri Atao\u011flu da&hellip;","_links":{"self":[{"href":"https:\/\/arantv.az\/index.php?rest_route=\/wp\/v2\/posts\/654782"}],"collection":[{"href":"https:\/\/arantv.az\/index.php?rest_route=\/wp\/v2\/posts"}],"about":[{"href":"https:\/\/arantv.az\/index.php?rest_route=\/wp\/v2\/types\/post"}],"author":[{"embeddable":true,"href":"https:\/\/arantv.az\/index.php?rest_route=\/wp\/v2\/users\/2"}],"replies":[{"embeddable":true,"href":"https:\/\/arantv.az\/index.php?rest_route=%2Fwp%2Fv2%2Fcomments&post=654782"}],"version-history":[{"count":0,"href":"https:\/\/arantv.az\/index.php?rest_route=\/wp\/v2\/posts\/654782\/revisions"}],"wp:featuredmedia":[{"embeddable":true,"href":"https:\/\/arantv.az\/index.php?rest_route=\/wp\/v2\/media\/654783"}],"wp:attachment":[{"href":"https:\/\/arantv.az\/index.php?rest_route=%2Fwp%2Fv2%2Fmedia&parent=654782"}],"wp:term":[{"taxonomy":"category","embeddable":true,"href":"https:\/\/arantv.az\/index.php?rest_route=%2Fwp%2Fv2%2Fcategories&post=654782"},{"taxonomy":"post_tag","embeddable":true,"href":"https:\/\/arantv.az\/index.php?rest_route=%2Fwp%2Fv2%2Ftags&post=654782"}],"curies":[{"name":"wp","href":"https:\/\/api.w.org\/{rel}","templated":true}]}}