{"id":654832,"date":"2023-11-10T19:49:20","date_gmt":"2023-11-10T15:49:20","guid":{"rendered":"https:\/\/arantv.az\/?p=654832"},"modified":"2023-11-10T19:49:20","modified_gmt":"2023-11-10T15:49:20","slug":"amada-nin-icraci-direktoru-avropa-surasinin-antidopinq-uzr%c9%99-monitorinq-qrupunun-iclasinda-istirak-edib","status":"publish","type":"post","link":"https:\/\/arantv.az\/?p=654832","title":{"rendered":"AMADA-n\u0131n icra\u00e7\u0131 direktoru Avropa \u015euras\u0131n\u0131n Antidopinq \u00fczr\u0259 Monitorinq qrupunun iclas\u0131nda i\u015ftirak edib"},"content":{"rendered":"<p>Az\u0259rbaycan Milli Antidopinq Agentliyinin (AMADA) icra\u00e7\u0131 direktoru T\u0259hmin\u0259 Ta\u011f\u0131-zad\u0259 Avropa \u015euras\u0131n\u0131n (A\u015e) Antidopinq Konvensiyas\u0131 (T-DO) Monitorinq Qrupunun 57-ci iclas\u0131nda i\u015ftirak edib.<\/p>\n<p>AMADA-dan veril\u0259n m\u0259lumata g\u00f6r\u0259, noyabr\u0131n 9-da Fransan\u0131n Strasburq \u015f\u0259h\u0259rind\u0259 ba\u015flayan a\u00e7\u0131q plenar iclas institusional v\u0259 inzibati m\u0259s\u0259l\u0259l\u0259r\u0259, o c\u00fcml\u0259d\u0259n \u00f6t\u0259n iclas\u0131n g\u00fcnd\u0259liyinin v\u0259 hesabat\u0131n\u0131n q\u0259buluna h\u0259sr olunub.<\/p>\n<p>N\u00fcmay\u0259nd\u0259 hey\u0259tl\u0259ri \u018flaq\u0259l\u0259ndirici Qrupun f\u0259aliyy\u0259ti il\u0259 ba\u011fl\u0131 yenil\u0259nmi\u015f m\u0259lumatlara, Katibliyin hesabat\u0131na v\u0259 dig\u0259r i\u015f\u00e7i s\u0259n\u0259dl\u0259r\u0259 bax\u0131blar. T-DO m\u0259sl\u0259h\u0259t qruplar\u0131 t\u0259hsil v\u0259 elmi m\u0259s\u0259l\u0259l\u0259r, h\u0259m\u00e7inin h\u00fcquqi v\u0259 dig\u0259r aspektl\u0259r \u00fczr\u0259 yenilikl\u0259ri t\u0259qdim edibl\u0259r.<\/p>\n<p>Noyabr\u0131n 10-da iclasda antidopinq standartlar\u0131n\u0131n m\u00fc\u0259yy\u0259n edilm\u0259si m\u0259s\u0259l\u0259l\u0259ri, antidopinq agentl\u0259rinin farmakoloji sinifl\u0259rinin q\u0259bulu, T-DO-nun strategiyas\u0131 v\u0259 \u0259m\u0259liyyat proqram\u0131 \u00fczr\u0259 t\u0259r\u0259qqi hesabat\u0131, antidopinq sah\u0259sind\u0259 \u0259dal\u0259tli proses \u00fc\u00e7\u00fcn t\u00f6vsiy\u0259l\u0259rin icras\u0131 m\u00fczakir\u0259 olunub. \u0130\u015ftirak\u00e7\u0131 \u00f6lk\u0259l\u0259rd\u0259 monitorinq m\u0259s\u0259l\u0259l\u0259ri qiyabi m\u00fczakir\u0259 edilib, Bel\u00e7ika, Fransa, Macar\u0131stan v\u0259 Albaniya \u00fc\u00e7\u00fcn \u0259trafl\u0131 qiym\u0259tl\u0259ndirm\u0259l\u0259r apar\u0131l\u0131b.<\/p>\n<p>\u0130clas illik Milli Antidopinq Siyas\u0259ti Sor\u011fusunun m\u00fczakir\u0259si v\u0259 g\u0259l\u0259c\u0259k g\u00f6r\u00fc\u015fl\u0259rin planla\u015fd\u0131r\u0131lmas\u0131 il\u0259 yekunla\u015f\u0131b. Avropa \u015euras\u0131n\u0131n dig\u0259r qurumlar\u0131 v\u0259 xarici t\u0259r\u0259fda\u015flarla \u0259m\u0259kda\u015fl\u0131\u011f\u0131n m\u00fczakir\u0259si d\u0259 t\u0259dbirin g\u00fcnd\u0259liyind\u0259 yer al\u0131b.<\/p>\n<p>T\u0259dbird\u0259 Az\u0259rbaycan G\u0259ncl\u0259r v\u0259 \u0130dman Nazirliyinin Tibbi t\u0259minat sektorunun m\u0259sl\u0259h\u0259t\u00e7isi Az\u0259r M\u0259mm\u0259dov, AMADA-n\u0131n Elm \u015f\u00f6b\u0259sinin m\u00fcdiri R\u00fcf\u0259t Efendiyev v\u0259 H\u00fcquq \u015f\u00f6b\u0259sinin r\u0259hb\u0259ri F\u0259rhad Abasov da i\u015ftirak edibl\u0259r.<\/p>\n","protected":false},"excerpt":{"rendered":"<p>Az\u0259rbaycan Milli Antidopinq Agentliyinin (AMADA) icra\u00e7\u0131 direktoru T\u0259hmin\u0259 Ta\u011f\u0131-zad\u0259 Avropa \u015euras\u0131n\u0131n (A\u015e) Antidopinq Konvensiyas\u0131 (T-DO) Monitorinq Qrupunun 57-ci iclas\u0131nda i\u015ftirak edib. AMADA-dan veril\u0259n m\u0259lumata g\u00f6r\u0259, noyabr\u0131n 9-da Fransan\u0131n Strasburq \u015f\u0259h\u0259rind\u0259 ba\u015flayan a\u00e7\u0131q plenar iclas institusional v\u0259 inzibati m\u0259s\u0259l\u0259l\u0259r\u0259, o c\u00fcml\u0259d\u0259n \u00f6t\u0259n iclas\u0131n g\u00fcnd\u0259liyinin v\u0259 hesabat\u0131n\u0131n q\u0259buluna h\u0259sr olunub. N\u00fcmay\u0259nd\u0259 hey\u0259tl\u0259ri \u018flaq\u0259l\u0259ndirici Qrupun f\u0259aliyy\u0259ti il\u0259 ba\u011fl\u0131 yenil\u0259nmi\u015f m\u0259lumatlara, Katibliyin hesabat\u0131na v\u0259 dig\u0259r i\u015f\u00e7i s\u0259n\u0259dl\u0259r\u0259 bax\u0131blar. T-DO m\u0259sl\u0259h\u0259t qruplar\u0131 t\u0259hsil v\u0259 elmi m\u0259s\u0259l\u0259l\u0259r, h\u0259m\u00e7inin h\u00fcquqi v\u0259 dig\u0259r aspektl\u0259r \u00fczr\u0259 yenilikl\u0259ri t\u0259qdim edibl\u0259r. Noyabr\u0131n 10-da iclasda antidopinq standartlar\u0131n\u0131n m\u00fc\u0259yy\u0259n edilm\u0259si m\u0259s\u0259l\u0259l\u0259ri, antidopinq agentl\u0259rinin&hellip;<\/p>\n","protected":false},"author":2,"featured_media":654835,"comment_status":"closed","ping_status":"closed","sticky":false,"template":"","format":"standard","meta":{"om_disable_all_campaigns":false,"_monsterinsights_skip_tracking":false,"_monsterinsights_sitenote_active":false,"_monsterinsights_sitenote_note":"","_monsterinsights_sitenote_category":0},"categories":[4],"tags":[],"aioseo_notices":[],"gutentor_comment":0,"rttpg_featured_image_url":{"full":["https:\/\/arantv.az\/wp-content\/uploads\/2023\/11\/a028c71b-5aa9-3fd2-9bb5-3090dc394c09_850.jpg",620,413,false],"landscape":["https:\/\/arantv.az\/wp-content\/uploads\/2023\/11\/a028c71b-5aa9-3fd2-9bb5-3090dc394c09_850.jpg",620,413,false],"portraits":["https:\/\/arantv.az\/wp-content\/uploads\/2023\/11\/a028c71b-5aa9-3fd2-9bb5-3090dc394c09_850.jpg",620,413,false],"thumbnail":["https:\/\/arantv.az\/wp-content\/uploads\/2023\/11\/a028c71b-5aa9-3fd2-9bb5-3090dc394c09_850-500x280.jpg",500,280,true],"medium":["https:\/\/arantv.az\/wp-content\/uploads\/2023\/11\/a028c71b-5aa9-3fd2-9bb5-3090dc394c09_850-548x365.jpg",548,365,true],"large":["https:\/\/arantv.az\/wp-content\/uploads\/2023\/11\/a028c71b-5aa9-3fd2-9bb5-3090dc394c09_850.jpg",620,413,false],"1536x1536":["https:\/\/arantv.az\/wp-content\/uploads\/2023\/11\/a028c71b-5aa9-3fd2-9bb5-3090dc394c09_850.jpg",620,413,false],"2048x2048":["https:\/\/arantv.az\/wp-content\/uploads\/2023\/11\/a028c71b-5aa9-3fd2-9bb5-3090dc394c09_850.jpg",620,413,false],"post-thumbnail":["https:\/\/arantv.az\/wp-content\/uploads\/2023\/11\/a028c71b-5aa9-3fd2-9bb5-3090dc394c09_850-240x172.jpg",240,172,true],"advps-thumb-one":["https:\/\/arantv.az\/wp-content\/uploads\/2023\/11\/a028c71b-5aa9-3fd2-9bb5-3090dc394c09_850.jpg",620,413,false]},"rttpg_author":{"display_name":"V\u00fcsal Rafiqo\u011flu","author_link":"https:\/\/arantv.az\/?author=2"},"rttpg_comment":0,"rttpg_category":"<a href=\"https:\/\/arantv.az\/?cat=4\" rel=\"category\">Siyas\u0259t<\/a>","rttpg_excerpt":"Az\u0259rbaycan Milli Antidopinq Agentliyinin (AMADA) icra\u00e7\u0131 direktoru T\u0259hmin\u0259 Ta\u011f\u0131-zad\u0259 Avropa \u015euras\u0131n\u0131n (A\u015e) Antidopinq Konvensiyas\u0131 (T-DO) Monitorinq Qrupunun 57-ci iclas\u0131nda i\u015ftirak edib. AMADA-dan veril\u0259n m\u0259lumata g\u00f6r\u0259, noyabr\u0131n 9-da Fransan\u0131n Strasburq \u015f\u0259h\u0259rind\u0259 ba\u015flayan a\u00e7\u0131q plenar iclas institusional v\u0259 inzibati m\u0259s\u0259l\u0259l\u0259r\u0259, o c\u00fcml\u0259d\u0259n \u00f6t\u0259n iclas\u0131n g\u00fcnd\u0259liyinin v\u0259 hesabat\u0131n\u0131n q\u0259buluna h\u0259sr olunub. N\u00fcmay\u0259nd\u0259 hey\u0259tl\u0259ri \u018flaq\u0259l\u0259ndirici Qrupun f\u0259aliyy\u0259ti il\u0259 ba\u011fl\u0131&hellip;","_links":{"self":[{"href":"https:\/\/arantv.az\/index.php?rest_route=\/wp\/v2\/posts\/654832"}],"collection":[{"href":"https:\/\/arantv.az\/index.php?rest_route=\/wp\/v2\/posts"}],"about":[{"href":"https:\/\/arantv.az\/index.php?rest_route=\/wp\/v2\/types\/post"}],"author":[{"embeddable":true,"href":"https:\/\/arantv.az\/index.php?rest_route=\/wp\/v2\/users\/2"}],"replies":[{"embeddable":true,"href":"https:\/\/arantv.az\/index.php?rest_route=%2Fwp%2Fv2%2Fcomments&post=654832"}],"version-history":[{"count":0,"href":"https:\/\/arantv.az\/index.php?rest_route=\/wp\/v2\/posts\/654832\/revisions"}],"wp:featuredmedia":[{"embeddable":true,"href":"https:\/\/arantv.az\/index.php?rest_route=\/wp\/v2\/media\/654835"}],"wp:attachment":[{"href":"https:\/\/arantv.az\/index.php?rest_route=%2Fwp%2Fv2%2Fmedia&parent=654832"}],"wp:term":[{"taxonomy":"category","embeddable":true,"href":"https:\/\/arantv.az\/index.php?rest_route=%2Fwp%2Fv2%2Fcategories&post=654832"},{"taxonomy":"post_tag","embeddable":true,"href":"https:\/\/arantv.az\/index.php?rest_route=%2Fwp%2Fv2%2Ftags&post=654832"}],"curies":[{"name":"wp","href":"https:\/\/api.w.org\/{rel}","templated":true}]}}