{"id":654836,"date":"2023-11-10T19:49:59","date_gmt":"2023-11-10T15:49:59","guid":{"rendered":"https:\/\/arantv.az\/?p=654836"},"modified":"2023-11-10T19:49:59","modified_gmt":"2023-11-10T15:49:59","slug":"fransa-erm%c9%99ni-liderl%c9%99rin-s%c9%99r-v%c9%99-bohtan-m%c9%99rk%c9%99zin%c9%99-cevrilir-s%c9%99rh-foto","status":"publish","type":"post","link":"https:\/\/arantv.az\/?p=654836","title":{"rendered":"Fransa erm\u0259ni liderl\u0259rin \u015f\u0259r v\u0259 b\u00f6htan m\u0259rk\u0259zin\u0259 \u00e7evrilir &#8211; \u015e\u018fRH + FOTO"},"content":{"rendered":"<p>Saxtakarl\u0131q, b\u00f6htan v\u0259 yalan erm\u0259nil\u0259rin tarix boyu istifad\u0259 etdiyi, yararland\u0131\u011f\u0131 \u0259sas t\u0259bli\u011fat vasit\u0259si olub. Uzun ill\u0259rdir qon\u015fu xalqlar\u0131, x\u00fcsusil\u0259 d\u0259 az\u0259rbaycanl\u0131lar\u0131n tarixini, m\u0259d\u0259niyy\u0259tini t\u0259hrif etm\u0259kd\u0259 \u201custa\u201d olan xalq h\u0259qiq\u0259td\u0259n uzaq, faktlara v\u0259 elmi d\u0259lill\u0259r\u0259 \u0259saslanmayan yalan\u0131 yeritm\u0259y\u0259 \u00e7al\u0131\u015f\u0131b. T\u0259\u0259ss\u00fcfl\u0259r olsun ki, ald\u0131qlar\u0131 a\u011f\u0131r d\u0259rsl\u0259rd\u0259n n\u0259tic\u0259 \u00e7\u0131xarm\u0131r, \u00e7irkin x\u0259tti davam etdirirl\u0259r. \u0130kinci Qaraba\u011f m\u00fcharib\u0259sind\u0259n sonra da \u00e7irkin t\u0259bli\u011fat yeni ampluada davam edir. Hakimiyy\u0259td\u0259 t\u0259msil olunan y\u00fcks\u0259k v\u0259zif\u0259li \u015f\u0259xsl\u0259r yalan, aldad\u0131c\u0131 v\u0259 b\u00f6htan dolu x\u0259b\u0259rl\u0259rl\u0259 d\u00fcnya ictimaiyy\u0259tini aldatmaqda davam edirl\u0259r. Qaraba\u011f m\u00fcnaqi\u015f\u0259sinin ba\u015fa \u00e7atmas\u0131 il\u0259 regionda s\u00fclh v\u0259 \u0259min-amanl\u0131\u011fa t\u00f6hf\u0259 verm\u0259k \u0259v\u0259zin\u0259, Az\u0259rbaycan\u0131n \u00fcnvan\u0131na h\u0259dyanlar v\u0259 b\u00f6htan dolu a\u00e7\u0131qlamalar verm\u0259kl\u0259 s\u00fclh prosesin\u0259 \u0259ng\u0259l yaratma\u011fa \u00e7al\u0131\u015f\u0131l\u0131r.<\/p>\n<p>V\u0259 yen\u0259 d\u0259 tribuna kimi Fransa g\u00f6t\u00fcr\u00fcl\u00fcb. Fransada s\u0259f\u0259rd\u0259 olan Erm\u0259nistan r\u0259hb\u0259rliyi &#8211; ba\u015f nazir Nikol Pa\u015finyan Qaraba\u011fdan erm\u0259nil\u0259rin \u201czorla k\u00f6\u00e7\u00fcr\u00fclm\u0259si\u201d, \u201cetnik t\u0259mizl\u0259m\u0259\u201dd\u0259n d\u0259m vurub, xarici i\u015fl\u0259r naziri Ararat Mirzoyan is\u0259 erm\u0259ni t\u0259siri alt\u0131nda olan UNESCO-nun ba\u015f konfrans\u0131nda Az\u0259rbaycan\u0131 h\u0259d\u0259f\u0259 al\u0131b. Nazir h\u0259yas\u0131zcas\u0131na Qaraba\u011fda m\u0259d\u0259ni-dini abid\u0259l\u0259rin \u201cvandalizm v\u0259 qar\u0259t\u201d olunmas\u0131n\u0131n qar\u015f\u0131s\u0131n\u0131 al\u0131nmas\u0131 v\u0259 qorunmas\u0131 \u00fc\u00e7\u00fcn z\u0259ruri add\u0131mlar\u0131n at\u0131lmas\u0131 bar\u0259d\u0259 dan\u0131\u015f\u0131b. He\u00e7 bir fakt ortaya qoymadan i\u015f\u011faldan azad olunan \u0259razil\u0259rd\u0259 \u201cda\u011f\u0131d\u0131lan\u201d dini v\u0259 m\u0259d\u0259ni abid\u0259l\u0259rd\u0259n b\u0259hs edib.<\/p>\n<p><img src=\"https:\/\/cdn.oxu.az\/uploads\/W1siZiIsIjIwMjMvMTEvMTAvMTcvMjMvMjQvM2QxMjM3YWItMjZmMy00YjVlLWIzMmMtMWJiNTM5YThlNDZjLzk1ZGRjZDJiLWY0MzctM2MxYy1hMGNlLTk0MzJmYTc4NzY5NS5qcGciXSxbInAiLCJlbmNvZGUiLCJqcGciLCItcXVhbGl0eSA4MCJdLFsicCIsInRodW1iIiwiNTkweDU5MFx1MDAzZSJdXQ?sha=c266a707c8d73ae0\" alt=\"\" \/><\/p>\n<p>\u0130\u015f\u011fal d\u00f6vr\u00fcnd\u0259 Az\u0259rbaycan torpaqlar\u0131nda vandalizm\u0259 yol ver\u0259n, \u015f\u0259h\u0259r v\u0259 k\u0259ndl\u0259ri viran qoyan, m\u0259scidl\u0259ri donuz fermas\u0131na \u00e7evir\u0259nl\u0259r indi durub \u0259dal\u0259td\u0259n, haqdan d\u0259m vurur. Halbuki m\u0259hz Erm\u0259nistan\u0131n i\u015f\u011fal\u00e7\u0131l\u0131q siyas\u0259ti n\u0259tic\u0259sind\u0259 Az\u0259rbaycan xalq\u0131na m\u0259xsus \u00e7ox\u0259srlik q\u0259dim tarixi-dini abid\u0259l\u0259r da\u011f\u0131d\u0131l\u0131b, yerl\u0259 bir edilib, onlar\u0131n bir qismi is\u0259 saxtala\u015fd\u0131r\u0131laraq erm\u0259nil\u0259\u015fdirilib. T\u0259cav\u00fczkar d\u00f6vl\u0259tin bu c\u00fcr vandal \u0259m\u0259ll\u0259r\u0259 \u0259l atmaqda \u0259sas m\u0259qs\u0259di minillikl\u0259r \u0259rzind\u0259 ya\u015fad\u0131\u011f\u0131m\u0131z torpaqlarda h\u0259m tarixi ke\u00e7mi\u015fimizi, h\u0259m d\u0259 m\u0259n\u0259vi yadda\u015f\u0131m\u0131z\u0131 m\u0259hv etm\u0259k olub. Torpaqlar\u0131m\u0131z\u0131n i\u015f\u011faldan azad olunmas\u0131ndan sonra ortaya \u00e7\u0131xan m\u0259nz\u0259r\u0259 d\u00fc\u015fm\u0259nin bu \u0259razil\u0259ri tamamil\u0259 da\u011f\u0131td\u0131\u011f\u0131n\u0131 g\u00f6st\u0259rdi. \u0130\u015f\u011faldan azad olunmu\u015f \u0259razil\u0259rimizd\u0259 indiy\u0259d\u0259k t\u0259sbit olunan tarixi-dini abid\u0259l\u0259rd\u0259n 67-si m\u0259scid, onlarla m\u0259b\u0259d, 192-si ziyar\u0259tgahd\u0131r. \u0130\u015f\u011faldan azad olunmu\u015f \u0259razil\u0259rimizd\u0259ki 67 m\u0259scidd\u0259n (\u015eu\u015fada 18, A\u011fdamda 5, F\u00fczulid\u0259 19, Z\u0259ngilanda 6, C\u0259bray\u0131lda 5, Qubadl\u0131da 8, La\u00e7\u0131nda 3, K\u0259lb\u0259c\u0259rd\u0259 2, Xocav\u0259ndd\u0259 1) 65-i tamamil\u0259, 2-si is\u0259 qism\u0259n da\u011f\u0131d\u0131laraq yarars\u0131z hala sal\u0131n\u0131b.<\/p>\n<p>Yeri g\u0259lmi\u015fk\u0259n, Erm\u0259nistan\u0131n ba\u015f naziri v\u0259 X\u0130N r\u0259hb\u0259rinin ard\u0131nca prezident Vaaqn Xa\u00e7aturyan erm\u0259ni xisl\u0259tin\u0259 uy\u011fun olaraq yalan dan\u0131\u015f\u0131b. \u0130srailin \u201cHaaretz\u201d q\u0259zetin\u0259 m\u00fcsahib\u0259sind\u0259 Az\u0259rbaycanda Erm\u0259nistana qar\u015f\u0131 guya erm\u0259nifobiyan\u0131n olmas\u0131ndan d\u0259m vurub. Bel\u0259 yerd\u0259 \u201cutanmasan oynama\u011fa n\u0259 var ki?!\u201d atalar s\u00f6z\u00fcm\u00fcz yada d\u00fc\u015f\u00fcr. Erm\u0259nistanda onillikl\u0259r boyu u\u015faqdan b\u00f6y\u00fcy\u0259 q\u0259d\u0259r t\u00fcrk d\u00fc\u015fm\u0259n\u00e7iliyi, az\u0259rbaycanofobiya \u0259sas x\u0259tt kimi ke\u00e7diyi halda, iddia edib ki, \u00f6lk\u0259sind\u0259 bir d\u0259rslikd\u0259 bel\u0259 Az\u0259rbaycana nifr\u0259t a\u015f\u0131lanm\u0131r. \u0130ddia edib ki, \u00f6lk\u0259mizd\u0259 g\u0259nclik erm\u0259nil\u0259r\u0259 nifr\u0259t ruhunda b\u00f6y\u00fcd\u00fcl\u00fcr.<\/p>\n<p><img src=\"https:\/\/cdn.oxu.az\/uploads\/W1siZiIsIjIwMjMvMTEvMTAvMTcvMjMvMjQvYzkzZTQ5ZjQtZGEyYy00M2JiLTk4MWUtYzJiZjA4NDRkZWJlLzMxMGFiMDFlLWRlOTUtMzY3Mi05YzdjLTA3ZjlkMjAzMjJmOC5qcGciXSxbInAiLCJlbmNvZGUiLCJqcGciLCItcXVhbGl0eSA4MCJdLFsicCIsInRodW1iIiwiNTkweDU5MFx1MDAzZSJdXQ?sha=64cb294368f00e60\" alt=\"\" \/><\/p>\n<p>Prezidentin m\u00fcsahib\u0259sind\u0259 \u0259n maraql\u0131 m\u0259qam onun Erm\u0259nistanda antisemitizmin olmamas\u0131n\u0131 iddia etm\u0259si olub. \u201cErm\u0259nistan\u0131 he\u00e7 bir zaman d\u00fc\u015fm\u0259n g\u00f6z\u00fcnd\u0259 g\u00f6rm\u0259yin. Biz \u0130sraili dost g\u00f6z\u00fcnd\u0259 g\u00f6r\u00fcr\u00fck\u201d, &#8211; dey\u0259n prezidentin s\u00f6zl\u0259rini y\u0259qin ki, israilli jurnalist g\u00fcl\u00fc\u015fl\u0259 qar\u015f\u0131lay\u0131b.<\/p>\n<p>M\u0259s\u0259l\u0259n, Q\u0259zzada H\u018fMAS-\u0131n ba\u015flatd\u0131\u011f\u0131 m\u00fcharib\u0259d\u0259n sonra erm\u0259ni x\u0259b\u0259r saytlar\u0131nda, \u201cTelegram\u201d kanallar\u0131nda h\u0259lak olan y\u0259hudil\u0259rl\u0259 ba\u011fl\u0131 a\u00e7\u0131q sevinc, t\u0259hqirl\u0259r pik h\u0259dd\u0259 \u00e7at\u0131b.<br \/>\nXat\u0131rladaq ki, 2020-ci il m\u00fcharib\u0259sind\u0259 Qaraba\u011f separat\u00e7\u0131lar\u0131n\u0131n haz\u0131rda Bak\u0131da h\u0259bsd\u0259 saxlan\u0131lan ke\u00e7mi\u015f lideri Arayik Arutunyan \u0130sraili erm\u0259nil\u0259r\u0259 qar\u015f\u0131 \u201csoyq\u0131r\u0131m\u0131\u201dda i\u015ftirak etm\u0259kd\u0259 ittiham etmi\u015fdi. H\u0259tta Livanda erm\u0259nil\u0259r h\u0259min m\u00fcharib\u0259 zaman\u0131 etiraz aksiyas\u0131nda T\u00fcrkiy\u0259 v\u0259 Az\u0259rbaycan bayraqlar\u0131 il\u0259 birlikd\u0259 \u0130srail bayra\u011f\u0131n\u0131 da yand\u0131rm\u0131\u015fd\u0131lar. Erm\u0259nil\u0259rin b\u00fct\u00f6vl\u00fckd\u0259 y\u0259hudil\u0259r\u0259 nifr\u0259ti 100 il bundan \u0259vv\u0259l\u0259 gedib \u00e7\u0131x\u0131r. T\u0259k bir misal \u00e7\u0259km\u0259k olar &#8211; 1918-ci ilin aprel-may aylar\u0131nda da\u015fnaklar\u0131n Quba q\u0259zas\u0131nda q\u0259tl\u0259 yetirdiyi 36 782 n\u0259f\u0259rin aras\u0131nda 3 min\u0259 yax\u0131n y\u0259hudi olub.<\/p>\n<p><img src=\"https:\/\/cdn.oxu.az\/uploads\/W1siZiIsIjIwMjMvMTEvMTAvMTcvMjMvMjQvNjY2MDcxMTktNmQzZS00ODliLWI2ODUtYjFkNDA0Nzk2MmEwLzI2Y2Y2ZjdmLWJhYjctMzkzZi1hNTQ1LTg0MDMzMzgyZTZjZi5qcGciXSxbInAiLCJlbmNvZGUiLCJqcGciLCItcXVhbGl0eSA4MCJdLFsicCIsInRodW1iIiwiNTkweDU5MFx1MDAzZSJdXQ?sha=f2a9938839a3d05b\" alt=\"\" \/>Bel\u0259likl\u0259, b\u00fct\u00fcn bunlardan bel\u0259 n\u0259tic\u0259y\u0259 g\u0259lm\u0259k m\u00fcmk\u00fcnd\u00fcr ki, Erm\u0259nistan hakimiyy\u0259ti ald\u0131\u011f\u0131 a\u011f\u0131r m\u0259\u011flubiyy\u0259tl\u0259r\u0259 r\u0259\u011fm\u0259n yen\u0259 d\u0259 xalq\u0131n\u0131 mill\u0259t\u00e7ilik, yalan v\u0259 b\u00f6htanla z\u0259h\u0259rl\u0259m\u0259kd\u0259 davam edir. Lakin anlamaq ist\u0259mir ki, bu siyas\u0259tin sonu yoxdur. He\u00e7 bir xalqa mill\u0259t\u00e7ilik, d\u00fc\u015fm\u0259n\u00e7ilik fayda g\u0259tirm\u0259yib.<\/p>\n<p><strong>\u201cReport\u201d \u0130nformasiya Agentliyi<\/strong><\/p>\n","protected":false},"excerpt":{"rendered":"<p>Saxtakarl\u0131q, b\u00f6htan v\u0259 yalan erm\u0259nil\u0259rin tarix boyu istifad\u0259 etdiyi, yararland\u0131\u011f\u0131 \u0259sas t\u0259bli\u011fat vasit\u0259si olub. Uzun ill\u0259rdir qon\u015fu xalqlar\u0131, x\u00fcsusil\u0259 d\u0259 az\u0259rbaycanl\u0131lar\u0131n tarixini, m\u0259d\u0259niyy\u0259tini t\u0259hrif etm\u0259kd\u0259 \u201custa\u201d olan xalq h\u0259qiq\u0259td\u0259n uzaq, faktlara v\u0259 elmi d\u0259lill\u0259r\u0259 \u0259saslanmayan yalan\u0131 yeritm\u0259y\u0259 \u00e7al\u0131\u015f\u0131b. T\u0259\u0259ss\u00fcfl\u0259r olsun ki, ald\u0131qlar\u0131 a\u011f\u0131r d\u0259rsl\u0259rd\u0259n n\u0259tic\u0259 \u00e7\u0131xarm\u0131r, \u00e7irkin x\u0259tti davam etdirirl\u0259r. \u0130kinci Qaraba\u011f m\u00fcharib\u0259sind\u0259n sonra da \u00e7irkin t\u0259bli\u011fat yeni ampluada davam edir. Hakimiyy\u0259td\u0259 t\u0259msil olunan y\u00fcks\u0259k v\u0259zif\u0259li \u015f\u0259xsl\u0259r yalan, aldad\u0131c\u0131 v\u0259 b\u00f6htan dolu x\u0259b\u0259rl\u0259rl\u0259 d\u00fcnya ictimaiyy\u0259tini aldatmaqda davam edirl\u0259r. Qaraba\u011f m\u00fcnaqi\u015f\u0259sinin ba\u015fa \u00e7atmas\u0131 il\u0259 regionda s\u00fclh v\u0259 \u0259min-amanl\u0131\u011fa t\u00f6hf\u0259 verm\u0259k \u0259v\u0259zin\u0259,&hellip;<\/p>\n","protected":false},"author":2,"featured_media":654840,"comment_status":"closed","ping_status":"closed","sticky":false,"template":"","format":"standard","meta":{"om_disable_all_campaigns":false,"_monsterinsights_skip_tracking":false,"_monsterinsights_sitenote_active":false,"_monsterinsights_sitenote_note":"","_monsterinsights_sitenote_category":0},"categories":[4],"tags":[],"aioseo_notices":[],"gutentor_comment":0,"rttpg_featured_image_url":{"full":["https:\/\/arantv.az\/wp-content\/uploads\/2023\/11\/9ec69bd7-814e-3c0a-885c-c7d4f24d3812_850-1.jpg",620,413,false],"landscape":["https:\/\/arantv.az\/wp-content\/uploads\/2023\/11\/9ec69bd7-814e-3c0a-885c-c7d4f24d3812_850-1.jpg",620,413,false],"portraits":["https:\/\/arantv.az\/wp-content\/uploads\/2023\/11\/9ec69bd7-814e-3c0a-885c-c7d4f24d3812_850-1.jpg",620,413,false],"thumbnail":["https:\/\/arantv.az\/wp-content\/uploads\/2023\/11\/9ec69bd7-814e-3c0a-885c-c7d4f24d3812_850-1-500x280.jpg",500,280,true],"medium":["https:\/\/arantv.az\/wp-content\/uploads\/2023\/11\/9ec69bd7-814e-3c0a-885c-c7d4f24d3812_850-1-548x365.jpg",548,365,true],"large":["https:\/\/arantv.az\/wp-content\/uploads\/2023\/11\/9ec69bd7-814e-3c0a-885c-c7d4f24d3812_850-1.jpg",620,413,false],"1536x1536":["https:\/\/arantv.az\/wp-content\/uploads\/2023\/11\/9ec69bd7-814e-3c0a-885c-c7d4f24d3812_850-1.jpg",620,413,false],"2048x2048":["https:\/\/arantv.az\/wp-content\/uploads\/2023\/11\/9ec69bd7-814e-3c0a-885c-c7d4f24d3812_850-1.jpg",620,413,false],"post-thumbnail":["https:\/\/arantv.az\/wp-content\/uploads\/2023\/11\/9ec69bd7-814e-3c0a-885c-c7d4f24d3812_850-1-240x172.jpg",240,172,true],"advps-thumb-one":["https:\/\/arantv.az\/wp-content\/uploads\/2023\/11\/9ec69bd7-814e-3c0a-885c-c7d4f24d3812_850-1.jpg",620,413,false]},"rttpg_author":{"display_name":"V\u00fcsal Rafiqo\u011flu","author_link":"https:\/\/arantv.az\/?author=2"},"rttpg_comment":0,"rttpg_category":"<a href=\"https:\/\/arantv.az\/?cat=4\" rel=\"category\">Siyas\u0259t<\/a>","rttpg_excerpt":"Saxtakarl\u0131q, b\u00f6htan v\u0259 yalan erm\u0259nil\u0259rin tarix boyu istifad\u0259 etdiyi, yararland\u0131\u011f\u0131 \u0259sas t\u0259bli\u011fat vasit\u0259si olub. Uzun ill\u0259rdir qon\u015fu xalqlar\u0131, x\u00fcsusil\u0259 d\u0259 az\u0259rbaycanl\u0131lar\u0131n tarixini, m\u0259d\u0259niyy\u0259tini t\u0259hrif etm\u0259kd\u0259 \u201custa\u201d olan xalq h\u0259qiq\u0259td\u0259n uzaq, faktlara v\u0259 elmi d\u0259lill\u0259r\u0259 \u0259saslanmayan yalan\u0131 yeritm\u0259y\u0259 \u00e7al\u0131\u015f\u0131b. T\u0259\u0259ss\u00fcfl\u0259r olsun ki, ald\u0131qlar\u0131 a\u011f\u0131r d\u0259rsl\u0259rd\u0259n n\u0259tic\u0259 \u00e7\u0131xarm\u0131r, \u00e7irkin x\u0259tti davam etdirirl\u0259r. \u0130kinci Qaraba\u011f m\u00fcharib\u0259sind\u0259n sonra da&hellip;","_links":{"self":[{"href":"https:\/\/arantv.az\/index.php?rest_route=\/wp\/v2\/posts\/654836"}],"collection":[{"href":"https:\/\/arantv.az\/index.php?rest_route=\/wp\/v2\/posts"}],"about":[{"href":"https:\/\/arantv.az\/index.php?rest_route=\/wp\/v2\/types\/post"}],"author":[{"embeddable":true,"href":"https:\/\/arantv.az\/index.php?rest_route=\/wp\/v2\/users\/2"}],"replies":[{"embeddable":true,"href":"https:\/\/arantv.az\/index.php?rest_route=%2Fwp%2Fv2%2Fcomments&post=654836"}],"version-history":[{"count":0,"href":"https:\/\/arantv.az\/index.php?rest_route=\/wp\/v2\/posts\/654836\/revisions"}],"wp:featuredmedia":[{"embeddable":true,"href":"https:\/\/arantv.az\/index.php?rest_route=\/wp\/v2\/media\/654840"}],"wp:attachment":[{"href":"https:\/\/arantv.az\/index.php?rest_route=%2Fwp%2Fv2%2Fmedia&parent=654836"}],"wp:term":[{"taxonomy":"category","embeddable":true,"href":"https:\/\/arantv.az\/index.php?rest_route=%2Fwp%2Fv2%2Fcategories&post=654836"},{"taxonomy":"post_tag","embeddable":true,"href":"https:\/\/arantv.az\/index.php?rest_route=%2Fwp%2Fv2%2Ftags&post=654836"}],"curies":[{"name":"wp","href":"https:\/\/api.w.org\/{rel}","templated":true}]}}